{"id":548,"date":"2025-04-21T11:04:21","date_gmt":"2025-04-21T09:04:21","guid":{"rendered":"http:\/\/localhost\/wordpress\/?p=548"},"modified":"2025-06-11T14:32:16","modified_gmt":"2025-06-11T12:32:16","slug":"economia-sostenible-en-cartago-como-la-agricultura-de-precision-fortalece-la-economia-local","status":"publish","type":"post","link":"https:\/\/www2.ual.es\/proyecto_aecid_UAL-ENCA\/2025\/04\/21\/economia-sostenible-en-cartago-como-la-agricultura-de-precision-fortalece-la-economia-local\/","title":{"rendered":"Econom\u00eda sostenible en Cartago: c\u00f3mo la agricultura de precisi\u00f3n fortalece la econom\u00eda local"},"content":{"rendered":"\n[et_pb_section fb_built=\u00bb1&#8243; _builder_version=\u00bb4.27.4&#8243; _module_preset=\u00bbdefault\u00bb custom_padding=\u00bb0px||||false|false\u00bb global_colors_info=\u00bb{}\u00bb][et_pb_row _builder_version=\u00bb4.27.4&#8243; _module_preset=\u00bbdefault\u00bb global_colors_info=\u00bb{}\u00bb][et_pb_column type=\u00bb4_4&#8243; _builder_version=\u00bb4.27.4&#8243; _module_preset=\u00bbdefault\u00bb global_colors_info=\u00bb{}\u00bb][et_pb_text _builder_version=\u00bb4.27.4&#8243; _module_preset=\u00bbdefault\u00bb hover_enabled=\u00bb0&#8243; global_colors_info=\u00bb{}\u00bb sticky_enabled=\u00bb0&#8243;]<p style=\"text-align: justify; line-height: 150%;\"><span style=\"font-family: 'Arial',sans-serif;\">La <strong>sostenibilidad econ\u00f3mica y ambiental<\/strong> son pilares fundamentales para el desarrollo a largo plazo en Cartago, Costa Rica. Actualmente, fortalecer la<strong data-start=\"136\" data-end=\"763\"> econom\u00eda local <\/strong>mediante la innovaci\u00f3n agr\u00edcola es una prioridad<strong data-start=\"136\" data-end=\"763\">. La<\/strong> <strong>agricultura de precisi\u00f3n<\/strong> est\u00e1 emergiendo como una soluci\u00f3n clave para mejorar la eficiencia productiva y econ\u00f3mica local, gracias al proyecto \u00abEmpoderamiento y Sostenibilidad en la Agricultura de Cartago\u00bb, liderado por la Universidad de Almer\u00eda en colaboraci\u00f3n con SERCOM Automation, el Instituto Tecnol\u00f3gico de Costa Rica (TEC) y la Escuela Nacional Central de Agricultura (ENCA).<o:p><\/o:p><\/span><\/p>\n<p style=\"text-align: justify; line-height: 150%;\"><span style=\"font-family: 'Arial',sans-serif;\">La <strong>agricultura<\/strong> de precisi\u00f3n permite optimizar el rendimiento de los cultivos mediante tecnolog\u00edas innovadoras que facilitan una gesti\u00f3n m\u00e1s eficiente y sostenible de los recursos. En el Aula Invernadero Modelo ubicado en el campus del TEC en Cartago, estas tecnolog\u00edas incluyen sistemas inteligentes automatizados para riego y fertilizaci\u00f3n, sensores avanzados que miden la humedad del suelo, condiciones clim\u00e1ticas y nutrici\u00f3n de las plantas, as\u00ed como software especializado que proporciona datos en tiempo real para la toma de decisiones agr\u00edcolas precisas.<o:p><\/o:p><\/span><\/p>\n<p style=\"text-align: justify; line-height: 150%;\"><span style=\"font-family: 'Arial',sans-serif;\">Estas tecnolog\u00edas no solo incrementan la productividad y calidad de los productos agr\u00edcolas, sino que tambi\u00e9n reducen significativamente el uso de recursos esenciales como agua, fertilizantes y energ\u00eda. Esto genera un impacto econ\u00f3mico directo, disminuyendo los costos operativos de los agricultores y aumentando la rentabilidad de sus operaciones.<o:p><\/o:p><\/span><\/p>\n<p style=\"text-align: justify; line-height: 150%;\"><span style=\"font-family: 'Arial',sans-serif;\">Adem\u00e1s, al optimizar el uso de insumos y reducir p\u00e9rdidas en la producci\u00f3n, la agricultura de precisi\u00f3n fortalece la <strong>econom\u00eda local<\/strong> generando empleos cualificados relacionados con la gesti\u00f3n y mantenimiento de tecnolog\u00edas avanzadas. Este modelo econ\u00f3mico sostenible impulsa tambi\u00e9n la creaci\u00f3n de nuevas oportunidades de negocio vinculadas al suministro de equipos, soporte t\u00e9cnico y asesor\u00eda especializada, beneficiando ampliamente a la comunidad local.<o:p><\/o:p><\/span><\/p>\n<p style=\"text-align: justify; line-height: 150%;\"><span style=\"font-family: 'Arial',sans-serif;\">El apoyo t\u00e9cnico proporcionado por <strong>SERCOM<\/strong> <strong>Automation<\/strong>, empresa l\u00edder en soluciones tecnol\u00f3gicas agr\u00edcolas, es un elemento esencial para garantizar la implementaci\u00f3n efectiva de estos sistemas avanzados. Por otra parte, la experiencia formativa que aporta ENCA, con su metodolog\u00eda \u00abAprender Haciendo\u00bb, asegura que los agricultores locales adquieran las habilidades necesarias para operar y aprovechar al m\u00e1ximo estas tecnolog\u00edas.<o:p><\/o:p><\/span><\/p>\n<p style=\"text-align: justify; line-height: 150%;\"><span style=\"font-family: 'Arial',sans-serif;\">La transferencia de conocimientos desde la <strong>Universidad de Almer\u00eda<\/strong>, reconocida internacionalmente por sus pr\u00e1cticas innovadoras en agricultura protegida, permite a los productores locales en Cartago adoptar m\u00e9todos comprobados de alta eficiencia productiva y econ\u00f3mica. Esto no solo mejora su competitividad en el mercado nacional e internacional, sino que tambi\u00e9n asegura una agricultura local m\u00e1s resiliente frente a variaciones clim\u00e1ticas y econ\u00f3micas.<o:p><\/o:p><\/span><\/p>\n<p style=\"text-align: justify; line-height: 150%;\"><span style=\"font-family: 'Arial',sans-serif;\">En resumen, la agricultura de precisi\u00f3n en el <strong>Aula Invernadero Modelo<\/strong> representa una estrategia efectiva y verificable para fortalecer la <strong>econom\u00eda local<\/strong> en Cartago, promoviendo un crecimiento sostenible, resiliente y competitivo a largo plazo.<o:p><\/o:p><\/span><\/p>[\/et_pb_text][\/et_pb_column][\/et_pb_row][et_pb_row _builder_version=\u00bb4.27.4&#8243; _module_preset=\u00bbdefault\u00bb global_colors_info=\u00bb{}\u00bb][et_pb_column type=\u00bb4_4&#8243; _builder_version=\u00bb4.27.4&#8243; _module_preset=\u00bbdefault\u00bb global_colors_info=\u00bb{}\u00bb][et_pb_text _builder_version=\u00bb4.27.4&#8243; _module_preset=\u00bbdefault\u00bb custom_margin=\u00bb||0px||false|false\u00bb global_colors_info=\u00bb{}\u00bb]<p><strong>\u00a1<span data-teams=\"true\">Encuentra al TEC en redes sociales y s\u00edguenos!<\/span><\/strong><\/p>[\/et_pb_text][et_pb_social_media_follow _builder_version=\u00bb4.27.4&#8243; _module_preset=\u00bbdefault\u00bb global_colors_info=\u00bb{}\u00bb][et_pb_social_media_follow_network social_network=\u00bbfacebook\u00bb url=\u00bbhttps:\/\/www.facebook.com\/tecnologicocostarica\u00bb _builder_version=\u00bb4.27.4&#8243; _module_preset=\u00bbdefault\u00bb background_color=\u00bb#3b5998&#8243; global_colors_info=\u00bb{}\u00bb follow_button=\u00bboff\u00bb url_new_window=\u00bbon\u00bb]facebook[\/et_pb_social_media_follow_network][et_pb_social_media_follow_network social_network=\u00bbtwitter\u00bb url=\u00bbhttps:\/\/x.com\/Teccr\u00bb _builder_version=\u00bb4.27.4&#8243; _module_preset=\u00bbdefault\u00bb background_color=\u00bb#000000&#8243; global_colors_info=\u00bb{}\u00bb follow_button=\u00bboff\u00bb url_new_window=\u00bbon\u00bb]X[\/et_pb_social_media_follow_network][et_pb_social_media_follow_network social_network=\u00bbinstagram\u00bb url=\u00bbhttps:\/\/www.instagram.com\/teccostarica\/\u00bb _builder_version=\u00bb4.27.4&#8243; _module_preset=\u00bbdefault\u00bb background_color=\u00bb#E02B20&#8243; background_enable_color=\u00bbon\u00bb global_colors_info=\u00bb{}\u00bb follow_button=\u00bboff\u00bb url_new_window=\u00bbon\u00bb]instagram[\/et_pb_social_media_follow_network][\/et_pb_social_media_follow][\/et_pb_column][\/et_pb_row][\/et_pb_section]\n","protected":false},"excerpt":{"rendered":"<p>La sostenibilidad econ\u00f3mica y ambiental son pilares fundamentales para el desarrollo a largo plazo en Cartago, Costa Rica. Actualmente, fortalecer la econom\u00eda local mediante la innovaci\u00f3n agr\u00edcola es una prioridad. La agricultura de precisi\u00f3n est\u00e1 emergiendo como una soluci\u00f3n clave para mejorar la eficiencia productiva y econ\u00f3mica local, gracias al proyecto \u00abEmpoderamiento y Sostenibilidad en [&hellip;]<\/p>\n","protected":false},"author":1,"featured_media":56,"comment_status":"closed","ping_status":"open","sticky":false,"template":"","format":"standard","meta":{"_et_pb_use_builder":"on","_et_pb_old_content":"","_et_gb_content_width":"1080","footnotes":""},"categories":[5],"tags":[],"class_list":["post-548","post","type-post","status-publish","format-standard","has-post-thumbnail","hentry","category-costa-rica"],"yoast_head":"<!-- This site is optimized with the Yoast SEO plugin v27.4 - https:\/\/yoast.com\/product\/yoast-seo-wordpress\/ -->\n<title>Econom\u00eda sostenible en Cartago: c\u00f3mo la agricultura de precisi\u00f3n fortalece la econom\u00eda local - UAL-ENCA<\/title>\n<meta name=\"description\" content=\"La agricultura de precisi\u00f3n representa una estrategia efectiva y verificable para fortalecer la econom\u00eda local en Cartago.\" \/>\n<meta name=\"robots\" content=\"index, follow, max-snippet:-1, max-image-preview:large, max-video-preview:-1\" \/>\n<link rel=\"canonical\" href=\"https:\/\/www2.ual.es\/proyecto_aecid_UAL-ENCA\/2025\/04\/21\/economia-sostenible-en-cartago-como-la-agricultura-de-precision-fortalece-la-economia-local\/\" \/>\n<meta property=\"og:locale\" content=\"es_ES\" \/>\n<meta property=\"og:type\" content=\"article\" \/>\n<meta property=\"og:title\" content=\"Econom\u00eda sostenible en Cartago: c\u00f3mo la agricultura de precisi\u00f3n fortalece la econom\u00eda local - UAL-ENCA\" \/>\n<meta property=\"og:description\" content=\"La agricultura de precisi\u00f3n representa una estrategia efectiva y verificable para fortalecer la econom\u00eda local en Cartago.\" \/>\n<meta property=\"og:url\" content=\"https:\/\/www2.ual.es\/proyecto_aecid_UAL-ENCA\/2025\/04\/21\/economia-sostenible-en-cartago-como-la-agricultura-de-precision-fortalece-la-economia-local\/\" \/>\n<meta property=\"og:site_name\" content=\"UAL-ENCA\" \/>\n<meta property=\"article:publisher\" content=\"https:\/\/www.facebook.com\/colaboracion.UAL\" \/>\n<meta property=\"article:published_time\" content=\"2025-04-21T09:04:21+00:00\" \/>\n<meta property=\"article:modified_time\" content=\"2025-06-11T12:32:16+00:00\" \/>\n<meta property=\"og:image\" content=\"https:\/\/www2.ual.es\/proyecto_aecid_UAL-ENCA\/wp-content\/uploads\/2025\/04\/imgDestPost2Costarica.jpg\" \/>\n\t<meta property=\"og:image:width\" content=\"1200\" \/>\n\t<meta property=\"og:image:height\" content=\"900\" \/>\n\t<meta property=\"og:image:type\" content=\"image\/jpeg\" \/>\n<meta name=\"author\" content=\"enca-admin\" \/>\n<meta name=\"twitter:card\" content=\"summary_large_image\" \/>\n<meta name=\"twitter:label1\" content=\"Escrito por\" \/>\n\t<meta name=\"twitter:data1\" content=\"enca-admin\" \/>\n\t<meta name=\"twitter:label2\" content=\"Tiempo de lectura\" \/>\n\t<meta name=\"twitter:data2\" content=\"3 minutos\" \/>\n<script type=\"application\/ld+json\" class=\"yoast-schema-graph\">{\"@context\":\"https:\\\/\\\/schema.org\",\"@graph\":[{\"@type\":\"Article\",\"@id\":\"https:\\\/\\\/www2.ual.es\\\/proyecto_aecid_UAL-ENCA\\\/2025\\\/04\\\/21\\\/economia-sostenible-en-cartago-como-la-agricultura-de-precision-fortalece-la-economia-local\\\/#article\",\"isPartOf\":{\"@id\":\"https:\\\/\\\/www2.ual.es\\\/proyecto_aecid_UAL-ENCA\\\/2025\\\/04\\\/21\\\/economia-sostenible-en-cartago-como-la-agricultura-de-precision-fortalece-la-economia-local\\\/\"},\"author\":{\"name\":\"enca-admin\",\"@id\":\"https:\\\/\\\/www2.ual.es\\\/proyecto_aecid_UAL-ENCA\\\/#\\\/schema\\\/person\\\/972e4dd3b6cef18cd958398d0be27f80\"},\"headline\":\"Econom\u00eda sostenible en Cartago: c\u00f3mo la agricultura de precisi\u00f3n fortalece la econom\u00eda local\",\"datePublished\":\"2025-04-21T09:04:21+00:00\",\"dateModified\":\"2025-06-11T12:32:16+00:00\",\"mainEntityOfPage\":{\"@id\":\"https:\\\/\\\/www2.ual.es\\\/proyecto_aecid_UAL-ENCA\\\/2025\\\/04\\\/21\\\/economia-sostenible-en-cartago-como-la-agricultura-de-precision-fortalece-la-economia-local\\\/\"},\"wordCount\":764,\"publisher\":{\"@id\":\"https:\\\/\\\/www2.ual.es\\\/proyecto_aecid_UAL-ENCA\\\/#organization\"},\"image\":{\"@id\":\"https:\\\/\\\/www2.ual.es\\\/proyecto_aecid_UAL-ENCA\\\/2025\\\/04\\\/21\\\/economia-sostenible-en-cartago-como-la-agricultura-de-precision-fortalece-la-economia-local\\\/#primaryimage\"},\"thumbnailUrl\":\"https:\\\/\\\/www2.ual.es\\\/proyecto_aecid_UAL-ENCA\\\/wp-content\\\/uploads\\\/2025\\\/04\\\/imgDestPost2Costarica.jpg\",\"articleSection\":[\"Costa Rica\"],\"inLanguage\":\"es\"},{\"@type\":\"WebPage\",\"@id\":\"https:\\\/\\\/www2.ual.es\\\/proyecto_aecid_UAL-ENCA\\\/2025\\\/04\\\/21\\\/economia-sostenible-en-cartago-como-la-agricultura-de-precision-fortalece-la-economia-local\\\/\",\"url\":\"https:\\\/\\\/www2.ual.es\\\/proyecto_aecid_UAL-ENCA\\\/2025\\\/04\\\/21\\\/economia-sostenible-en-cartago-como-la-agricultura-de-precision-fortalece-la-economia-local\\\/\",\"name\":\"Econom\u00eda sostenible en Cartago: c\u00f3mo la agricultura de precisi\u00f3n fortalece la econom\u00eda local - UAL-ENCA\",\"isPartOf\":{\"@id\":\"https:\\\/\\\/www2.ual.es\\\/proyecto_aecid_UAL-ENCA\\\/#website\"},\"primaryImageOfPage\":{\"@id\":\"https:\\\/\\\/www2.ual.es\\\/proyecto_aecid_UAL-ENCA\\\/2025\\\/04\\\/21\\\/economia-sostenible-en-cartago-como-la-agricultura-de-precision-fortalece-la-economia-local\\\/#primaryimage\"},\"image\":{\"@id\":\"https:\\\/\\\/www2.ual.es\\\/proyecto_aecid_UAL-ENCA\\\/2025\\\/04\\\/21\\\/economia-sostenible-en-cartago-como-la-agricultura-de-precision-fortalece-la-economia-local\\\/#primaryimage\"},\"thumbnailUrl\":\"https:\\\/\\\/www2.ual.es\\\/proyecto_aecid_UAL-ENCA\\\/wp-content\\\/uploads\\\/2025\\\/04\\\/imgDestPost2Costarica.jpg\",\"datePublished\":\"2025-04-21T09:04:21+00:00\",\"dateModified\":\"2025-06-11T12:32:16+00:00\",\"description\":\"La agricultura de precisi\u00f3n representa una estrategia efectiva y verificable para fortalecer la econom\u00eda local en Cartago.\",\"breadcrumb\":{\"@id\":\"https:\\\/\\\/www2.ual.es\\\/proyecto_aecid_UAL-ENCA\\\/2025\\\/04\\\/21\\\/economia-sostenible-en-cartago-como-la-agricultura-de-precision-fortalece-la-economia-local\\\/#breadcrumb\"},\"inLanguage\":\"es\",\"potentialAction\":[{\"@type\":\"ReadAction\",\"target\":[\"https:\\\/\\\/www2.ual.es\\\/proyecto_aecid_UAL-ENCA\\\/2025\\\/04\\\/21\\\/economia-sostenible-en-cartago-como-la-agricultura-de-precision-fortalece-la-economia-local\\\/\"]}]},{\"@type\":\"ImageObject\",\"inLanguage\":\"es\",\"@id\":\"https:\\\/\\\/www2.ual.es\\\/proyecto_aecid_UAL-ENCA\\\/2025\\\/04\\\/21\\\/economia-sostenible-en-cartago-como-la-agricultura-de-precision-fortalece-la-economia-local\\\/#primaryimage\",\"url\":\"https:\\\/\\\/www2.ual.es\\\/proyecto_aecid_UAL-ENCA\\\/wp-content\\\/uploads\\\/2025\\\/04\\\/imgDestPost2Costarica.jpg\",\"contentUrl\":\"https:\\\/\\\/www2.ual.es\\\/proyecto_aecid_UAL-ENCA\\\/wp-content\\\/uploads\\\/2025\\\/04\\\/imgDestPost2Costarica.jpg\",\"width\":1200,\"height\":900,\"caption\":\"Econom\u00eda Local Costa Rica\"},{\"@type\":\"BreadcrumbList\",\"@id\":\"https:\\\/\\\/www2.ual.es\\\/proyecto_aecid_UAL-ENCA\\\/2025\\\/04\\\/21\\\/economia-sostenible-en-cartago-como-la-agricultura-de-precision-fortalece-la-economia-local\\\/#breadcrumb\",\"itemListElement\":[{\"@type\":\"ListItem\",\"position\":1,\"name\":\"Portada\",\"item\":\"https:\\\/\\\/www2.ual.es\\\/proyecto_aecid_UAL-ENCA\\\/\"},{\"@type\":\"ListItem\",\"position\":2,\"name\":\"Econom\u00eda sostenible en Cartago: c\u00f3mo la agricultura de precisi\u00f3n fortalece la econom\u00eda local\"}]},{\"@type\":\"WebSite\",\"@id\":\"https:\\\/\\\/www2.ual.es\\\/proyecto_aecid_UAL-ENCA\\\/#website\",\"url\":\"https:\\\/\\\/www2.ual.es\\\/proyecto_aecid_UAL-ENCA\\\/\",\"name\":\"Colaboraci\u00f3n UAL\",\"description\":\"Proyecto UAL-ENCA\",\"publisher\":{\"@id\":\"https:\\\/\\\/www2.ual.es\\\/proyecto_aecid_UAL-ENCA\\\/#organization\"},\"potentialAction\":[{\"@type\":\"SearchAction\",\"target\":{\"@type\":\"EntryPoint\",\"urlTemplate\":\"https:\\\/\\\/www2.ual.es\\\/proyecto_aecid_UAL-ENCA\\\/?s={search_term_string}\"},\"query-input\":{\"@type\":\"PropertyValueSpecification\",\"valueRequired\":true,\"valueName\":\"search_term_string\"}}],\"inLanguage\":\"es\"},{\"@type\":\"Organization\",\"@id\":\"https:\\\/\\\/www2.ual.es\\\/proyecto_aecid_UAL-ENCA\\\/#organization\",\"name\":\"Colaboraci\u00f3n UAL\",\"url\":\"https:\\\/\\\/www2.ual.es\\\/proyecto_aecid_UAL-ENCA\\\/\",\"logo\":{\"@type\":\"ImageObject\",\"inLanguage\":\"es\",\"@id\":\"https:\\\/\\\/www2.ual.es\\\/proyecto_aecid_UAL-ENCA\\\/#\\\/schema\\\/logo\\\/image\\\/\",\"url\":\"https:\\\/\\\/www2.ual.es\\\/proyecto_aecid_UAL-ENCA\\\/wp-content\\\/uploads\\\/2025\\\/04\\\/cropped-logoUniversidad.png\",\"contentUrl\":\"https:\\\/\\\/www2.ual.es\\\/proyecto_aecid_UAL-ENCA\\\/wp-content\\\/uploads\\\/2025\\\/04\\\/cropped-logoUniversidad.png\",\"width\":512,\"height\":512,\"caption\":\"Colaboraci\u00f3n UAL\"},\"image\":{\"@id\":\"https:\\\/\\\/www2.ual.es\\\/proyecto_aecid_UAL-ENCA\\\/#\\\/schema\\\/logo\\\/image\\\/\"},\"sameAs\":[\"https:\\\/\\\/www.facebook.com\\\/colaboracion.UAL\",\"https:\\\/\\\/www.instagram.com\\\/colaboracion.ual\",\"https:\\\/\\\/www.tiktok.com\\\/@colaboracion.ual\"]},{\"@type\":\"Person\",\"@id\":\"https:\\\/\\\/www2.ual.es\\\/proyecto_aecid_UAL-ENCA\\\/#\\\/schema\\\/person\\\/972e4dd3b6cef18cd958398d0be27f80\",\"name\":\"enca-admin\",\"image\":{\"@type\":\"ImageObject\",\"inLanguage\":\"es\",\"@id\":\"https:\\\/\\\/secure.gravatar.com\\\/avatar\\\/d3f557e3081c5b56eb83c595e7c177c2d80c9d4a7da37300e7785e1bef6fa5fb?s=96&d=mm&r=g\",\"url\":\"https:\\\/\\\/secure.gravatar.com\\\/avatar\\\/d3f557e3081c5b56eb83c595e7c177c2d80c9d4a7da37300e7785e1bef6fa5fb?s=96&d=mm&r=g\",\"contentUrl\":\"https:\\\/\\\/secure.gravatar.com\\\/avatar\\\/d3f557e3081c5b56eb83c595e7c177c2d80c9d4a7da37300e7785e1bef6fa5fb?s=96&d=mm&r=g\",\"caption\":\"enca-admin\"},\"sameAs\":[\"http:\\\/\\\/www2.ual.es\\\/proyecto_aecid_UAL-ENCA\"],\"url\":\"https:\\\/\\\/www2.ual.es\\\/proyecto_aecid_UAL-ENCA\\\/author\\\/enca-admin\\\/\"}]}<\/script>\n<!-- \/ Yoast SEO plugin. -->","yoast_head_json":{"title":"Econom\u00eda sostenible en Cartago: c\u00f3mo la agricultura de precisi\u00f3n fortalece la econom\u00eda local - UAL-ENCA","description":"La agricultura de precisi\u00f3n representa una estrategia efectiva y verificable para fortalecer la econom\u00eda local en Cartago.","robots":{"index":"index","follow":"follow","max-snippet":"max-snippet:-1","max-image-preview":"max-image-preview:large","max-video-preview":"max-video-preview:-1"},"canonical":"https:\/\/www2.ual.es\/proyecto_aecid_UAL-ENCA\/2025\/04\/21\/economia-sostenible-en-cartago-como-la-agricultura-de-precision-fortalece-la-economia-local\/","og_locale":"es_ES","og_type":"article","og_title":"Econom\u00eda sostenible en Cartago: c\u00f3mo la agricultura de precisi\u00f3n fortalece la econom\u00eda local - UAL-ENCA","og_description":"La agricultura de precisi\u00f3n representa una estrategia efectiva y verificable para fortalecer la econom\u00eda local en Cartago.","og_url":"https:\/\/www2.ual.es\/proyecto_aecid_UAL-ENCA\/2025\/04\/21\/economia-sostenible-en-cartago-como-la-agricultura-de-precision-fortalece-la-economia-local\/","og_site_name":"UAL-ENCA","article_publisher":"https:\/\/www.facebook.com\/colaboracion.UAL","article_published_time":"2025-04-21T09:04:21+00:00","article_modified_time":"2025-06-11T12:32:16+00:00","og_image":[{"width":1200,"height":900,"url":"https:\/\/www2.ual.es\/proyecto_aecid_UAL-ENCA\/wp-content\/uploads\/2025\/04\/imgDestPost2Costarica.jpg","type":"image\/jpeg"}],"author":"enca-admin","twitter_card":"summary_large_image","twitter_misc":{"Escrito por":"enca-admin","Tiempo de lectura":"3 minutos"},"schema":{"@context":"https:\/\/schema.org","@graph":[{"@type":"Article","@id":"https:\/\/www2.ual.es\/proyecto_aecid_UAL-ENCA\/2025\/04\/21\/economia-sostenible-en-cartago-como-la-agricultura-de-precision-fortalece-la-economia-local\/#article","isPartOf":{"@id":"https:\/\/www2.ual.es\/proyecto_aecid_UAL-ENCA\/2025\/04\/21\/economia-sostenible-en-cartago-como-la-agricultura-de-precision-fortalece-la-economia-local\/"},"author":{"name":"enca-admin","@id":"https:\/\/www2.ual.es\/proyecto_aecid_UAL-ENCA\/#\/schema\/person\/972e4dd3b6cef18cd958398d0be27f80"},"headline":"Econom\u00eda sostenible en Cartago: c\u00f3mo la agricultura de precisi\u00f3n fortalece la econom\u00eda local","datePublished":"2025-04-21T09:04:21+00:00","dateModified":"2025-06-11T12:32:16+00:00","mainEntityOfPage":{"@id":"https:\/\/www2.ual.es\/proyecto_aecid_UAL-ENCA\/2025\/04\/21\/economia-sostenible-en-cartago-como-la-agricultura-de-precision-fortalece-la-economia-local\/"},"wordCount":764,"publisher":{"@id":"https:\/\/www2.ual.es\/proyecto_aecid_UAL-ENCA\/#organization"},"image":{"@id":"https:\/\/www2.ual.es\/proyecto_aecid_UAL-ENCA\/2025\/04\/21\/economia-sostenible-en-cartago-como-la-agricultura-de-precision-fortalece-la-economia-local\/#primaryimage"},"thumbnailUrl":"https:\/\/www2.ual.es\/proyecto_aecid_UAL-ENCA\/wp-content\/uploads\/2025\/04\/imgDestPost2Costarica.jpg","articleSection":["Costa Rica"],"inLanguage":"es"},{"@type":"WebPage","@id":"https:\/\/www2.ual.es\/proyecto_aecid_UAL-ENCA\/2025\/04\/21\/economia-sostenible-en-cartago-como-la-agricultura-de-precision-fortalece-la-economia-local\/","url":"https:\/\/www2.ual.es\/proyecto_aecid_UAL-ENCA\/2025\/04\/21\/economia-sostenible-en-cartago-como-la-agricultura-de-precision-fortalece-la-economia-local\/","name":"Econom\u00eda sostenible en Cartago: c\u00f3mo la agricultura de precisi\u00f3n fortalece la econom\u00eda local - UAL-ENCA","isPartOf":{"@id":"https:\/\/www2.ual.es\/proyecto_aecid_UAL-ENCA\/#website"},"primaryImageOfPage":{"@id":"https:\/\/www2.ual.es\/proyecto_aecid_UAL-ENCA\/2025\/04\/21\/economia-sostenible-en-cartago-como-la-agricultura-de-precision-fortalece-la-economia-local\/#primaryimage"},"image":{"@id":"https:\/\/www2.ual.es\/proyecto_aecid_UAL-ENCA\/2025\/04\/21\/economia-sostenible-en-cartago-como-la-agricultura-de-precision-fortalece-la-economia-local\/#primaryimage"},"thumbnailUrl":"https:\/\/www2.ual.es\/proyecto_aecid_UAL-ENCA\/wp-content\/uploads\/2025\/04\/imgDestPost2Costarica.jpg","datePublished":"2025-04-21T09:04:21+00:00","dateModified":"2025-06-11T12:32:16+00:00","description":"La agricultura de precisi\u00f3n representa una estrategia efectiva y verificable para fortalecer la econom\u00eda local en Cartago.","breadcrumb":{"@id":"https:\/\/www2.ual.es\/proyecto_aecid_UAL-ENCA\/2025\/04\/21\/economia-sostenible-en-cartago-como-la-agricultura-de-precision-fortalece-la-economia-local\/#breadcrumb"},"inLanguage":"es","potentialAction":[{"@type":"ReadAction","target":["https:\/\/www2.ual.es\/proyecto_aecid_UAL-ENCA\/2025\/04\/21\/economia-sostenible-en-cartago-como-la-agricultura-de-precision-fortalece-la-economia-local\/"]}]},{"@type":"ImageObject","inLanguage":"es","@id":"https:\/\/www2.ual.es\/proyecto_aecid_UAL-ENCA\/2025\/04\/21\/economia-sostenible-en-cartago-como-la-agricultura-de-precision-fortalece-la-economia-local\/#primaryimage","url":"https:\/\/www2.ual.es\/proyecto_aecid_UAL-ENCA\/wp-content\/uploads\/2025\/04\/imgDestPost2Costarica.jpg","contentUrl":"https:\/\/www2.ual.es\/proyecto_aecid_UAL-ENCA\/wp-content\/uploads\/2025\/04\/imgDestPost2Costarica.jpg","width":1200,"height":900,"caption":"Econom\u00eda Local Costa Rica"},{"@type":"BreadcrumbList","@id":"https:\/\/www2.ual.es\/proyecto_aecid_UAL-ENCA\/2025\/04\/21\/economia-sostenible-en-cartago-como-la-agricultura-de-precision-fortalece-la-economia-local\/#breadcrumb","itemListElement":[{"@type":"ListItem","position":1,"name":"Portada","item":"https:\/\/www2.ual.es\/proyecto_aecid_UAL-ENCA\/"},{"@type":"ListItem","position":2,"name":"Econom\u00eda sostenible en Cartago: c\u00f3mo la agricultura de precisi\u00f3n fortalece la econom\u00eda local"}]},{"@type":"WebSite","@id":"https:\/\/www2.ual.es\/proyecto_aecid_UAL-ENCA\/#website","url":"https:\/\/www2.ual.es\/proyecto_aecid_UAL-ENCA\/","name":"Colaboraci\u00f3n UAL","description":"Proyecto UAL-ENCA","publisher":{"@id":"https:\/\/www2.ual.es\/proyecto_aecid_UAL-ENCA\/#organization"},"potentialAction":[{"@type":"SearchAction","target":{"@type":"EntryPoint","urlTemplate":"https:\/\/www2.ual.es\/proyecto_aecid_UAL-ENCA\/?s={search_term_string}"},"query-input":{"@type":"PropertyValueSpecification","valueRequired":true,"valueName":"search_term_string"}}],"inLanguage":"es"},{"@type":"Organization","@id":"https:\/\/www2.ual.es\/proyecto_aecid_UAL-ENCA\/#organization","name":"Colaboraci\u00f3n UAL","url":"https:\/\/www2.ual.es\/proyecto_aecid_UAL-ENCA\/","logo":{"@type":"ImageObject","inLanguage":"es","@id":"https:\/\/www2.ual.es\/proyecto_aecid_UAL-ENCA\/#\/schema\/logo\/image\/","url":"https:\/\/www2.ual.es\/proyecto_aecid_UAL-ENCA\/wp-content\/uploads\/2025\/04\/cropped-logoUniversidad.png","contentUrl":"https:\/\/www2.ual.es\/proyecto_aecid_UAL-ENCA\/wp-content\/uploads\/2025\/04\/cropped-logoUniversidad.png","width":512,"height":512,"caption":"Colaboraci\u00f3n UAL"},"image":{"@id":"https:\/\/www2.ual.es\/proyecto_aecid_UAL-ENCA\/#\/schema\/logo\/image\/"},"sameAs":["https:\/\/www.facebook.com\/colaboracion.UAL","https:\/\/www.instagram.com\/colaboracion.ual","https:\/\/www.tiktok.com\/@colaboracion.ual"]},{"@type":"Person","@id":"https:\/\/www2.ual.es\/proyecto_aecid_UAL-ENCA\/#\/schema\/person\/972e4dd3b6cef18cd958398d0be27f80","name":"enca-admin","image":{"@type":"ImageObject","inLanguage":"es","@id":"https:\/\/secure.gravatar.com\/avatar\/d3f557e3081c5b56eb83c595e7c177c2d80c9d4a7da37300e7785e1bef6fa5fb?s=96&d=mm&r=g","url":"https:\/\/secure.gravatar.com\/avatar\/d3f557e3081c5b56eb83c595e7c177c2d80c9d4a7da37300e7785e1bef6fa5fb?s=96&d=mm&r=g","contentUrl":"https:\/\/secure.gravatar.com\/avatar\/d3f557e3081c5b56eb83c595e7c177c2d80c9d4a7da37300e7785e1bef6fa5fb?s=96&d=mm&r=g","caption":"enca-admin"},"sameAs":["http:\/\/www2.ual.es\/proyecto_aecid_UAL-ENCA"],"url":"https:\/\/www2.ual.es\/proyecto_aecid_UAL-ENCA\/author\/enca-admin\/"}]}},"_links":{"self":[{"href":"https:\/\/www2.ual.es\/proyecto_aecid_UAL-ENCA\/wp-json\/wp\/v2\/posts\/548","targetHints":{"allow":["GET"]}}],"collection":[{"href":"https:\/\/www2.ual.es\/proyecto_aecid_UAL-ENCA\/wp-json\/wp\/v2\/posts"}],"about":[{"href":"https:\/\/www2.ual.es\/proyecto_aecid_UAL-ENCA\/wp-json\/wp\/v2\/types\/post"}],"author":[{"embeddable":true,"href":"https:\/\/www2.ual.es\/proyecto_aecid_UAL-ENCA\/wp-json\/wp\/v2\/users\/1"}],"replies":[{"embeddable":true,"href":"https:\/\/www2.ual.es\/proyecto_aecid_UAL-ENCA\/wp-json\/wp\/v2\/comments?post=548"}],"version-history":[{"count":16,"href":"https:\/\/www2.ual.es\/proyecto_aecid_UAL-ENCA\/wp-json\/wp\/v2\/posts\/548\/revisions"}],"predecessor-version":[{"id":1869,"href":"https:\/\/www2.ual.es\/proyecto_aecid_UAL-ENCA\/wp-json\/wp\/v2\/posts\/548\/revisions\/1869"}],"wp:featuredmedia":[{"embeddable":true,"href":"https:\/\/www2.ual.es\/proyecto_aecid_UAL-ENCA\/wp-json\/wp\/v2\/media\/56"}],"wp:attachment":[{"href":"https:\/\/www2.ual.es\/proyecto_aecid_UAL-ENCA\/wp-json\/wp\/v2\/media?parent=548"}],"wp:term":[{"taxonomy":"category","embeddable":true,"href":"https:\/\/www2.ual.es\/proyecto_aecid_UAL-ENCA\/wp-json\/wp\/v2\/categories?post=548"},{"taxonomy":"post_tag","embeddable":true,"href":"https:\/\/www2.ual.es\/proyecto_aecid_UAL-ENCA\/wp-json\/wp\/v2\/tags?post=548"}],"curies":[{"name":"wp","href":"https:\/\/api.w.org\/{rel}","templated":true}]}}