{"id":532,"date":"2025-04-14T10:36:10","date_gmt":"2025-04-14T08:36:10","guid":{"rendered":"http:\/\/localhost\/wordpress\/?p=532"},"modified":"2025-06-05T11:52:30","modified_gmt":"2025-06-05T09:52:30","slug":"enca-capacitando-a-la-nueva-generacion-de-agricultores-sostenibles-en-guatemala","status":"publish","type":"post","link":"https:\/\/www2.ual.es\/proyecto_aecid_UAL-ENCA\/2025\/04\/14\/enca-capacitando-a-la-nueva-generacion-de-agricultores-sostenibles-en-guatemala\/","title":{"rendered":"ENCA: capacitando a la nueva generaci\u00f3n de agricultores sostenibles en Guatemala"},"content":{"rendered":"\n[et_pb_section fb_built=\u00bb1&#8243; _builder_version=\u00bb4.27.4&#8243; _module_preset=\u00bbdefault\u00bb custom_margin=\u00bb||||false|false\u00bb custom_padding=\u00bb0px||||false|false\u00bb global_colors_info=\u00bb{}\u00bb][et_pb_row _builder_version=\u00bb4.27.4&#8243; _module_preset=\u00bbdefault\u00bb global_colors_info=\u00bb{}\u00bb][et_pb_column type=\u00bb4_4&#8243; _builder_version=\u00bb4.27.4&#8243; _module_preset=\u00bbdefault\u00bb global_colors_info=\u00bb{}\u00bb][et_pb_text _builder_version=\u00bb4.27.4&#8243; _module_preset=\u00bbdefault\u00bb global_colors_info=\u00bb{}\u00bb]<p style=\"text-align: justify; line-height: 150%;\"><span style=\"font-family: 'Arial',sans-serif;\">La <strong>Escuela Nacional Central de Agricultura (ENCA)<\/strong> est\u00e1 desempe\u00f1ando un rol crucial en Guatemala, preparando a una nueva <strong>generaci\u00f3n de agricultores<\/strong> en pr\u00e1cticas agr\u00edcolas sostenibles y avanzadas. Como parte del proyecto <strong>\u00abEmpoderamiento y Sostenibilidad en la Agricultura\u00bb<\/strong> desarrollado en conjunto con la <strong>Universidad de Almer\u00eda<\/strong>, <strong>SERCOM<\/strong> <strong>Automation<\/strong> y la <strong>Cooperaci\u00f3n Espa\u00f1ola<\/strong>, <strong>ENCA<\/strong> lidera la formaci\u00f3n integral mediante un modelo educativo innovador centrado en la sostenibilidad y la pr\u00e1ctica directa bajo el lema \u00abAprender Haciendo\u00bb.<\/span><\/p>\n<p style=\"text-align: justify; line-height: 150%;\"><span style=\"font-family: 'Arial',sans-serif;\">\u00a0 \u00a0\u00a0<img decoding=\"async\" src=\"https:\/\/www2.ual.es\/proyecto_aecid_UAL-ENCA\/wp-content\/uploads\/2025\/04\/PHOTO-2025-01-23-16-42-521.jpg\" \/><\/span><\/p>\n<p style=\"text-align: justify; line-height: 150%;\"><span style=\"font-family: 'Arial',sans-serif;\">La <strong>ENCA<\/strong> entiende que la educaci\u00f3n pr\u00e1ctica y aplicada es esencial para lograr cambios reales y duraderos en las pr\u00e1cticas agr\u00edcolas locales. Por ello, a trav\u00e9s del Aula Invernadero Modelo, ofrece capacitaci\u00f3n en t\u00e9cnicas modernas y sostenibles, tales como el manejo eficiente del agua, el uso de tecnolog\u00edas inteligentes en agricultura de precisi\u00f3n y m\u00e9todos efectivos para proteger los cultivos de fen\u00f3menos clim\u00e1ticos adversos.<o:p><\/o:p><\/span><\/p>\n<p style=\"text-align: justify; line-height: 150%;\"><span style=\"font-family: 'Arial',sans-serif;\">Los estudiantes y nueva<strong> generaci\u00f3n de agricultores formados por ENCA<\/strong> tienen acceso a tecnolog\u00edas de vanguardia, incluyendo sistemas automatizados de riego por goteo, sensores de monitoreo de condiciones clim\u00e1ticas y nutrici\u00f3n vegetal, as\u00ed como herramientas digitales avanzadas que facilitan decisiones precisas y oportunas en la gesti\u00f3n agr\u00edcola. Estas tecnolog\u00edas permiten a los agricultores optimizar recursos vitales, reducir costos y mejorar significativamente la productividad y sostenibilidad de sus cultivos.<o:p><\/o:p><\/span><\/p>\n<p style=\"text-align: justify; line-height: 150%;\"><span style=\"font-family: 'Arial',sans-serif;\"><img decoding=\"async\" src=\"https:\/\/www2.ual.es\/proyecto_aecid_UAL-ENCA\/wp-content\/uploads\/2025\/04\/PHOTO-2025-01-23-16-42-31-1.jpg\" \/><\/span><span style=\"font-family: 'Arial',sans-serif;\"><\/span><\/p>\n<p style=\"text-align: justify; line-height: 150%;\"><span style=\"font-family: 'Arial',sans-serif;\">La <strong>ENCA<\/strong> tambi\u00e9n promueve la adopci\u00f3n de pr\u00e1cticas agroecol\u00f3gicas y la diversificaci\u00f3n de cultivos, asegurando no solo un aumento en la producci\u00f3n agr\u00edcola, sino tambi\u00e9n una mejora en la calidad del suelo y la reducci\u00f3n en el uso de insumos qu\u00edmicos. Esto contribuye directamente a la preservaci\u00f3n del medio ambiente y la seguridad alimentaria a largo plazo.<o:p><\/o:p><\/span><\/p>\n<p style=\"text-align: justify; line-height: 150%;\"><span style=\"font-family: 'Arial',sans-serif;\">El apoyo t\u00e9cnico especializado proporcionado por <strong>SERCOM<\/strong> <strong>Automation<\/strong> garantiza que la formaci\u00f3n de esta <strong>generaci\u00f3n de agricultores<\/strong>\u00a0 est\u00e9 alineada con los est\u00e1ndares internacionales m\u00e1s altos en automatizaci\u00f3n agr\u00edcola. Esta colaboraci\u00f3n asegura que los agricultores guatemaltecos aprendan y manejen tecnolog\u00edas punteras que fortalecen su competitividad en el mercado nacional e internacional.<o:p><\/o:p><\/span><\/p>\n<p style=\"text-align: justify; line-height: 150%;\"><span style=\"font-family: 'Arial',sans-serif;\"><img decoding=\"async\" src=\"https:\/\/www2.ual.es\/proyecto_aecid_UAL-ENCA\/wp-content\/uploads\/2025\/04\/imagenEscuela.png\" \/><\/span><\/p>\n<p style=\"text-align: justify; line-height: 150%;\"><span style=\"font-family: 'Arial',sans-serif;\">La experiencia de la <strong>Universidad de Almer\u00eda<\/strong>, l\u00edder mundial en agricultura protegida, complementa este proceso educativo proporcionando conocimientos t\u00e9cnicos validados y estrategias exitosas que han convertido a Almer\u00eda en un referente global en sostenibilidad agr\u00edcola.<o:p><\/o:p><\/span><\/p>[\/et_pb_text][\/et_pb_column][\/et_pb_row][et_pb_row _builder_version=\u00bb4.27.4&#8243; _module_preset=\u00bbdefault\u00bb global_colors_info=\u00bb{}\u00bb][et_pb_column type=\u00bb4_4&#8243; _builder_version=\u00bb4.27.4&#8243; _module_preset=\u00bbdefault\u00bb global_colors_info=\u00bb{}\u00bb][et_pb_text _builder_version=\u00bb4.27.4&#8243; _module_preset=\u00bbdefault\u00bb custom_margin=\u00bb||0px||false|false\u00bb global_colors_info=\u00bb{}\u00bb]<p><strong>\u00a1<span data-teams=\"true\">Encuentra a la ENCA en redes sociales y s\u00edguenos!<\/span><\/strong><\/p>[\/et_pb_text][et_pb_social_media_follow _builder_version=\u00bb4.27.4&#8243; _module_preset=\u00bbdefault\u00bb global_colors_info=\u00bb{}\u00bb][et_pb_social_media_follow_network social_network=\u00bbfacebook\u00bb url=\u00bbhttps:\/\/www.facebook.com\/ENCAGT\u00bb _builder_version=\u00bb4.27.4&#8243; _module_preset=\u00bbdefault\u00bb background_color=\u00bb#3b5998&#8243; global_colors_info=\u00bb{}\u00bb follow_button=\u00bboff\u00bb url_new_window=\u00bbon\u00bb]facebook[\/et_pb_social_media_follow_network][et_pb_social_media_follow_network social_network=\u00bbtwitter\u00bb url=\u00bbhttps:\/\/x.com\/enca_gt\u00bb _builder_version=\u00bb4.27.4&#8243; _module_preset=\u00bbdefault\u00bb background_color=\u00bb#000000&#8243; global_colors_info=\u00bb{}\u00bb follow_button=\u00bboff\u00bb url_new_window=\u00bbon\u00bb]X[\/et_pb_social_media_follow_network][et_pb_social_media_follow_network social_network=\u00bbinstagram\u00bb url=\u00bbhttps:\/\/www.instagram.com\/enca.gt\u00bb _builder_version=\u00bb4.27.4&#8243; _module_preset=\u00bbdefault\u00bb background_color=\u00bb#E02B20&#8243; background_enable_color=\u00bbon\u00bb global_colors_info=\u00bb{}\u00bb follow_button=\u00bboff\u00bb url_new_window=\u00bbon\u00bb]instagram[\/et_pb_social_media_follow_network][et_pb_social_media_follow_network social_network=\u00bbtiktok\u00bb url=\u00bbhttps:\/\/www.tiktok.com\/@enca_gt\u00bb _builder_version=\u00bb4.27.4&#8243; _module_preset=\u00bbdefault\u00bb background_color=\u00bb#000000&#8243; background_enable_color=\u00bbon\u00bb global_colors_info=\u00bb{}\u00bb follow_button=\u00bboff\u00bb url_new_window=\u00bbon\u00bb]tiktok[\/et_pb_social_media_follow_network][\/et_pb_social_media_follow][\/et_pb_column][\/et_pb_row][\/et_pb_section]\n","protected":false},"excerpt":{"rendered":"<p>La Escuela Nacional Central de Agricultura (ENCA) est\u00e1 desempe\u00f1ando un rol crucial en Guatemala, preparando a una nueva generaci\u00f3n de agricultores en pr\u00e1cticas agr\u00edcolas sostenibles y avanzadas. Como parte del proyecto \u00abEmpoderamiento y Sostenibilidad en la Agricultura\u00bb desarrollado en conjunto con la Universidad de Almer\u00eda, SERCOM Automation y la Cooperaci\u00f3n Espa\u00f1ola, ENCA lidera la formaci\u00f3n [&hellip;]<\/p>\n","protected":false},"author":1,"featured_media":29,"comment_status":"closed","ping_status":"open","sticky":false,"template":"","format":"standard","meta":{"_et_pb_use_builder":"on","_et_pb_old_content":"","_et_gb_content_width":"1080","footnotes":""},"categories":[6],"tags":[],"class_list":["post-532","post","type-post","status-publish","format-standard","has-post-thumbnail","hentry","category-guatemala"],"yoast_head":"<!-- This site is optimized with the Yoast SEO plugin v27.4 - https:\/\/yoast.com\/product\/yoast-seo-wordpress\/ -->\n<title>ENCA: capacitando a la nueva generaci\u00f3n de agricultores sostenibles en Guatemala - UAL-ENCA<\/title>\n<meta name=\"description\" content=\"Formamos una nueva generaci\u00f3n de agricultores con tecnolog\u00edas sostenibles, automatizaci\u00f3n y pr\u00e1cticas agroecol\u00f3gicas.\" \/>\n<meta name=\"robots\" content=\"index, follow, max-snippet:-1, max-image-preview:large, max-video-preview:-1\" \/>\n<link rel=\"canonical\" href=\"https:\/\/www2.ual.es\/proyecto_aecid_UAL-ENCA\/2025\/04\/14\/enca-capacitando-a-la-nueva-generacion-de-agricultores-sostenibles-en-guatemala\/\" \/>\n<meta property=\"og:locale\" content=\"es_ES\" \/>\n<meta property=\"og:type\" content=\"article\" \/>\n<meta property=\"og:title\" content=\"ENCA: capacitando a la nueva generaci\u00f3n de agricultores sostenibles en Guatemala - UAL-ENCA\" \/>\n<meta property=\"og:description\" content=\"Formamos una nueva generaci\u00f3n de agricultores con tecnolog\u00edas sostenibles, automatizaci\u00f3n y pr\u00e1cticas agroecol\u00f3gicas.\" \/>\n<meta property=\"og:url\" content=\"https:\/\/www2.ual.es\/proyecto_aecid_UAL-ENCA\/2025\/04\/14\/enca-capacitando-a-la-nueva-generacion-de-agricultores-sostenibles-en-guatemala\/\" \/>\n<meta property=\"og:site_name\" content=\"UAL-ENCA\" \/>\n<meta property=\"article:publisher\" content=\"https:\/\/www.facebook.com\/colaboracion.UAL\" \/>\n<meta property=\"article:published_time\" content=\"2025-04-14T08:36:10+00:00\" \/>\n<meta property=\"article:modified_time\" content=\"2025-06-05T09:52:30+00:00\" \/>\n<meta property=\"og:image\" content=\"https:\/\/www2.ual.es\/proyecto_aecid_UAL-ENCA\/wp-content\/uploads\/2025\/04\/PHOTO-2025-01-23-16-42-33.jpg\" \/>\n\t<meta property=\"og:image:width\" content=\"2000\" \/>\n\t<meta property=\"og:image:height\" content=\"1500\" \/>\n\t<meta property=\"og:image:type\" content=\"image\/jpeg\" \/>\n<meta name=\"author\" content=\"enca-admin\" \/>\n<meta name=\"twitter:card\" content=\"summary_large_image\" \/>\n<meta name=\"twitter:label1\" content=\"Escrito por\" \/>\n\t<meta name=\"twitter:data1\" content=\"enca-admin\" \/>\n\t<meta name=\"twitter:label2\" content=\"Tiempo de lectura\" \/>\n\t<meta name=\"twitter:data2\" content=\"3 minutos\" \/>\n<script type=\"application\/ld+json\" class=\"yoast-schema-graph\">{\"@context\":\"https:\\\/\\\/schema.org\",\"@graph\":[{\"@type\":\"Article\",\"@id\":\"https:\\\/\\\/www2.ual.es\\\/proyecto_aecid_UAL-ENCA\\\/2025\\\/04\\\/14\\\/enca-capacitando-a-la-nueva-generacion-de-agricultores-sostenibles-en-guatemala\\\/#article\",\"isPartOf\":{\"@id\":\"https:\\\/\\\/www2.ual.es\\\/proyecto_aecid_UAL-ENCA\\\/2025\\\/04\\\/14\\\/enca-capacitando-a-la-nueva-generacion-de-agricultores-sostenibles-en-guatemala\\\/\"},\"author\":{\"name\":\"enca-admin\",\"@id\":\"https:\\\/\\\/www2.ual.es\\\/proyecto_aecid_UAL-ENCA\\\/#\\\/schema\\\/person\\\/972e4dd3b6cef18cd958398d0be27f80\"},\"headline\":\"ENCA: capacitando a la nueva generaci\u00f3n de agricultores sostenibles en Guatemala\",\"datePublished\":\"2025-04-14T08:36:10+00:00\",\"dateModified\":\"2025-06-05T09:52:30+00:00\",\"mainEntityOfPage\":{\"@id\":\"https:\\\/\\\/www2.ual.es\\\/proyecto_aecid_UAL-ENCA\\\/2025\\\/04\\\/14\\\/enca-capacitando-a-la-nueva-generacion-de-agricultores-sostenibles-en-guatemala\\\/\"},\"wordCount\":726,\"publisher\":{\"@id\":\"https:\\\/\\\/www2.ual.es\\\/proyecto_aecid_UAL-ENCA\\\/#organization\"},\"image\":{\"@id\":\"https:\\\/\\\/www2.ual.es\\\/proyecto_aecid_UAL-ENCA\\\/2025\\\/04\\\/14\\\/enca-capacitando-a-la-nueva-generacion-de-agricultores-sostenibles-en-guatemala\\\/#primaryimage\"},\"thumbnailUrl\":\"https:\\\/\\\/www2.ual.es\\\/proyecto_aecid_UAL-ENCA\\\/wp-content\\\/uploads\\\/2025\\\/04\\\/PHOTO-2025-01-23-16-42-33.jpg\",\"articleSection\":[\"Guatemala\"],\"inLanguage\":\"es\"},{\"@type\":\"WebPage\",\"@id\":\"https:\\\/\\\/www2.ual.es\\\/proyecto_aecid_UAL-ENCA\\\/2025\\\/04\\\/14\\\/enca-capacitando-a-la-nueva-generacion-de-agricultores-sostenibles-en-guatemala\\\/\",\"url\":\"https:\\\/\\\/www2.ual.es\\\/proyecto_aecid_UAL-ENCA\\\/2025\\\/04\\\/14\\\/enca-capacitando-a-la-nueva-generacion-de-agricultores-sostenibles-en-guatemala\\\/\",\"name\":\"ENCA: capacitando a la nueva generaci\u00f3n de agricultores sostenibles en Guatemala - UAL-ENCA\",\"isPartOf\":{\"@id\":\"https:\\\/\\\/www2.ual.es\\\/proyecto_aecid_UAL-ENCA\\\/#website\"},\"primaryImageOfPage\":{\"@id\":\"https:\\\/\\\/www2.ual.es\\\/proyecto_aecid_UAL-ENCA\\\/2025\\\/04\\\/14\\\/enca-capacitando-a-la-nueva-generacion-de-agricultores-sostenibles-en-guatemala\\\/#primaryimage\"},\"image\":{\"@id\":\"https:\\\/\\\/www2.ual.es\\\/proyecto_aecid_UAL-ENCA\\\/2025\\\/04\\\/14\\\/enca-capacitando-a-la-nueva-generacion-de-agricultores-sostenibles-en-guatemala\\\/#primaryimage\"},\"thumbnailUrl\":\"https:\\\/\\\/www2.ual.es\\\/proyecto_aecid_UAL-ENCA\\\/wp-content\\\/uploads\\\/2025\\\/04\\\/PHOTO-2025-01-23-16-42-33.jpg\",\"datePublished\":\"2025-04-14T08:36:10+00:00\",\"dateModified\":\"2025-06-05T09:52:30+00:00\",\"description\":\"Formamos una nueva generaci\u00f3n de agricultores con tecnolog\u00edas sostenibles, automatizaci\u00f3n y pr\u00e1cticas agroecol\u00f3gicas.\",\"breadcrumb\":{\"@id\":\"https:\\\/\\\/www2.ual.es\\\/proyecto_aecid_UAL-ENCA\\\/2025\\\/04\\\/14\\\/enca-capacitando-a-la-nueva-generacion-de-agricultores-sostenibles-en-guatemala\\\/#breadcrumb\"},\"inLanguage\":\"es\",\"potentialAction\":[{\"@type\":\"ReadAction\",\"target\":[\"https:\\\/\\\/www2.ual.es\\\/proyecto_aecid_UAL-ENCA\\\/2025\\\/04\\\/14\\\/enca-capacitando-a-la-nueva-generacion-de-agricultores-sostenibles-en-guatemala\\\/\"]}]},{\"@type\":\"ImageObject\",\"inLanguage\":\"es\",\"@id\":\"https:\\\/\\\/www2.ual.es\\\/proyecto_aecid_UAL-ENCA\\\/2025\\\/04\\\/14\\\/enca-capacitando-a-la-nueva-generacion-de-agricultores-sostenibles-en-guatemala\\\/#primaryimage\",\"url\":\"https:\\\/\\\/www2.ual.es\\\/proyecto_aecid_UAL-ENCA\\\/wp-content\\\/uploads\\\/2025\\\/04\\\/PHOTO-2025-01-23-16-42-33.jpg\",\"contentUrl\":\"https:\\\/\\\/www2.ual.es\\\/proyecto_aecid_UAL-ENCA\\\/wp-content\\\/uploads\\\/2025\\\/04\\\/PHOTO-2025-01-23-16-42-33.jpg\",\"width\":2000,\"height\":1500,\"caption\":\"Generaci\u00f3n de agricultores\"},{\"@type\":\"BreadcrumbList\",\"@id\":\"https:\\\/\\\/www2.ual.es\\\/proyecto_aecid_UAL-ENCA\\\/2025\\\/04\\\/14\\\/enca-capacitando-a-la-nueva-generacion-de-agricultores-sostenibles-en-guatemala\\\/#breadcrumb\",\"itemListElement\":[{\"@type\":\"ListItem\",\"position\":1,\"name\":\"Portada\",\"item\":\"https:\\\/\\\/www2.ual.es\\\/proyecto_aecid_UAL-ENCA\\\/\"},{\"@type\":\"ListItem\",\"position\":2,\"name\":\"ENCA: capacitando a la nueva generaci\u00f3n de agricultores sostenibles en Guatemala\"}]},{\"@type\":\"WebSite\",\"@id\":\"https:\\\/\\\/www2.ual.es\\\/proyecto_aecid_UAL-ENCA\\\/#website\",\"url\":\"https:\\\/\\\/www2.ual.es\\\/proyecto_aecid_UAL-ENCA\\\/\",\"name\":\"Colaboraci\u00f3n UAL\",\"description\":\"Proyecto UAL-ENCA\",\"publisher\":{\"@id\":\"https:\\\/\\\/www2.ual.es\\\/proyecto_aecid_UAL-ENCA\\\/#organization\"},\"potentialAction\":[{\"@type\":\"SearchAction\",\"target\":{\"@type\":\"EntryPoint\",\"urlTemplate\":\"https:\\\/\\\/www2.ual.es\\\/proyecto_aecid_UAL-ENCA\\\/?s={search_term_string}\"},\"query-input\":{\"@type\":\"PropertyValueSpecification\",\"valueRequired\":true,\"valueName\":\"search_term_string\"}}],\"inLanguage\":\"es\"},{\"@type\":\"Organization\",\"@id\":\"https:\\\/\\\/www2.ual.es\\\/proyecto_aecid_UAL-ENCA\\\/#organization\",\"name\":\"Colaboraci\u00f3n UAL\",\"url\":\"https:\\\/\\\/www2.ual.es\\\/proyecto_aecid_UAL-ENCA\\\/\",\"logo\":{\"@type\":\"ImageObject\",\"inLanguage\":\"es\",\"@id\":\"https:\\\/\\\/www2.ual.es\\\/proyecto_aecid_UAL-ENCA\\\/#\\\/schema\\\/logo\\\/image\\\/\",\"url\":\"https:\\\/\\\/www2.ual.es\\\/proyecto_aecid_UAL-ENCA\\\/wp-content\\\/uploads\\\/2025\\\/04\\\/cropped-logoUniversidad.png\",\"contentUrl\":\"https:\\\/\\\/www2.ual.es\\\/proyecto_aecid_UAL-ENCA\\\/wp-content\\\/uploads\\\/2025\\\/04\\\/cropped-logoUniversidad.png\",\"width\":512,\"height\":512,\"caption\":\"Colaboraci\u00f3n UAL\"},\"image\":{\"@id\":\"https:\\\/\\\/www2.ual.es\\\/proyecto_aecid_UAL-ENCA\\\/#\\\/schema\\\/logo\\\/image\\\/\"},\"sameAs\":[\"https:\\\/\\\/www.facebook.com\\\/colaboracion.UAL\",\"https:\\\/\\\/www.instagram.com\\\/colaboracion.ual\",\"https:\\\/\\\/www.tiktok.com\\\/@colaboracion.ual\"]},{\"@type\":\"Person\",\"@id\":\"https:\\\/\\\/www2.ual.es\\\/proyecto_aecid_UAL-ENCA\\\/#\\\/schema\\\/person\\\/972e4dd3b6cef18cd958398d0be27f80\",\"name\":\"enca-admin\",\"image\":{\"@type\":\"ImageObject\",\"inLanguage\":\"es\",\"@id\":\"https:\\\/\\\/secure.gravatar.com\\\/avatar\\\/d3f557e3081c5b56eb83c595e7c177c2d80c9d4a7da37300e7785e1bef6fa5fb?s=96&d=mm&r=g\",\"url\":\"https:\\\/\\\/secure.gravatar.com\\\/avatar\\\/d3f557e3081c5b56eb83c595e7c177c2d80c9d4a7da37300e7785e1bef6fa5fb?s=96&d=mm&r=g\",\"contentUrl\":\"https:\\\/\\\/secure.gravatar.com\\\/avatar\\\/d3f557e3081c5b56eb83c595e7c177c2d80c9d4a7da37300e7785e1bef6fa5fb?s=96&d=mm&r=g\",\"caption\":\"enca-admin\"},\"sameAs\":[\"http:\\\/\\\/www2.ual.es\\\/proyecto_aecid_UAL-ENCA\"],\"url\":\"https:\\\/\\\/www2.ual.es\\\/proyecto_aecid_UAL-ENCA\\\/author\\\/enca-admin\\\/\"}]}<\/script>\n<!-- \/ Yoast SEO plugin. -->","yoast_head_json":{"title":"ENCA: capacitando a la nueva generaci\u00f3n de agricultores sostenibles en Guatemala - UAL-ENCA","description":"Formamos una nueva generaci\u00f3n de agricultores con tecnolog\u00edas sostenibles, automatizaci\u00f3n y pr\u00e1cticas agroecol\u00f3gicas.","robots":{"index":"index","follow":"follow","max-snippet":"max-snippet:-1","max-image-preview":"max-image-preview:large","max-video-preview":"max-video-preview:-1"},"canonical":"https:\/\/www2.ual.es\/proyecto_aecid_UAL-ENCA\/2025\/04\/14\/enca-capacitando-a-la-nueva-generacion-de-agricultores-sostenibles-en-guatemala\/","og_locale":"es_ES","og_type":"article","og_title":"ENCA: capacitando a la nueva generaci\u00f3n de agricultores sostenibles en Guatemala - UAL-ENCA","og_description":"Formamos una nueva generaci\u00f3n de agricultores con tecnolog\u00edas sostenibles, automatizaci\u00f3n y pr\u00e1cticas agroecol\u00f3gicas.","og_url":"https:\/\/www2.ual.es\/proyecto_aecid_UAL-ENCA\/2025\/04\/14\/enca-capacitando-a-la-nueva-generacion-de-agricultores-sostenibles-en-guatemala\/","og_site_name":"UAL-ENCA","article_publisher":"https:\/\/www.facebook.com\/colaboracion.UAL","article_published_time":"2025-04-14T08:36:10+00:00","article_modified_time":"2025-06-05T09:52:30+00:00","og_image":[{"width":2000,"height":1500,"url":"https:\/\/www2.ual.es\/proyecto_aecid_UAL-ENCA\/wp-content\/uploads\/2025\/04\/PHOTO-2025-01-23-16-42-33.jpg","type":"image\/jpeg"}],"author":"enca-admin","twitter_card":"summary_large_image","twitter_misc":{"Escrito por":"enca-admin","Tiempo de lectura":"3 minutos"},"schema":{"@context":"https:\/\/schema.org","@graph":[{"@type":"Article","@id":"https:\/\/www2.ual.es\/proyecto_aecid_UAL-ENCA\/2025\/04\/14\/enca-capacitando-a-la-nueva-generacion-de-agricultores-sostenibles-en-guatemala\/#article","isPartOf":{"@id":"https:\/\/www2.ual.es\/proyecto_aecid_UAL-ENCA\/2025\/04\/14\/enca-capacitando-a-la-nueva-generacion-de-agricultores-sostenibles-en-guatemala\/"},"author":{"name":"enca-admin","@id":"https:\/\/www2.ual.es\/proyecto_aecid_UAL-ENCA\/#\/schema\/person\/972e4dd3b6cef18cd958398d0be27f80"},"headline":"ENCA: capacitando a la nueva generaci\u00f3n de agricultores sostenibles en Guatemala","datePublished":"2025-04-14T08:36:10+00:00","dateModified":"2025-06-05T09:52:30+00:00","mainEntityOfPage":{"@id":"https:\/\/www2.ual.es\/proyecto_aecid_UAL-ENCA\/2025\/04\/14\/enca-capacitando-a-la-nueva-generacion-de-agricultores-sostenibles-en-guatemala\/"},"wordCount":726,"publisher":{"@id":"https:\/\/www2.ual.es\/proyecto_aecid_UAL-ENCA\/#organization"},"image":{"@id":"https:\/\/www2.ual.es\/proyecto_aecid_UAL-ENCA\/2025\/04\/14\/enca-capacitando-a-la-nueva-generacion-de-agricultores-sostenibles-en-guatemala\/#primaryimage"},"thumbnailUrl":"https:\/\/www2.ual.es\/proyecto_aecid_UAL-ENCA\/wp-content\/uploads\/2025\/04\/PHOTO-2025-01-23-16-42-33.jpg","articleSection":["Guatemala"],"inLanguage":"es"},{"@type":"WebPage","@id":"https:\/\/www2.ual.es\/proyecto_aecid_UAL-ENCA\/2025\/04\/14\/enca-capacitando-a-la-nueva-generacion-de-agricultores-sostenibles-en-guatemala\/","url":"https:\/\/www2.ual.es\/proyecto_aecid_UAL-ENCA\/2025\/04\/14\/enca-capacitando-a-la-nueva-generacion-de-agricultores-sostenibles-en-guatemala\/","name":"ENCA: capacitando a la nueva generaci\u00f3n de agricultores sostenibles en Guatemala - UAL-ENCA","isPartOf":{"@id":"https:\/\/www2.ual.es\/proyecto_aecid_UAL-ENCA\/#website"},"primaryImageOfPage":{"@id":"https:\/\/www2.ual.es\/proyecto_aecid_UAL-ENCA\/2025\/04\/14\/enca-capacitando-a-la-nueva-generacion-de-agricultores-sostenibles-en-guatemala\/#primaryimage"},"image":{"@id":"https:\/\/www2.ual.es\/proyecto_aecid_UAL-ENCA\/2025\/04\/14\/enca-capacitando-a-la-nueva-generacion-de-agricultores-sostenibles-en-guatemala\/#primaryimage"},"thumbnailUrl":"https:\/\/www2.ual.es\/proyecto_aecid_UAL-ENCA\/wp-content\/uploads\/2025\/04\/PHOTO-2025-01-23-16-42-33.jpg","datePublished":"2025-04-14T08:36:10+00:00","dateModified":"2025-06-05T09:52:30+00:00","description":"Formamos una nueva generaci\u00f3n de agricultores con tecnolog\u00edas sostenibles, automatizaci\u00f3n y pr\u00e1cticas agroecol\u00f3gicas.","breadcrumb":{"@id":"https:\/\/www2.ual.es\/proyecto_aecid_UAL-ENCA\/2025\/04\/14\/enca-capacitando-a-la-nueva-generacion-de-agricultores-sostenibles-en-guatemala\/#breadcrumb"},"inLanguage":"es","potentialAction":[{"@type":"ReadAction","target":["https:\/\/www2.ual.es\/proyecto_aecid_UAL-ENCA\/2025\/04\/14\/enca-capacitando-a-la-nueva-generacion-de-agricultores-sostenibles-en-guatemala\/"]}]},{"@type":"ImageObject","inLanguage":"es","@id":"https:\/\/www2.ual.es\/proyecto_aecid_UAL-ENCA\/2025\/04\/14\/enca-capacitando-a-la-nueva-generacion-de-agricultores-sostenibles-en-guatemala\/#primaryimage","url":"https:\/\/www2.ual.es\/proyecto_aecid_UAL-ENCA\/wp-content\/uploads\/2025\/04\/PHOTO-2025-01-23-16-42-33.jpg","contentUrl":"https:\/\/www2.ual.es\/proyecto_aecid_UAL-ENCA\/wp-content\/uploads\/2025\/04\/PHOTO-2025-01-23-16-42-33.jpg","width":2000,"height":1500,"caption":"Generaci\u00f3n de agricultores"},{"@type":"BreadcrumbList","@id":"https:\/\/www2.ual.es\/proyecto_aecid_UAL-ENCA\/2025\/04\/14\/enca-capacitando-a-la-nueva-generacion-de-agricultores-sostenibles-en-guatemala\/#breadcrumb","itemListElement":[{"@type":"ListItem","position":1,"name":"Portada","item":"https:\/\/www2.ual.es\/proyecto_aecid_UAL-ENCA\/"},{"@type":"ListItem","position":2,"name":"ENCA: capacitando a la nueva generaci\u00f3n de agricultores sostenibles en Guatemala"}]},{"@type":"WebSite","@id":"https:\/\/www2.ual.es\/proyecto_aecid_UAL-ENCA\/#website","url":"https:\/\/www2.ual.es\/proyecto_aecid_UAL-ENCA\/","name":"Colaboraci\u00f3n UAL","description":"Proyecto UAL-ENCA","publisher":{"@id":"https:\/\/www2.ual.es\/proyecto_aecid_UAL-ENCA\/#organization"},"potentialAction":[{"@type":"SearchAction","target":{"@type":"EntryPoint","urlTemplate":"https:\/\/www2.ual.es\/proyecto_aecid_UAL-ENCA\/?s={search_term_string}"},"query-input":{"@type":"PropertyValueSpecification","valueRequired":true,"valueName":"search_term_string"}}],"inLanguage":"es"},{"@type":"Organization","@id":"https:\/\/www2.ual.es\/proyecto_aecid_UAL-ENCA\/#organization","name":"Colaboraci\u00f3n UAL","url":"https:\/\/www2.ual.es\/proyecto_aecid_UAL-ENCA\/","logo":{"@type":"ImageObject","inLanguage":"es","@id":"https:\/\/www2.ual.es\/proyecto_aecid_UAL-ENCA\/#\/schema\/logo\/image\/","url":"https:\/\/www2.ual.es\/proyecto_aecid_UAL-ENCA\/wp-content\/uploads\/2025\/04\/cropped-logoUniversidad.png","contentUrl":"https:\/\/www2.ual.es\/proyecto_aecid_UAL-ENCA\/wp-content\/uploads\/2025\/04\/cropped-logoUniversidad.png","width":512,"height":512,"caption":"Colaboraci\u00f3n UAL"},"image":{"@id":"https:\/\/www2.ual.es\/proyecto_aecid_UAL-ENCA\/#\/schema\/logo\/image\/"},"sameAs":["https:\/\/www.facebook.com\/colaboracion.UAL","https:\/\/www.instagram.com\/colaboracion.ual","https:\/\/www.tiktok.com\/@colaboracion.ual"]},{"@type":"Person","@id":"https:\/\/www2.ual.es\/proyecto_aecid_UAL-ENCA\/#\/schema\/person\/972e4dd3b6cef18cd958398d0be27f80","name":"enca-admin","image":{"@type":"ImageObject","inLanguage":"es","@id":"https:\/\/secure.gravatar.com\/avatar\/d3f557e3081c5b56eb83c595e7c177c2d80c9d4a7da37300e7785e1bef6fa5fb?s=96&d=mm&r=g","url":"https:\/\/secure.gravatar.com\/avatar\/d3f557e3081c5b56eb83c595e7c177c2d80c9d4a7da37300e7785e1bef6fa5fb?s=96&d=mm&r=g","contentUrl":"https:\/\/secure.gravatar.com\/avatar\/d3f557e3081c5b56eb83c595e7c177c2d80c9d4a7da37300e7785e1bef6fa5fb?s=96&d=mm&r=g","caption":"enca-admin"},"sameAs":["http:\/\/www2.ual.es\/proyecto_aecid_UAL-ENCA"],"url":"https:\/\/www2.ual.es\/proyecto_aecid_UAL-ENCA\/author\/enca-admin\/"}]}},"_links":{"self":[{"href":"https:\/\/www2.ual.es\/proyecto_aecid_UAL-ENCA\/wp-json\/wp\/v2\/posts\/532","targetHints":{"allow":["GET"]}}],"collection":[{"href":"https:\/\/www2.ual.es\/proyecto_aecid_UAL-ENCA\/wp-json\/wp\/v2\/posts"}],"about":[{"href":"https:\/\/www2.ual.es\/proyecto_aecid_UAL-ENCA\/wp-json\/wp\/v2\/types\/post"}],"author":[{"embeddable":true,"href":"https:\/\/www2.ual.es\/proyecto_aecid_UAL-ENCA\/wp-json\/wp\/v2\/users\/1"}],"replies":[{"embeddable":true,"href":"https:\/\/www2.ual.es\/proyecto_aecid_UAL-ENCA\/wp-json\/wp\/v2\/comments?post=532"}],"version-history":[{"count":9,"href":"https:\/\/www2.ual.es\/proyecto_aecid_UAL-ENCA\/wp-json\/wp\/v2\/posts\/532\/revisions"}],"predecessor-version":[{"id":1777,"href":"https:\/\/www2.ual.es\/proyecto_aecid_UAL-ENCA\/wp-json\/wp\/v2\/posts\/532\/revisions\/1777"}],"wp:featuredmedia":[{"embeddable":true,"href":"https:\/\/www2.ual.es\/proyecto_aecid_UAL-ENCA\/wp-json\/wp\/v2\/media\/29"}],"wp:attachment":[{"href":"https:\/\/www2.ual.es\/proyecto_aecid_UAL-ENCA\/wp-json\/wp\/v2\/media?parent=532"}],"wp:term":[{"taxonomy":"category","embeddable":true,"href":"https:\/\/www2.ual.es\/proyecto_aecid_UAL-ENCA\/wp-json\/wp\/v2\/categories?post=532"},{"taxonomy":"post_tag","embeddable":true,"href":"https:\/\/www2.ual.es\/proyecto_aecid_UAL-ENCA\/wp-json\/wp\/v2\/tags?post=532"}],"curies":[{"name":"wp","href":"https:\/\/api.w.org\/{rel}","templated":true}]}}