{"id":488,"date":"2025-04-01T09:50:16","date_gmt":"2025-04-01T09:50:16","guid":{"rendered":"http:\/\/localhost\/wordpress\/?p=488"},"modified":"2025-06-05T12:33:53","modified_gmt":"2025-06-05T10:33:53","slug":"empoderamiento-y-sostenibilidad-agricola-innovacion-y-cooperacion-internacional-para-un-futuro-mas-verde","status":"publish","type":"post","link":"https:\/\/www2.ual.es\/proyecto_aecid_UAL-ENCA\/2025\/04\/01\/empoderamiento-y-sostenibilidad-agricola-innovacion-y-cooperacion-internacional-para-un-futuro-mas-verde\/","title":{"rendered":"Empoderamiento y sostenibilidad agr\u00edcola: innovaci\u00f3n y cooperaci\u00f3n internacional para un futuro m\u00e1s verde"},"content":{"rendered":"\n[et_pb_section fb_built=\u00bb1&#8243; _builder_version=\u00bb4.27.4&#8243; _module_preset=\u00bbdefault\u00bb custom_padding=\u00bb0px||||false|false\u00bb global_colors_info=\u00bb{}\u00bb][et_pb_row _builder_version=\u00bb4.27.4&#8243; _module_preset=\u00bbdefault\u00bb global_colors_info=\u00bb{}\u00bb][et_pb_column type=\u00bb4_4&#8243; _builder_version=\u00bb4.27.4&#8243; _module_preset=\u00bbdefault\u00bb global_colors_info=\u00bb{}\u00bb][et_pb_text _builder_version=\u00bb4.27.4&#8243; _module_preset=\u00bbdefault\u00bb hover_enabled=\u00bb0&#8243; global_colors_info=\u00bb{}\u00bb sticky_enabled=\u00bb0&#8243;]<p style=\"text-align: justify;\">\u00a0El proyecto <strong>\u00abEmpoderamiento y Sostenibilidad en la Agricultura: Desarrollo de Capacidades Institucionales y Tecnol\u00f3gicas\u00bb<\/strong> impulsado por la <strong>Universidad de Almer\u00eda<\/strong> junto a la <strong>Cooperaci\u00f3n Espa\u00f1ola<\/strong> y las entidades colaboradoras <strong>SERCOM<\/strong> Automation y la <strong>Escuela Nacional Central de Agricultura (ENCA)<\/strong>, tiene como objetivo promover un modelo agr\u00edcola sostenible e innovador en Costa Rica, Guatemala y Nicaragua.<\/p>\n<p style=\"text-align: justify;\">Esta iniciativa busca desarrollar capacidades t\u00e9cnicas e institucionales mediante la implementaci\u00f3n de aulas invernadero modelo, espacios educativos y tecnol\u00f3gicos dise\u00f1ados para formar a peque\u00f1os agricultores en t\u00e9cnicas modernas y sostenibles. Este enfoque permite aumentar la producci\u00f3n agr\u00edcola, optimizar el uso de recursos naturales y reducir significativamente los impactos negativos del cambio clim\u00e1tico.<\/p>\n<p style=\"text-align: justify;\">Gracias al apoyo t\u00e9cnico especializado de <a href=\"https:\/\/www2.ual.es\/proyecto_aecid_UAL-ENCA\/sercom\/\" target=\"_blank\" rel=\"noopener\"><strong>SERCOM Automation<\/strong><\/a>, empresa l\u00edder en automatizaci\u00f3n agr\u00edcola basada en Almer\u00eda, reconocida por su experiencia en la gesti\u00f3n de sistemas agr\u00edcolas inteligentes, el proyecto asegura una implementaci\u00f3n eficiente y tecnol\u00f3gicamente avanzada. Por su parte, la <strong>ENCA<\/strong> aporta su vasta experiencia en formaci\u00f3n agr\u00edcola bajo su lema \u00abAprender Haciendo\u00bb, garantizando una educaci\u00f3n pr\u00e1ctica y relevante para los beneficiarios del proyecto en cada pa\u00eds.<\/p>\n<p style=\"text-align: justify;\">En Costa Rica, la iniciativa cuenta con el respaldo activo del <strong>Instituto Tecnol\u00f3gico de Costa Rica (TEC)<\/strong>, espec\u00edficamente en Cartago, cuyo campus ser\u00e1 sede del aula invernadero modelo, un espacio accesible donde productores locales podr\u00e1n adquirir conocimientos pr\u00e1cticos esenciales sobre agricultura sostenible y de precisi\u00f3n.<\/p>\n<p style=\"text-align: justify;\">La <strong>Universidad de Almer\u00eda<\/strong>, reconocida internacionalmente por sus avances en agricultura protegida y sostenible, act\u00faa como eje vertebrador del proyecto, aportando investigaci\u00f3n, innovaci\u00f3n tecnol\u00f3gica y su amplia experiencia en cooperaci\u00f3n internacional, especialmente en contextos similares al \u00abmar de pl\u00e1stico\u00bb de Almer\u00eda.<\/p>\n<p style=\"text-align: justify;\">Te invitamos a formar parte activa de este proyecto de <strong>Empoderamiento y Sostenibilidad en la Agricultura <\/strong>a\u00a0 trav\u00e9s de nuestras redes sociales. S\u00edguenos en Facebook e Instagram para descubrir semanalmente contenidos \u00fatiles y educativos sobre t\u00e9cnicas agr\u00edcolas sostenibles, eventos de formaci\u00f3n y testimonios de los protagonistas del cambio. Tambi\u00e9n nos encontrar\u00e1s en TikTok, donde compartiremos contenidos breves, din\u00e1micos y educativos sobre el d\u00eda a d\u00eda en los invernaderos, innovaciones agr\u00edcolas y consejos pr\u00e1cticos.<\/p>\n<p style=\"text-align: justify;\">Con esta plataforma de comunicaci\u00f3n y aprendizaje conjunto, buscamos empoderar comunidades rurales y garantizar la seguridad alimentaria en <a href=\"https:\/\/www2.ual.es\/proyecto_aecid_UAL-ENCA\/costa-rica\/\" target=\"_blank\" rel=\"noopener\"><strong>Costa Rica<\/strong><\/a>, <a href=\"https:\/\/www2.ual.es\/proyecto_aecid_UAL-ENCA\/guatemala-2\/\" target=\"_blank\" rel=\"noopener\"><strong>Guatemala<\/strong><\/a> y <a href=\"https:\/\/www2.ual.es\/proyecto_aecid_UAL-ENCA\/nicaragua\/\" target=\"_blank\" rel=\"noopener\"><strong>Nicaragua<\/strong><\/a>. \u00danete a nosotros para ser parte de esta gran transformaci\u00f3n hacia una agricultura m\u00e1s verde, innovadora y sostenible.<\/p>\n<p style=\"text-align: justify;\">S\u00edguenos en nuestras redes:<\/p>\n<ul>\n<li style=\"text-align: justify;\"><a target=\"_blank\" href=\"https:\/\/www.facebook.com\/colaboracion.UAL\/\" rel=\"noopener\">Facebook\u00a0<\/a><\/li>\n<li style=\"text-align: justify;\"><a target=\"_blank\" href=\"https:\/\/www.instagram.com\/colaboracion.ual\" rel=\"noopener\">Instagram<\/a><\/li>\n<li style=\"text-align: justify;\"><a target=\"_blank\" href=\"https:\/\/www.tiktok.com\/@colaboracion.ual\" rel=\"noopener\">TikTok<\/a><\/li>\n<\/ul>[\/et_pb_text][\/et_pb_column][\/et_pb_row][\/et_pb_section]\n","protected":false},"excerpt":{"rendered":"<p>\u00a0El proyecto \u00abEmpoderamiento y Sostenibilidad en la Agricultura: Desarrollo de Capacidades Institucionales y Tecnol\u00f3gicas\u00bb impulsado por la Universidad de Almer\u00eda junto a la Cooperaci\u00f3n Espa\u00f1ola y las entidades colaboradoras SERCOM Automation y la Escuela Nacional Central de Agricultura (ENCA), tiene como objetivo promover un modelo agr\u00edcola sostenible e innovador en Costa Rica, Guatemala y Nicaragua. [&hellip;]<\/p>\n","protected":false},"author":1,"featured_media":44,"comment_status":"closed","ping_status":"open","sticky":false,"template":"","format":"standard","meta":{"_et_pb_use_builder":"on","_et_pb_old_content":"","_et_gb_content_width":"1080","footnotes":""},"categories":[5,6,7],"tags":[],"class_list":["post-488","post","type-post","status-publish","format-standard","has-post-thumbnail","hentry","category-costa-rica","category-guatemala","category-nicaragua"],"yoast_head":"<!-- This site is optimized with the Yoast SEO plugin v27.4 - https:\/\/yoast.com\/product\/yoast-seo-wordpress\/ -->\n<title>Empoderamiento y sostenibilidad agr\u00edcola: innovaci\u00f3n y cooperaci\u00f3n internacional para un futuro m\u00e1s verde - UAL-ENCA<\/title>\n<meta name=\"description\" content=\"Descubre el proyecto internacional de Empoderamiento y Sostenibilidad Agr\u00edcola en Costa Rica, Guatemala y Nicaragua.\" \/>\n<meta name=\"robots\" content=\"index, follow, max-snippet:-1, max-image-preview:large, max-video-preview:-1\" \/>\n<link rel=\"canonical\" href=\"https:\/\/www2.ual.es\/proyecto_aecid_UAL-ENCA\/2025\/04\/01\/empoderamiento-y-sostenibilidad-agricola-innovacion-y-cooperacion-internacional-para-un-futuro-mas-verde\/\" \/>\n<meta property=\"og:locale\" content=\"es_ES\" \/>\n<meta property=\"og:type\" content=\"article\" \/>\n<meta property=\"og:title\" content=\"Empoderamiento y sostenibilidad agr\u00edcola: innovaci\u00f3n y cooperaci\u00f3n internacional para un futuro m\u00e1s verde - UAL-ENCA\" \/>\n<meta property=\"og:description\" content=\"Descubre el proyecto internacional de Empoderamiento y Sostenibilidad Agr\u00edcola en Costa Rica, Guatemala y Nicaragua.\" \/>\n<meta property=\"og:url\" content=\"https:\/\/www2.ual.es\/proyecto_aecid_UAL-ENCA\/2025\/04\/01\/empoderamiento-y-sostenibilidad-agricola-innovacion-y-cooperacion-internacional-para-un-futuro-mas-verde\/\" \/>\n<meta property=\"og:site_name\" content=\"UAL-ENCA\" \/>\n<meta property=\"article:publisher\" content=\"https:\/\/www.facebook.com\/colaboracion.UAL\" \/>\n<meta property=\"article:published_time\" content=\"2025-04-01T09:50:16+00:00\" \/>\n<meta property=\"article:modified_time\" content=\"2025-06-05T10:33:53+00:00\" \/>\n<meta property=\"og:image\" content=\"https:\/\/www2.ual.es\/proyecto_aecid_UAL-ENCA\/wp-content\/uploads\/2025\/04\/cultivosCosta.png\" \/>\n\t<meta property=\"og:image:width\" content=\"768\" \/>\n\t<meta property=\"og:image:height\" content=\"432\" \/>\n\t<meta property=\"og:image:type\" content=\"image\/png\" \/>\n<meta name=\"author\" content=\"enca-admin\" \/>\n<meta name=\"twitter:card\" content=\"summary_large_image\" \/>\n<meta name=\"twitter:label1\" content=\"Escrito por\" \/>\n\t<meta name=\"twitter:data1\" content=\"enca-admin\" \/>\n\t<meta name=\"twitter:label2\" content=\"Tiempo de lectura\" \/>\n\t<meta name=\"twitter:data2\" content=\"2 minutos\" \/>\n<script type=\"application\/ld+json\" class=\"yoast-schema-graph\">{\"@context\":\"https:\\\/\\\/schema.org\",\"@graph\":[{\"@type\":\"Article\",\"@id\":\"https:\\\/\\\/www2.ual.es\\\/proyecto_aecid_UAL-ENCA\\\/2025\\\/04\\\/01\\\/empoderamiento-y-sostenibilidad-agricola-innovacion-y-cooperacion-internacional-para-un-futuro-mas-verde\\\/#article\",\"isPartOf\":{\"@id\":\"https:\\\/\\\/www2.ual.es\\\/proyecto_aecid_UAL-ENCA\\\/2025\\\/04\\\/01\\\/empoderamiento-y-sostenibilidad-agricola-innovacion-y-cooperacion-internacional-para-un-futuro-mas-verde\\\/\"},\"author\":{\"name\":\"enca-admin\",\"@id\":\"https:\\\/\\\/www2.ual.es\\\/proyecto_aecid_UAL-ENCA\\\/#\\\/schema\\\/person\\\/972e4dd3b6cef18cd958398d0be27f80\"},\"headline\":\"Empoderamiento y sostenibilidad agr\u00edcola: innovaci\u00f3n y cooperaci\u00f3n internacional para un futuro m\u00e1s verde\",\"datePublished\":\"2025-04-01T09:50:16+00:00\",\"dateModified\":\"2025-06-05T10:33:53+00:00\",\"mainEntityOfPage\":{\"@id\":\"https:\\\/\\\/www2.ual.es\\\/proyecto_aecid_UAL-ENCA\\\/2025\\\/04\\\/01\\\/empoderamiento-y-sostenibilidad-agricola-innovacion-y-cooperacion-internacional-para-un-futuro-mas-verde\\\/\"},\"wordCount\":523,\"publisher\":{\"@id\":\"https:\\\/\\\/www2.ual.es\\\/proyecto_aecid_UAL-ENCA\\\/#organization\"},\"image\":{\"@id\":\"https:\\\/\\\/www2.ual.es\\\/proyecto_aecid_UAL-ENCA\\\/2025\\\/04\\\/01\\\/empoderamiento-y-sostenibilidad-agricola-innovacion-y-cooperacion-internacional-para-un-futuro-mas-verde\\\/#primaryimage\"},\"thumbnailUrl\":\"https:\\\/\\\/www2.ual.es\\\/proyecto_aecid_UAL-ENCA\\\/wp-content\\\/uploads\\\/2025\\\/04\\\/cultivosCosta.png\",\"articleSection\":[\"Costa Rica\",\"Guatemala\",\"Nicaragua\"],\"inLanguage\":\"es\"},{\"@type\":\"WebPage\",\"@id\":\"https:\\\/\\\/www2.ual.es\\\/proyecto_aecid_UAL-ENCA\\\/2025\\\/04\\\/01\\\/empoderamiento-y-sostenibilidad-agricola-innovacion-y-cooperacion-internacional-para-un-futuro-mas-verde\\\/\",\"url\":\"https:\\\/\\\/www2.ual.es\\\/proyecto_aecid_UAL-ENCA\\\/2025\\\/04\\\/01\\\/empoderamiento-y-sostenibilidad-agricola-innovacion-y-cooperacion-internacional-para-un-futuro-mas-verde\\\/\",\"name\":\"Empoderamiento y sostenibilidad agr\u00edcola: innovaci\u00f3n y cooperaci\u00f3n internacional para un futuro m\u00e1s verde - UAL-ENCA\",\"isPartOf\":{\"@id\":\"https:\\\/\\\/www2.ual.es\\\/proyecto_aecid_UAL-ENCA\\\/#website\"},\"primaryImageOfPage\":{\"@id\":\"https:\\\/\\\/www2.ual.es\\\/proyecto_aecid_UAL-ENCA\\\/2025\\\/04\\\/01\\\/empoderamiento-y-sostenibilidad-agricola-innovacion-y-cooperacion-internacional-para-un-futuro-mas-verde\\\/#primaryimage\"},\"image\":{\"@id\":\"https:\\\/\\\/www2.ual.es\\\/proyecto_aecid_UAL-ENCA\\\/2025\\\/04\\\/01\\\/empoderamiento-y-sostenibilidad-agricola-innovacion-y-cooperacion-internacional-para-un-futuro-mas-verde\\\/#primaryimage\"},\"thumbnailUrl\":\"https:\\\/\\\/www2.ual.es\\\/proyecto_aecid_UAL-ENCA\\\/wp-content\\\/uploads\\\/2025\\\/04\\\/cultivosCosta.png\",\"datePublished\":\"2025-04-01T09:50:16+00:00\",\"dateModified\":\"2025-06-05T10:33:53+00:00\",\"description\":\"Descubre el proyecto internacional de Empoderamiento y Sostenibilidad Agr\u00edcola en Costa Rica, Guatemala y Nicaragua.\",\"breadcrumb\":{\"@id\":\"https:\\\/\\\/www2.ual.es\\\/proyecto_aecid_UAL-ENCA\\\/2025\\\/04\\\/01\\\/empoderamiento-y-sostenibilidad-agricola-innovacion-y-cooperacion-internacional-para-un-futuro-mas-verde\\\/#breadcrumb\"},\"inLanguage\":\"es\",\"potentialAction\":[{\"@type\":\"ReadAction\",\"target\":[\"https:\\\/\\\/www2.ual.es\\\/proyecto_aecid_UAL-ENCA\\\/2025\\\/04\\\/01\\\/empoderamiento-y-sostenibilidad-agricola-innovacion-y-cooperacion-internacional-para-un-futuro-mas-verde\\\/\"]}]},{\"@type\":\"ImageObject\",\"inLanguage\":\"es\",\"@id\":\"https:\\\/\\\/www2.ual.es\\\/proyecto_aecid_UAL-ENCA\\\/2025\\\/04\\\/01\\\/empoderamiento-y-sostenibilidad-agricola-innovacion-y-cooperacion-internacional-para-un-futuro-mas-verde\\\/#primaryimage\",\"url\":\"https:\\\/\\\/www2.ual.es\\\/proyecto_aecid_UAL-ENCA\\\/wp-content\\\/uploads\\\/2025\\\/04\\\/cultivosCosta.png\",\"contentUrl\":\"https:\\\/\\\/www2.ual.es\\\/proyecto_aecid_UAL-ENCA\\\/wp-content\\\/uploads\\\/2025\\\/04\\\/cultivosCosta.png\",\"width\":768,\"height\":432,\"caption\":\"Empoderamiento y Sostenibilidad agr\u00edcola\"},{\"@type\":\"BreadcrumbList\",\"@id\":\"https:\\\/\\\/www2.ual.es\\\/proyecto_aecid_UAL-ENCA\\\/2025\\\/04\\\/01\\\/empoderamiento-y-sostenibilidad-agricola-innovacion-y-cooperacion-internacional-para-un-futuro-mas-verde\\\/#breadcrumb\",\"itemListElement\":[{\"@type\":\"ListItem\",\"position\":1,\"name\":\"Portada\",\"item\":\"https:\\\/\\\/www2.ual.es\\\/proyecto_aecid_UAL-ENCA\\\/\"},{\"@type\":\"ListItem\",\"position\":2,\"name\":\"Empoderamiento y sostenibilidad agr\u00edcola: innovaci\u00f3n y cooperaci\u00f3n internacional para un futuro m\u00e1s verde\"}]},{\"@type\":\"WebSite\",\"@id\":\"https:\\\/\\\/www2.ual.es\\\/proyecto_aecid_UAL-ENCA\\\/#website\",\"url\":\"https:\\\/\\\/www2.ual.es\\\/proyecto_aecid_UAL-ENCA\\\/\",\"name\":\"Colaboraci\u00f3n UAL\",\"description\":\"Proyecto UAL-ENCA\",\"publisher\":{\"@id\":\"https:\\\/\\\/www2.ual.es\\\/proyecto_aecid_UAL-ENCA\\\/#organization\"},\"potentialAction\":[{\"@type\":\"SearchAction\",\"target\":{\"@type\":\"EntryPoint\",\"urlTemplate\":\"https:\\\/\\\/www2.ual.es\\\/proyecto_aecid_UAL-ENCA\\\/?s={search_term_string}\"},\"query-input\":{\"@type\":\"PropertyValueSpecification\",\"valueRequired\":true,\"valueName\":\"search_term_string\"}}],\"inLanguage\":\"es\"},{\"@type\":\"Organization\",\"@id\":\"https:\\\/\\\/www2.ual.es\\\/proyecto_aecid_UAL-ENCA\\\/#organization\",\"name\":\"Colaboraci\u00f3n UAL\",\"url\":\"https:\\\/\\\/www2.ual.es\\\/proyecto_aecid_UAL-ENCA\\\/\",\"logo\":{\"@type\":\"ImageObject\",\"inLanguage\":\"es\",\"@id\":\"https:\\\/\\\/www2.ual.es\\\/proyecto_aecid_UAL-ENCA\\\/#\\\/schema\\\/logo\\\/image\\\/\",\"url\":\"https:\\\/\\\/www2.ual.es\\\/proyecto_aecid_UAL-ENCA\\\/wp-content\\\/uploads\\\/2025\\\/04\\\/cropped-logoUniversidad.png\",\"contentUrl\":\"https:\\\/\\\/www2.ual.es\\\/proyecto_aecid_UAL-ENCA\\\/wp-content\\\/uploads\\\/2025\\\/04\\\/cropped-logoUniversidad.png\",\"width\":512,\"height\":512,\"caption\":\"Colaboraci\u00f3n UAL\"},\"image\":{\"@id\":\"https:\\\/\\\/www2.ual.es\\\/proyecto_aecid_UAL-ENCA\\\/#\\\/schema\\\/logo\\\/image\\\/\"},\"sameAs\":[\"https:\\\/\\\/www.facebook.com\\\/colaboracion.UAL\",\"https:\\\/\\\/www.instagram.com\\\/colaboracion.ual\",\"https:\\\/\\\/www.tiktok.com\\\/@colaboracion.ual\"]},{\"@type\":\"Person\",\"@id\":\"https:\\\/\\\/www2.ual.es\\\/proyecto_aecid_UAL-ENCA\\\/#\\\/schema\\\/person\\\/972e4dd3b6cef18cd958398d0be27f80\",\"name\":\"enca-admin\",\"image\":{\"@type\":\"ImageObject\",\"inLanguage\":\"es\",\"@id\":\"https:\\\/\\\/secure.gravatar.com\\\/avatar\\\/d3f557e3081c5b56eb83c595e7c177c2d80c9d4a7da37300e7785e1bef6fa5fb?s=96&d=mm&r=g\",\"url\":\"https:\\\/\\\/secure.gravatar.com\\\/avatar\\\/d3f557e3081c5b56eb83c595e7c177c2d80c9d4a7da37300e7785e1bef6fa5fb?s=96&d=mm&r=g\",\"contentUrl\":\"https:\\\/\\\/secure.gravatar.com\\\/avatar\\\/d3f557e3081c5b56eb83c595e7c177c2d80c9d4a7da37300e7785e1bef6fa5fb?s=96&d=mm&r=g\",\"caption\":\"enca-admin\"},\"sameAs\":[\"http:\\\/\\\/www2.ual.es\\\/proyecto_aecid_UAL-ENCA\"],\"url\":\"https:\\\/\\\/www2.ual.es\\\/proyecto_aecid_UAL-ENCA\\\/author\\\/enca-admin\\\/\"}]}<\/script>\n<!-- \/ Yoast SEO plugin. -->","yoast_head_json":{"title":"Empoderamiento y sostenibilidad agr\u00edcola: innovaci\u00f3n y cooperaci\u00f3n internacional para un futuro m\u00e1s verde - UAL-ENCA","description":"Descubre el proyecto internacional de Empoderamiento y Sostenibilidad Agr\u00edcola en Costa Rica, Guatemala y Nicaragua.","robots":{"index":"index","follow":"follow","max-snippet":"max-snippet:-1","max-image-preview":"max-image-preview:large","max-video-preview":"max-video-preview:-1"},"canonical":"https:\/\/www2.ual.es\/proyecto_aecid_UAL-ENCA\/2025\/04\/01\/empoderamiento-y-sostenibilidad-agricola-innovacion-y-cooperacion-internacional-para-un-futuro-mas-verde\/","og_locale":"es_ES","og_type":"article","og_title":"Empoderamiento y sostenibilidad agr\u00edcola: innovaci\u00f3n y cooperaci\u00f3n internacional para un futuro m\u00e1s verde - UAL-ENCA","og_description":"Descubre el proyecto internacional de Empoderamiento y Sostenibilidad Agr\u00edcola en Costa Rica, Guatemala y Nicaragua.","og_url":"https:\/\/www2.ual.es\/proyecto_aecid_UAL-ENCA\/2025\/04\/01\/empoderamiento-y-sostenibilidad-agricola-innovacion-y-cooperacion-internacional-para-un-futuro-mas-verde\/","og_site_name":"UAL-ENCA","article_publisher":"https:\/\/www.facebook.com\/colaboracion.UAL","article_published_time":"2025-04-01T09:50:16+00:00","article_modified_time":"2025-06-05T10:33:53+00:00","og_image":[{"width":768,"height":432,"url":"https:\/\/www2.ual.es\/proyecto_aecid_UAL-ENCA\/wp-content\/uploads\/2025\/04\/cultivosCosta.png","type":"image\/png"}],"author":"enca-admin","twitter_card":"summary_large_image","twitter_misc":{"Escrito por":"enca-admin","Tiempo de lectura":"2 minutos"},"schema":{"@context":"https:\/\/schema.org","@graph":[{"@type":"Article","@id":"https:\/\/www2.ual.es\/proyecto_aecid_UAL-ENCA\/2025\/04\/01\/empoderamiento-y-sostenibilidad-agricola-innovacion-y-cooperacion-internacional-para-un-futuro-mas-verde\/#article","isPartOf":{"@id":"https:\/\/www2.ual.es\/proyecto_aecid_UAL-ENCA\/2025\/04\/01\/empoderamiento-y-sostenibilidad-agricola-innovacion-y-cooperacion-internacional-para-un-futuro-mas-verde\/"},"author":{"name":"enca-admin","@id":"https:\/\/www2.ual.es\/proyecto_aecid_UAL-ENCA\/#\/schema\/person\/972e4dd3b6cef18cd958398d0be27f80"},"headline":"Empoderamiento y sostenibilidad agr\u00edcola: innovaci\u00f3n y cooperaci\u00f3n internacional para un futuro m\u00e1s verde","datePublished":"2025-04-01T09:50:16+00:00","dateModified":"2025-06-05T10:33:53+00:00","mainEntityOfPage":{"@id":"https:\/\/www2.ual.es\/proyecto_aecid_UAL-ENCA\/2025\/04\/01\/empoderamiento-y-sostenibilidad-agricola-innovacion-y-cooperacion-internacional-para-un-futuro-mas-verde\/"},"wordCount":523,"publisher":{"@id":"https:\/\/www2.ual.es\/proyecto_aecid_UAL-ENCA\/#organization"},"image":{"@id":"https:\/\/www2.ual.es\/proyecto_aecid_UAL-ENCA\/2025\/04\/01\/empoderamiento-y-sostenibilidad-agricola-innovacion-y-cooperacion-internacional-para-un-futuro-mas-verde\/#primaryimage"},"thumbnailUrl":"https:\/\/www2.ual.es\/proyecto_aecid_UAL-ENCA\/wp-content\/uploads\/2025\/04\/cultivosCosta.png","articleSection":["Costa Rica","Guatemala","Nicaragua"],"inLanguage":"es"},{"@type":"WebPage","@id":"https:\/\/www2.ual.es\/proyecto_aecid_UAL-ENCA\/2025\/04\/01\/empoderamiento-y-sostenibilidad-agricola-innovacion-y-cooperacion-internacional-para-un-futuro-mas-verde\/","url":"https:\/\/www2.ual.es\/proyecto_aecid_UAL-ENCA\/2025\/04\/01\/empoderamiento-y-sostenibilidad-agricola-innovacion-y-cooperacion-internacional-para-un-futuro-mas-verde\/","name":"Empoderamiento y sostenibilidad agr\u00edcola: innovaci\u00f3n y cooperaci\u00f3n internacional para un futuro m\u00e1s verde - UAL-ENCA","isPartOf":{"@id":"https:\/\/www2.ual.es\/proyecto_aecid_UAL-ENCA\/#website"},"primaryImageOfPage":{"@id":"https:\/\/www2.ual.es\/proyecto_aecid_UAL-ENCA\/2025\/04\/01\/empoderamiento-y-sostenibilidad-agricola-innovacion-y-cooperacion-internacional-para-un-futuro-mas-verde\/#primaryimage"},"image":{"@id":"https:\/\/www2.ual.es\/proyecto_aecid_UAL-ENCA\/2025\/04\/01\/empoderamiento-y-sostenibilidad-agricola-innovacion-y-cooperacion-internacional-para-un-futuro-mas-verde\/#primaryimage"},"thumbnailUrl":"https:\/\/www2.ual.es\/proyecto_aecid_UAL-ENCA\/wp-content\/uploads\/2025\/04\/cultivosCosta.png","datePublished":"2025-04-01T09:50:16+00:00","dateModified":"2025-06-05T10:33:53+00:00","description":"Descubre el proyecto internacional de Empoderamiento y Sostenibilidad Agr\u00edcola en Costa Rica, Guatemala y Nicaragua.","breadcrumb":{"@id":"https:\/\/www2.ual.es\/proyecto_aecid_UAL-ENCA\/2025\/04\/01\/empoderamiento-y-sostenibilidad-agricola-innovacion-y-cooperacion-internacional-para-un-futuro-mas-verde\/#breadcrumb"},"inLanguage":"es","potentialAction":[{"@type":"ReadAction","target":["https:\/\/www2.ual.es\/proyecto_aecid_UAL-ENCA\/2025\/04\/01\/empoderamiento-y-sostenibilidad-agricola-innovacion-y-cooperacion-internacional-para-un-futuro-mas-verde\/"]}]},{"@type":"ImageObject","inLanguage":"es","@id":"https:\/\/www2.ual.es\/proyecto_aecid_UAL-ENCA\/2025\/04\/01\/empoderamiento-y-sostenibilidad-agricola-innovacion-y-cooperacion-internacional-para-un-futuro-mas-verde\/#primaryimage","url":"https:\/\/www2.ual.es\/proyecto_aecid_UAL-ENCA\/wp-content\/uploads\/2025\/04\/cultivosCosta.png","contentUrl":"https:\/\/www2.ual.es\/proyecto_aecid_UAL-ENCA\/wp-content\/uploads\/2025\/04\/cultivosCosta.png","width":768,"height":432,"caption":"Empoderamiento y Sostenibilidad agr\u00edcola"},{"@type":"BreadcrumbList","@id":"https:\/\/www2.ual.es\/proyecto_aecid_UAL-ENCA\/2025\/04\/01\/empoderamiento-y-sostenibilidad-agricola-innovacion-y-cooperacion-internacional-para-un-futuro-mas-verde\/#breadcrumb","itemListElement":[{"@type":"ListItem","position":1,"name":"Portada","item":"https:\/\/www2.ual.es\/proyecto_aecid_UAL-ENCA\/"},{"@type":"ListItem","position":2,"name":"Empoderamiento y sostenibilidad agr\u00edcola: innovaci\u00f3n y cooperaci\u00f3n internacional para un futuro m\u00e1s verde"}]},{"@type":"WebSite","@id":"https:\/\/www2.ual.es\/proyecto_aecid_UAL-ENCA\/#website","url":"https:\/\/www2.ual.es\/proyecto_aecid_UAL-ENCA\/","name":"Colaboraci\u00f3n UAL","description":"Proyecto UAL-ENCA","publisher":{"@id":"https:\/\/www2.ual.es\/proyecto_aecid_UAL-ENCA\/#organization"},"potentialAction":[{"@type":"SearchAction","target":{"@type":"EntryPoint","urlTemplate":"https:\/\/www2.ual.es\/proyecto_aecid_UAL-ENCA\/?s={search_term_string}"},"query-input":{"@type":"PropertyValueSpecification","valueRequired":true,"valueName":"search_term_string"}}],"inLanguage":"es"},{"@type":"Organization","@id":"https:\/\/www2.ual.es\/proyecto_aecid_UAL-ENCA\/#organization","name":"Colaboraci\u00f3n UAL","url":"https:\/\/www2.ual.es\/proyecto_aecid_UAL-ENCA\/","logo":{"@type":"ImageObject","inLanguage":"es","@id":"https:\/\/www2.ual.es\/proyecto_aecid_UAL-ENCA\/#\/schema\/logo\/image\/","url":"https:\/\/www2.ual.es\/proyecto_aecid_UAL-ENCA\/wp-content\/uploads\/2025\/04\/cropped-logoUniversidad.png","contentUrl":"https:\/\/www2.ual.es\/proyecto_aecid_UAL-ENCA\/wp-content\/uploads\/2025\/04\/cropped-logoUniversidad.png","width":512,"height":512,"caption":"Colaboraci\u00f3n UAL"},"image":{"@id":"https:\/\/www2.ual.es\/proyecto_aecid_UAL-ENCA\/#\/schema\/logo\/image\/"},"sameAs":["https:\/\/www.facebook.com\/colaboracion.UAL","https:\/\/www.instagram.com\/colaboracion.ual","https:\/\/www.tiktok.com\/@colaboracion.ual"]},{"@type":"Person","@id":"https:\/\/www2.ual.es\/proyecto_aecid_UAL-ENCA\/#\/schema\/person\/972e4dd3b6cef18cd958398d0be27f80","name":"enca-admin","image":{"@type":"ImageObject","inLanguage":"es","@id":"https:\/\/secure.gravatar.com\/avatar\/d3f557e3081c5b56eb83c595e7c177c2d80c9d4a7da37300e7785e1bef6fa5fb?s=96&d=mm&r=g","url":"https:\/\/secure.gravatar.com\/avatar\/d3f557e3081c5b56eb83c595e7c177c2d80c9d4a7da37300e7785e1bef6fa5fb?s=96&d=mm&r=g","contentUrl":"https:\/\/secure.gravatar.com\/avatar\/d3f557e3081c5b56eb83c595e7c177c2d80c9d4a7da37300e7785e1bef6fa5fb?s=96&d=mm&r=g","caption":"enca-admin"},"sameAs":["http:\/\/www2.ual.es\/proyecto_aecid_UAL-ENCA"],"url":"https:\/\/www2.ual.es\/proyecto_aecid_UAL-ENCA\/author\/enca-admin\/"}]}},"_links":{"self":[{"href":"https:\/\/www2.ual.es\/proyecto_aecid_UAL-ENCA\/wp-json\/wp\/v2\/posts\/488","targetHints":{"allow":["GET"]}}],"collection":[{"href":"https:\/\/www2.ual.es\/proyecto_aecid_UAL-ENCA\/wp-json\/wp\/v2\/posts"}],"about":[{"href":"https:\/\/www2.ual.es\/proyecto_aecid_UAL-ENCA\/wp-json\/wp\/v2\/types\/post"}],"author":[{"embeddable":true,"href":"https:\/\/www2.ual.es\/proyecto_aecid_UAL-ENCA\/wp-json\/wp\/v2\/users\/1"}],"replies":[{"embeddable":true,"href":"https:\/\/www2.ual.es\/proyecto_aecid_UAL-ENCA\/wp-json\/wp\/v2\/comments?post=488"}],"version-history":[{"count":6,"href":"https:\/\/www2.ual.es\/proyecto_aecid_UAL-ENCA\/wp-json\/wp\/v2\/posts\/488\/revisions"}],"predecessor-version":[{"id":1795,"href":"https:\/\/www2.ual.es\/proyecto_aecid_UAL-ENCA\/wp-json\/wp\/v2\/posts\/488\/revisions\/1795"}],"wp:featuredmedia":[{"embeddable":true,"href":"https:\/\/www2.ual.es\/proyecto_aecid_UAL-ENCA\/wp-json\/wp\/v2\/media\/44"}],"wp:attachment":[{"href":"https:\/\/www2.ual.es\/proyecto_aecid_UAL-ENCA\/wp-json\/wp\/v2\/media?parent=488"}],"wp:term":[{"taxonomy":"category","embeddable":true,"href":"https:\/\/www2.ual.es\/proyecto_aecid_UAL-ENCA\/wp-json\/wp\/v2\/categories?post=488"},{"taxonomy":"post_tag","embeddable":true,"href":"https:\/\/www2.ual.es\/proyecto_aecid_UAL-ENCA\/wp-json\/wp\/v2\/tags?post=488"}],"curies":[{"name":"wp","href":"https:\/\/api.w.org\/{rel}","templated":true}]}}