{"id":254,"date":"2025-04-10T09:28:08","date_gmt":"2025-04-10T07:28:08","guid":{"rendered":"http:\/\/localhost\/wordpress\/?p=254"},"modified":"2025-06-05T12:05:03","modified_gmt":"2025-06-05T10:05:03","slug":"como-los-invernaderos-modelo-estan-transformando-la-agricultura-sostenible-en-guatemala","status":"publish","type":"post","link":"https:\/\/www2.ual.es\/proyecto_aecid_UAL-ENCA\/2025\/04\/10\/como-los-invernaderos-modelo-estan-transformando-la-agricultura-sostenible-en-guatemala\/","title":{"rendered":"C\u00f3mo los invernaderos modelo est\u00e1n transformando la agricultura sostenible en Guatemala"},"content":{"rendered":"\n[et_pb_section fb_built=\u00bb1&#8243; _builder_version=\u00bb4.27.4&#8243; _module_preset=\u00bbdefault\u00bb custom_margin=\u00bb||10px||false|false\u00bb custom_padding=\u00bb0px||||false|false\u00bb global_colors_info=\u00bb{}\u00bb][et_pb_row _builder_version=\u00bb4.27.4&#8243; _module_preset=\u00bbdefault\u00bb global_colors_info=\u00bb{}\u00bb][et_pb_column type=\u00bb4_4&#8243; _builder_version=\u00bb4.27.4&#8243; _module_preset=\u00bbdefault\u00bb global_colors_info=\u00bb{}\u00bb][et_pb_text _builder_version=\u00bb4.27.4&#8243; _module_preset=\u00bbdefault\u00bb global_colors_info=\u00bb{}\u00bb]<p style=\"text-align: justify;\">La agricultura guatemalteca enfrenta hoy m\u00faltiples desaf\u00edos relacionados con la variabilidad clim\u00e1tica, la eficiencia en el uso de recursos naturales y la seguridad alimentaria. Frente a estos retos, el proyecto <strong>\u00abEmpoderamiento y Sostenibilidad en la Agricultura\u00bb<\/strong>, promovido por la <strong>Universidad de Almer\u00eda<\/strong>, la <strong>Cooperaci\u00f3n Espa\u00f1ola<\/strong>, <a href=\"https:\/\/www2.ual.es\/proyecto_aecid_UAL-ENCA\/sercom\/\"><strong>SERCOM<\/strong> <strong>Automation<\/strong><\/a> y la <strong>Escuela Nacional Central de Agricultura (ENCA)<\/strong>, ofrece soluciones concretas mediante la implementaci\u00f3n de Invernaderos Modelo, marcando una transformaci\u00f3n sustancial hacia una agricultura m\u00e1s sostenible y productiva.<\/p>\n<p style=\"text-align: justify;\">Los <strong>Invernaderos Modelo<\/strong> que se est\u00e1n desarrollando en Guatemala se basan en un sistema innovador que combina tecnolog\u00edas avanzadas y capacitaci\u00f3n t\u00e9cnica, permitiendo una producci\u00f3n agr\u00edcola m\u00e1s eficiente y resiliente ante los efectos del cambio clim\u00e1tico. Estos espacios educativos y productivos han sido especialmente dise\u00f1ados para transferir t\u00e9cnicas modernas a los peque\u00f1os agricultores, incrementando notablemente su productividad y la calidad de sus cultivos.<\/p>\n<p style=\"text-align: justify;\">Entre las tecnolog\u00edas aplicadas, destaca el riego por goteo y sistemas inteligentes automatizados, que administran de forma precisa el agua y nutrientes necesarios para el crecimiento \u00f3ptimo de las plantas. Esta t\u00e9cnica permite reducir dr\u00e1sticamente el desperdicio de agua, recurso especialmente valioso en regiones agr\u00edcolas que enfrentan per\u00edodos prolongados de sequ\u00eda.<\/p>\n<p style=\"text-align: justify;\">Adem\u00e1s, los invernaderos cuentan con materiales especiales que facilitan un control estricto del microclima interno, protegiendo los cultivos de fen\u00f3menos clim\u00e1ticos extremos como lluvias intensas, vientos fuertes o heladas. Esta protecci\u00f3n ambiental mejora la producci\u00f3n agr\u00edcola y reduce la p\u00e9rdida de cultivos, fortaleciendo la seguridad alimentaria en comunidades rurales.<\/p>[\/et_pb_text][\/et_pb_column][\/et_pb_row][et_pb_row _builder_version=\u00bb4.27.4&#8243; _module_preset=\u00bbdefault\u00bb global_colors_info=\u00bb{}\u00bb][et_pb_column type=\u00bb4_4&#8243; _builder_version=\u00bb4.27.4&#8243; _module_preset=\u00bbdefault\u00bb global_colors_info=\u00bb{}\u00bb][et_pb_text _builder_version=\u00bb4.27.4&#8243; _module_preset=\u00bbdefault\u00bb custom_margin=\u00bb||0px||false|false\u00bb global_colors_info=\u00bb{}\u00bb]<p><strong>\u00a1<span data-teams=\"true\">Encuentra a la ENCA en redes sociales y s\u00edguenos!<\/span><\/strong><\/p>[\/et_pb_text][et_pb_social_media_follow _builder_version=\u00bb4.27.4&#8243; _module_preset=\u00bbdefault\u00bb global_colors_info=\u00bb{}\u00bb][et_pb_social_media_follow_network social_network=\u00bbfacebook\u00bb url=\u00bbhttps:\/\/www.facebook.com\/ENCAGT\u00bb _builder_version=\u00bb4.27.4&#8243; _module_preset=\u00bbdefault\u00bb background_color=\u00bb#3b5998&#8243; global_colors_info=\u00bb{}\u00bb follow_button=\u00bboff\u00bb url_new_window=\u00bbon\u00bb]facebook[\/et_pb_social_media_follow_network][et_pb_social_media_follow_network social_network=\u00bbtwitter\u00bb url=\u00bbhttps:\/\/x.com\/enca_gt\u00bb _builder_version=\u00bb4.27.4&#8243; _module_preset=\u00bbdefault\u00bb background_color=\u00bb#000000&#8243; global_colors_info=\u00bb{}\u00bb follow_button=\u00bboff\u00bb url_new_window=\u00bbon\u00bb]X[\/et_pb_social_media_follow_network][et_pb_social_media_follow_network social_network=\u00bbinstagram\u00bb url=\u00bbhttps:\/\/www.instagram.com\/enca.gt\u00bb _builder_version=\u00bb4.27.4&#8243; _module_preset=\u00bbdefault\u00bb background_color=\u00bb#E02B20&#8243; background_enable_color=\u00bbon\u00bb global_colors_info=\u00bb{}\u00bb follow_button=\u00bboff\u00bb url_new_window=\u00bbon\u00bb]instagram[\/et_pb_social_media_follow_network][et_pb_social_media_follow_network social_network=\u00bbtiktok\u00bb url=\u00bbhttps:\/\/www.tiktok.com\/@enca_gt\u00bb _builder_version=\u00bb4.27.4&#8243; _module_preset=\u00bbdefault\u00bb background_color=\u00bb#000000&#8243; background_enable_color=\u00bbon\u00bb global_colors_info=\u00bb{}\u00bb follow_button=\u00bboff\u00bb url_new_window=\u00bbon\u00bb]tiktok[\/et_pb_social_media_follow_network][\/et_pb_social_media_follow][\/et_pb_column][\/et_pb_row][\/et_pb_section]\n","protected":false},"excerpt":{"rendered":"<p>La agricultura guatemalteca enfrenta hoy m\u00faltiples desaf\u00edos relacionados con la variabilidad clim\u00e1tica, la eficiencia en el uso de recursos naturales y la seguridad alimentaria. Frente a estos retos, el proyecto \u00abEmpoderamiento y Sostenibilidad en la Agricultura\u00bb, promovido por la Universidad de Almer\u00eda, la Cooperaci\u00f3n Espa\u00f1ola, SERCOM Automation y la Escuela Nacional Central de Agricultura (ENCA), [&hellip;]<\/p>\n","protected":false},"author":1,"featured_media":21,"comment_status":"closed","ping_status":"open","sticky":false,"template":"","format":"standard","meta":{"_et_pb_use_builder":"on","_et_pb_old_content":"","_et_gb_content_width":"1080","footnotes":""},"categories":[6],"tags":[],"class_list":["post-254","post","type-post","status-publish","format-standard","has-post-thumbnail","hentry","category-guatemala"],"yoast_head":"<!-- This site is optimized with the Yoast SEO plugin v27.4 - https:\/\/yoast.com\/product\/yoast-seo-wordpress\/ -->\n<title>C\u00f3mo los invernaderos modelo est\u00e1n transformando la agricultura sostenible en Guatemala - UAL-ENCA<\/title>\n<meta name=\"description\" content=\"Invernaderos Modelo en Guatemala transforman la agricultura local con tecnolog\u00eda y formaci\u00f3n para enfrentar el cambio clim\u00e1tico.\" \/>\n<meta name=\"robots\" content=\"index, follow, max-snippet:-1, max-image-preview:large, max-video-preview:-1\" \/>\n<link rel=\"canonical\" href=\"https:\/\/www2.ual.es\/proyecto_aecid_UAL-ENCA\/2025\/04\/10\/como-los-invernaderos-modelo-estan-transformando-la-agricultura-sostenible-en-guatemala\/\" \/>\n<meta property=\"og:locale\" content=\"es_ES\" \/>\n<meta property=\"og:type\" content=\"article\" \/>\n<meta property=\"og:title\" content=\"C\u00f3mo los invernaderos modelo est\u00e1n transformando la agricultura sostenible en Guatemala - UAL-ENCA\" \/>\n<meta property=\"og:description\" content=\"Invernaderos Modelo en Guatemala transforman la agricultura local con tecnolog\u00eda y formaci\u00f3n para enfrentar el cambio clim\u00e1tico.\" \/>\n<meta property=\"og:url\" content=\"https:\/\/www2.ual.es\/proyecto_aecid_UAL-ENCA\/2025\/04\/10\/como-los-invernaderos-modelo-estan-transformando-la-agricultura-sostenible-en-guatemala\/\" \/>\n<meta property=\"og:site_name\" content=\"UAL-ENCA\" \/>\n<meta property=\"article:publisher\" content=\"https:\/\/www.facebook.com\/colaboracion.UAL\" \/>\n<meta property=\"article:published_time\" content=\"2025-04-10T07:28:08+00:00\" \/>\n<meta property=\"article:modified_time\" content=\"2025-06-05T10:05:03+00:00\" \/>\n<meta property=\"og:image\" content=\"https:\/\/www2.ual.es\/proyecto_aecid_UAL-ENCA\/wp-content\/uploads\/2025\/04\/PHOTO-2023-03-31-17-19-32.jpg\" \/>\n\t<meta property=\"og:image:width\" content=\"1600\" \/>\n\t<meta property=\"og:image:height\" content=\"1200\" \/>\n\t<meta property=\"og:image:type\" content=\"image\/jpeg\" \/>\n<meta name=\"author\" content=\"enca-admin\" \/>\n<meta name=\"twitter:card\" content=\"summary_large_image\" \/>\n<meta name=\"twitter:label1\" content=\"Escrito por\" \/>\n\t<meta name=\"twitter:data1\" content=\"enca-admin\" \/>\n\t<meta name=\"twitter:label2\" content=\"Tiempo de lectura\" \/>\n\t<meta name=\"twitter:data2\" content=\"2 minutos\" \/>\n<script type=\"application\/ld+json\" class=\"yoast-schema-graph\">{\"@context\":\"https:\\\/\\\/schema.org\",\"@graph\":[{\"@type\":\"Article\",\"@id\":\"https:\\\/\\\/www2.ual.es\\\/proyecto_aecid_UAL-ENCA\\\/2025\\\/04\\\/10\\\/como-los-invernaderos-modelo-estan-transformando-la-agricultura-sostenible-en-guatemala\\\/#article\",\"isPartOf\":{\"@id\":\"https:\\\/\\\/www2.ual.es\\\/proyecto_aecid_UAL-ENCA\\\/2025\\\/04\\\/10\\\/como-los-invernaderos-modelo-estan-transformando-la-agricultura-sostenible-en-guatemala\\\/\"},\"author\":{\"name\":\"enca-admin\",\"@id\":\"https:\\\/\\\/www2.ual.es\\\/proyecto_aecid_UAL-ENCA\\\/#\\\/schema\\\/person\\\/972e4dd3b6cef18cd958398d0be27f80\"},\"headline\":\"C\u00f3mo los invernaderos modelo est\u00e1n transformando la agricultura sostenible en Guatemala\",\"datePublished\":\"2025-04-10T07:28:08+00:00\",\"dateModified\":\"2025-06-05T10:05:03+00:00\",\"mainEntityOfPage\":{\"@id\":\"https:\\\/\\\/www2.ual.es\\\/proyecto_aecid_UAL-ENCA\\\/2025\\\/04\\\/10\\\/como-los-invernaderos-modelo-estan-transformando-la-agricultura-sostenible-en-guatemala\\\/\"},\"wordCount\":598,\"publisher\":{\"@id\":\"https:\\\/\\\/www2.ual.es\\\/proyecto_aecid_UAL-ENCA\\\/#organization\"},\"image\":{\"@id\":\"https:\\\/\\\/www2.ual.es\\\/proyecto_aecid_UAL-ENCA\\\/2025\\\/04\\\/10\\\/como-los-invernaderos-modelo-estan-transformando-la-agricultura-sostenible-en-guatemala\\\/#primaryimage\"},\"thumbnailUrl\":\"https:\\\/\\\/www2.ual.es\\\/proyecto_aecid_UAL-ENCA\\\/wp-content\\\/uploads\\\/2025\\\/04\\\/PHOTO-2023-03-31-17-19-32.jpg\",\"articleSection\":[\"Guatemala\"],\"inLanguage\":\"es\"},{\"@type\":\"WebPage\",\"@id\":\"https:\\\/\\\/www2.ual.es\\\/proyecto_aecid_UAL-ENCA\\\/2025\\\/04\\\/10\\\/como-los-invernaderos-modelo-estan-transformando-la-agricultura-sostenible-en-guatemala\\\/\",\"url\":\"https:\\\/\\\/www2.ual.es\\\/proyecto_aecid_UAL-ENCA\\\/2025\\\/04\\\/10\\\/como-los-invernaderos-modelo-estan-transformando-la-agricultura-sostenible-en-guatemala\\\/\",\"name\":\"C\u00f3mo los invernaderos modelo est\u00e1n transformando la agricultura sostenible en Guatemala - UAL-ENCA\",\"isPartOf\":{\"@id\":\"https:\\\/\\\/www2.ual.es\\\/proyecto_aecid_UAL-ENCA\\\/#website\"},\"primaryImageOfPage\":{\"@id\":\"https:\\\/\\\/www2.ual.es\\\/proyecto_aecid_UAL-ENCA\\\/2025\\\/04\\\/10\\\/como-los-invernaderos-modelo-estan-transformando-la-agricultura-sostenible-en-guatemala\\\/#primaryimage\"},\"image\":{\"@id\":\"https:\\\/\\\/www2.ual.es\\\/proyecto_aecid_UAL-ENCA\\\/2025\\\/04\\\/10\\\/como-los-invernaderos-modelo-estan-transformando-la-agricultura-sostenible-en-guatemala\\\/#primaryimage\"},\"thumbnailUrl\":\"https:\\\/\\\/www2.ual.es\\\/proyecto_aecid_UAL-ENCA\\\/wp-content\\\/uploads\\\/2025\\\/04\\\/PHOTO-2023-03-31-17-19-32.jpg\",\"datePublished\":\"2025-04-10T07:28:08+00:00\",\"dateModified\":\"2025-06-05T10:05:03+00:00\",\"description\":\"Invernaderos Modelo en Guatemala transforman la agricultura local con tecnolog\u00eda y formaci\u00f3n para enfrentar el cambio clim\u00e1tico.\",\"breadcrumb\":{\"@id\":\"https:\\\/\\\/www2.ual.es\\\/proyecto_aecid_UAL-ENCA\\\/2025\\\/04\\\/10\\\/como-los-invernaderos-modelo-estan-transformando-la-agricultura-sostenible-en-guatemala\\\/#breadcrumb\"},\"inLanguage\":\"es\",\"potentialAction\":[{\"@type\":\"ReadAction\",\"target\":[\"https:\\\/\\\/www2.ual.es\\\/proyecto_aecid_UAL-ENCA\\\/2025\\\/04\\\/10\\\/como-los-invernaderos-modelo-estan-transformando-la-agricultura-sostenible-en-guatemala\\\/\"]}]},{\"@type\":\"ImageObject\",\"inLanguage\":\"es\",\"@id\":\"https:\\\/\\\/www2.ual.es\\\/proyecto_aecid_UAL-ENCA\\\/2025\\\/04\\\/10\\\/como-los-invernaderos-modelo-estan-transformando-la-agricultura-sostenible-en-guatemala\\\/#primaryimage\",\"url\":\"https:\\\/\\\/www2.ual.es\\\/proyecto_aecid_UAL-ENCA\\\/wp-content\\\/uploads\\\/2025\\\/04\\\/PHOTO-2023-03-31-17-19-32.jpg\",\"contentUrl\":\"https:\\\/\\\/www2.ual.es\\\/proyecto_aecid_UAL-ENCA\\\/wp-content\\\/uploads\\\/2025\\\/04\\\/PHOTO-2023-03-31-17-19-32.jpg\",\"width\":1600,\"height\":1200,\"caption\":\"Agricultura - invernadero sostenible\"},{\"@type\":\"BreadcrumbList\",\"@id\":\"https:\\\/\\\/www2.ual.es\\\/proyecto_aecid_UAL-ENCA\\\/2025\\\/04\\\/10\\\/como-los-invernaderos-modelo-estan-transformando-la-agricultura-sostenible-en-guatemala\\\/#breadcrumb\",\"itemListElement\":[{\"@type\":\"ListItem\",\"position\":1,\"name\":\"Portada\",\"item\":\"https:\\\/\\\/www2.ual.es\\\/proyecto_aecid_UAL-ENCA\\\/\"},{\"@type\":\"ListItem\",\"position\":2,\"name\":\"C\u00f3mo los invernaderos modelo est\u00e1n transformando la agricultura sostenible en Guatemala\"}]},{\"@type\":\"WebSite\",\"@id\":\"https:\\\/\\\/www2.ual.es\\\/proyecto_aecid_UAL-ENCA\\\/#website\",\"url\":\"https:\\\/\\\/www2.ual.es\\\/proyecto_aecid_UAL-ENCA\\\/\",\"name\":\"Colaboraci\u00f3n UAL\",\"description\":\"Proyecto UAL-ENCA\",\"publisher\":{\"@id\":\"https:\\\/\\\/www2.ual.es\\\/proyecto_aecid_UAL-ENCA\\\/#organization\"},\"potentialAction\":[{\"@type\":\"SearchAction\",\"target\":{\"@type\":\"EntryPoint\",\"urlTemplate\":\"https:\\\/\\\/www2.ual.es\\\/proyecto_aecid_UAL-ENCA\\\/?s={search_term_string}\"},\"query-input\":{\"@type\":\"PropertyValueSpecification\",\"valueRequired\":true,\"valueName\":\"search_term_string\"}}],\"inLanguage\":\"es\"},{\"@type\":\"Organization\",\"@id\":\"https:\\\/\\\/www2.ual.es\\\/proyecto_aecid_UAL-ENCA\\\/#organization\",\"name\":\"Colaboraci\u00f3n UAL\",\"url\":\"https:\\\/\\\/www2.ual.es\\\/proyecto_aecid_UAL-ENCA\\\/\",\"logo\":{\"@type\":\"ImageObject\",\"inLanguage\":\"es\",\"@id\":\"https:\\\/\\\/www2.ual.es\\\/proyecto_aecid_UAL-ENCA\\\/#\\\/schema\\\/logo\\\/image\\\/\",\"url\":\"https:\\\/\\\/www2.ual.es\\\/proyecto_aecid_UAL-ENCA\\\/wp-content\\\/uploads\\\/2025\\\/04\\\/cropped-logoUniversidad.png\",\"contentUrl\":\"https:\\\/\\\/www2.ual.es\\\/proyecto_aecid_UAL-ENCA\\\/wp-content\\\/uploads\\\/2025\\\/04\\\/cropped-logoUniversidad.png\",\"width\":512,\"height\":512,\"caption\":\"Colaboraci\u00f3n UAL\"},\"image\":{\"@id\":\"https:\\\/\\\/www2.ual.es\\\/proyecto_aecid_UAL-ENCA\\\/#\\\/schema\\\/logo\\\/image\\\/\"},\"sameAs\":[\"https:\\\/\\\/www.facebook.com\\\/colaboracion.UAL\",\"https:\\\/\\\/www.instagram.com\\\/colaboracion.ual\",\"https:\\\/\\\/www.tiktok.com\\\/@colaboracion.ual\"]},{\"@type\":\"Person\",\"@id\":\"https:\\\/\\\/www2.ual.es\\\/proyecto_aecid_UAL-ENCA\\\/#\\\/schema\\\/person\\\/972e4dd3b6cef18cd958398d0be27f80\",\"name\":\"enca-admin\",\"image\":{\"@type\":\"ImageObject\",\"inLanguage\":\"es\",\"@id\":\"https:\\\/\\\/secure.gravatar.com\\\/avatar\\\/d3f557e3081c5b56eb83c595e7c177c2d80c9d4a7da37300e7785e1bef6fa5fb?s=96&d=mm&r=g\",\"url\":\"https:\\\/\\\/secure.gravatar.com\\\/avatar\\\/d3f557e3081c5b56eb83c595e7c177c2d80c9d4a7da37300e7785e1bef6fa5fb?s=96&d=mm&r=g\",\"contentUrl\":\"https:\\\/\\\/secure.gravatar.com\\\/avatar\\\/d3f557e3081c5b56eb83c595e7c177c2d80c9d4a7da37300e7785e1bef6fa5fb?s=96&d=mm&r=g\",\"caption\":\"enca-admin\"},\"sameAs\":[\"http:\\\/\\\/www2.ual.es\\\/proyecto_aecid_UAL-ENCA\"],\"url\":\"https:\\\/\\\/www2.ual.es\\\/proyecto_aecid_UAL-ENCA\\\/author\\\/enca-admin\\\/\"}]}<\/script>\n<!-- \/ Yoast SEO plugin. -->","yoast_head_json":{"title":"C\u00f3mo los invernaderos modelo est\u00e1n transformando la agricultura sostenible en Guatemala - UAL-ENCA","description":"Invernaderos Modelo en Guatemala transforman la agricultura local con tecnolog\u00eda y formaci\u00f3n para enfrentar el cambio clim\u00e1tico.","robots":{"index":"index","follow":"follow","max-snippet":"max-snippet:-1","max-image-preview":"max-image-preview:large","max-video-preview":"max-video-preview:-1"},"canonical":"https:\/\/www2.ual.es\/proyecto_aecid_UAL-ENCA\/2025\/04\/10\/como-los-invernaderos-modelo-estan-transformando-la-agricultura-sostenible-en-guatemala\/","og_locale":"es_ES","og_type":"article","og_title":"C\u00f3mo los invernaderos modelo est\u00e1n transformando la agricultura sostenible en Guatemala - UAL-ENCA","og_description":"Invernaderos Modelo en Guatemala transforman la agricultura local con tecnolog\u00eda y formaci\u00f3n para enfrentar el cambio clim\u00e1tico.","og_url":"https:\/\/www2.ual.es\/proyecto_aecid_UAL-ENCA\/2025\/04\/10\/como-los-invernaderos-modelo-estan-transformando-la-agricultura-sostenible-en-guatemala\/","og_site_name":"UAL-ENCA","article_publisher":"https:\/\/www.facebook.com\/colaboracion.UAL","article_published_time":"2025-04-10T07:28:08+00:00","article_modified_time":"2025-06-05T10:05:03+00:00","og_image":[{"width":1600,"height":1200,"url":"https:\/\/www2.ual.es\/proyecto_aecid_UAL-ENCA\/wp-content\/uploads\/2025\/04\/PHOTO-2023-03-31-17-19-32.jpg","type":"image\/jpeg"}],"author":"enca-admin","twitter_card":"summary_large_image","twitter_misc":{"Escrito por":"enca-admin","Tiempo de lectura":"2 minutos"},"schema":{"@context":"https:\/\/schema.org","@graph":[{"@type":"Article","@id":"https:\/\/www2.ual.es\/proyecto_aecid_UAL-ENCA\/2025\/04\/10\/como-los-invernaderos-modelo-estan-transformando-la-agricultura-sostenible-en-guatemala\/#article","isPartOf":{"@id":"https:\/\/www2.ual.es\/proyecto_aecid_UAL-ENCA\/2025\/04\/10\/como-los-invernaderos-modelo-estan-transformando-la-agricultura-sostenible-en-guatemala\/"},"author":{"name":"enca-admin","@id":"https:\/\/www2.ual.es\/proyecto_aecid_UAL-ENCA\/#\/schema\/person\/972e4dd3b6cef18cd958398d0be27f80"},"headline":"C\u00f3mo los invernaderos modelo est\u00e1n transformando la agricultura sostenible en Guatemala","datePublished":"2025-04-10T07:28:08+00:00","dateModified":"2025-06-05T10:05:03+00:00","mainEntityOfPage":{"@id":"https:\/\/www2.ual.es\/proyecto_aecid_UAL-ENCA\/2025\/04\/10\/como-los-invernaderos-modelo-estan-transformando-la-agricultura-sostenible-en-guatemala\/"},"wordCount":598,"publisher":{"@id":"https:\/\/www2.ual.es\/proyecto_aecid_UAL-ENCA\/#organization"},"image":{"@id":"https:\/\/www2.ual.es\/proyecto_aecid_UAL-ENCA\/2025\/04\/10\/como-los-invernaderos-modelo-estan-transformando-la-agricultura-sostenible-en-guatemala\/#primaryimage"},"thumbnailUrl":"https:\/\/www2.ual.es\/proyecto_aecid_UAL-ENCA\/wp-content\/uploads\/2025\/04\/PHOTO-2023-03-31-17-19-32.jpg","articleSection":["Guatemala"],"inLanguage":"es"},{"@type":"WebPage","@id":"https:\/\/www2.ual.es\/proyecto_aecid_UAL-ENCA\/2025\/04\/10\/como-los-invernaderos-modelo-estan-transformando-la-agricultura-sostenible-en-guatemala\/","url":"https:\/\/www2.ual.es\/proyecto_aecid_UAL-ENCA\/2025\/04\/10\/como-los-invernaderos-modelo-estan-transformando-la-agricultura-sostenible-en-guatemala\/","name":"C\u00f3mo los invernaderos modelo est\u00e1n transformando la agricultura sostenible en Guatemala - UAL-ENCA","isPartOf":{"@id":"https:\/\/www2.ual.es\/proyecto_aecid_UAL-ENCA\/#website"},"primaryImageOfPage":{"@id":"https:\/\/www2.ual.es\/proyecto_aecid_UAL-ENCA\/2025\/04\/10\/como-los-invernaderos-modelo-estan-transformando-la-agricultura-sostenible-en-guatemala\/#primaryimage"},"image":{"@id":"https:\/\/www2.ual.es\/proyecto_aecid_UAL-ENCA\/2025\/04\/10\/como-los-invernaderos-modelo-estan-transformando-la-agricultura-sostenible-en-guatemala\/#primaryimage"},"thumbnailUrl":"https:\/\/www2.ual.es\/proyecto_aecid_UAL-ENCA\/wp-content\/uploads\/2025\/04\/PHOTO-2023-03-31-17-19-32.jpg","datePublished":"2025-04-10T07:28:08+00:00","dateModified":"2025-06-05T10:05:03+00:00","description":"Invernaderos Modelo en Guatemala transforman la agricultura local con tecnolog\u00eda y formaci\u00f3n para enfrentar el cambio clim\u00e1tico.","breadcrumb":{"@id":"https:\/\/www2.ual.es\/proyecto_aecid_UAL-ENCA\/2025\/04\/10\/como-los-invernaderos-modelo-estan-transformando-la-agricultura-sostenible-en-guatemala\/#breadcrumb"},"inLanguage":"es","potentialAction":[{"@type":"ReadAction","target":["https:\/\/www2.ual.es\/proyecto_aecid_UAL-ENCA\/2025\/04\/10\/como-los-invernaderos-modelo-estan-transformando-la-agricultura-sostenible-en-guatemala\/"]}]},{"@type":"ImageObject","inLanguage":"es","@id":"https:\/\/www2.ual.es\/proyecto_aecid_UAL-ENCA\/2025\/04\/10\/como-los-invernaderos-modelo-estan-transformando-la-agricultura-sostenible-en-guatemala\/#primaryimage","url":"https:\/\/www2.ual.es\/proyecto_aecid_UAL-ENCA\/wp-content\/uploads\/2025\/04\/PHOTO-2023-03-31-17-19-32.jpg","contentUrl":"https:\/\/www2.ual.es\/proyecto_aecid_UAL-ENCA\/wp-content\/uploads\/2025\/04\/PHOTO-2023-03-31-17-19-32.jpg","width":1600,"height":1200,"caption":"Agricultura - invernadero sostenible"},{"@type":"BreadcrumbList","@id":"https:\/\/www2.ual.es\/proyecto_aecid_UAL-ENCA\/2025\/04\/10\/como-los-invernaderos-modelo-estan-transformando-la-agricultura-sostenible-en-guatemala\/#breadcrumb","itemListElement":[{"@type":"ListItem","position":1,"name":"Portada","item":"https:\/\/www2.ual.es\/proyecto_aecid_UAL-ENCA\/"},{"@type":"ListItem","position":2,"name":"C\u00f3mo los invernaderos modelo est\u00e1n transformando la agricultura sostenible en Guatemala"}]},{"@type":"WebSite","@id":"https:\/\/www2.ual.es\/proyecto_aecid_UAL-ENCA\/#website","url":"https:\/\/www2.ual.es\/proyecto_aecid_UAL-ENCA\/","name":"Colaboraci\u00f3n UAL","description":"Proyecto UAL-ENCA","publisher":{"@id":"https:\/\/www2.ual.es\/proyecto_aecid_UAL-ENCA\/#organization"},"potentialAction":[{"@type":"SearchAction","target":{"@type":"EntryPoint","urlTemplate":"https:\/\/www2.ual.es\/proyecto_aecid_UAL-ENCA\/?s={search_term_string}"},"query-input":{"@type":"PropertyValueSpecification","valueRequired":true,"valueName":"search_term_string"}}],"inLanguage":"es"},{"@type":"Organization","@id":"https:\/\/www2.ual.es\/proyecto_aecid_UAL-ENCA\/#organization","name":"Colaboraci\u00f3n UAL","url":"https:\/\/www2.ual.es\/proyecto_aecid_UAL-ENCA\/","logo":{"@type":"ImageObject","inLanguage":"es","@id":"https:\/\/www2.ual.es\/proyecto_aecid_UAL-ENCA\/#\/schema\/logo\/image\/","url":"https:\/\/www2.ual.es\/proyecto_aecid_UAL-ENCA\/wp-content\/uploads\/2025\/04\/cropped-logoUniversidad.png","contentUrl":"https:\/\/www2.ual.es\/proyecto_aecid_UAL-ENCA\/wp-content\/uploads\/2025\/04\/cropped-logoUniversidad.png","width":512,"height":512,"caption":"Colaboraci\u00f3n UAL"},"image":{"@id":"https:\/\/www2.ual.es\/proyecto_aecid_UAL-ENCA\/#\/schema\/logo\/image\/"},"sameAs":["https:\/\/www.facebook.com\/colaboracion.UAL","https:\/\/www.instagram.com\/colaboracion.ual","https:\/\/www.tiktok.com\/@colaboracion.ual"]},{"@type":"Person","@id":"https:\/\/www2.ual.es\/proyecto_aecid_UAL-ENCA\/#\/schema\/person\/972e4dd3b6cef18cd958398d0be27f80","name":"enca-admin","image":{"@type":"ImageObject","inLanguage":"es","@id":"https:\/\/secure.gravatar.com\/avatar\/d3f557e3081c5b56eb83c595e7c177c2d80c9d4a7da37300e7785e1bef6fa5fb?s=96&d=mm&r=g","url":"https:\/\/secure.gravatar.com\/avatar\/d3f557e3081c5b56eb83c595e7c177c2d80c9d4a7da37300e7785e1bef6fa5fb?s=96&d=mm&r=g","contentUrl":"https:\/\/secure.gravatar.com\/avatar\/d3f557e3081c5b56eb83c595e7c177c2d80c9d4a7da37300e7785e1bef6fa5fb?s=96&d=mm&r=g","caption":"enca-admin"},"sameAs":["http:\/\/www2.ual.es\/proyecto_aecid_UAL-ENCA"],"url":"https:\/\/www2.ual.es\/proyecto_aecid_UAL-ENCA\/author\/enca-admin\/"}]}},"_links":{"self":[{"href":"https:\/\/www2.ual.es\/proyecto_aecid_UAL-ENCA\/wp-json\/wp\/v2\/posts\/254","targetHints":{"allow":["GET"]}}],"collection":[{"href":"https:\/\/www2.ual.es\/proyecto_aecid_UAL-ENCA\/wp-json\/wp\/v2\/posts"}],"about":[{"href":"https:\/\/www2.ual.es\/proyecto_aecid_UAL-ENCA\/wp-json\/wp\/v2\/types\/post"}],"author":[{"embeddable":true,"href":"https:\/\/www2.ual.es\/proyecto_aecid_UAL-ENCA\/wp-json\/wp\/v2\/users\/1"}],"replies":[{"embeddable":true,"href":"https:\/\/www2.ual.es\/proyecto_aecid_UAL-ENCA\/wp-json\/wp\/v2\/comments?post=254"}],"version-history":[{"count":8,"href":"https:\/\/www2.ual.es\/proyecto_aecid_UAL-ENCA\/wp-json\/wp\/v2\/posts\/254\/revisions"}],"predecessor-version":[{"id":1781,"href":"https:\/\/www2.ual.es\/proyecto_aecid_UAL-ENCA\/wp-json\/wp\/v2\/posts\/254\/revisions\/1781"}],"wp:featuredmedia":[{"embeddable":true,"href":"https:\/\/www2.ual.es\/proyecto_aecid_UAL-ENCA\/wp-json\/wp\/v2\/media\/21"}],"wp:attachment":[{"href":"https:\/\/www2.ual.es\/proyecto_aecid_UAL-ENCA\/wp-json\/wp\/v2\/media?parent=254"}],"wp:term":[{"taxonomy":"category","embeddable":true,"href":"https:\/\/www2.ual.es\/proyecto_aecid_UAL-ENCA\/wp-json\/wp\/v2\/categories?post=254"},{"taxonomy":"post_tag","embeddable":true,"href":"https:\/\/www2.ual.es\/proyecto_aecid_UAL-ENCA\/wp-json\/wp\/v2\/tags?post=254"}],"curies":[{"name":"wp","href":"https:\/\/api.w.org\/{rel}","templated":true}]}}