{"id":2116,"date":"2025-12-04T10:52:16","date_gmt":"2025-12-04T09:52:16","guid":{"rendered":"https:\/\/www2.ual.es\/proyecto_aecid_UAL-ENCA\/?p=2116"},"modified":"2025-12-04T10:52:17","modified_gmt":"2025-12-04T09:52:17","slug":"nicaragua-y-el-aula-invernadero-un-referente-en-formacion-agricola","status":"publish","type":"post","link":"https:\/\/www2.ual.es\/proyecto_aecid_UAL-ENCA\/2025\/12\/04\/nicaragua-y-el-aula-invernadero-un-referente-en-formacion-agricola\/","title":{"rendered":"Nicaragua y el aula-invernadero: un referente en formaci\u00f3n agr\u00edcola"},"content":{"rendered":"\n[et_pb_section fb_built=\u00bb1&#8243; _builder_version=\u00bb4.27.4&#8243; _module_preset=\u00bbdefault\u00bb custom_padding=\u00bb0px||||false|false\u00bb global_colors_info=\u00bb{}\u00bb theme_builder_area=\u00bbpost_content\u00bb][et_pb_row _builder_version=\u00bb4.27.4&#8243; _module_preset=\u00bbdefault\u00bb global_colors_info=\u00bb{}\u00bb theme_builder_area=\u00bbpost_content\u00bb][et_pb_column type=\u00bb4_4&#8243; _builder_version=\u00bb4.27.4&#8243; _module_preset=\u00bbdefault\u00bb global_colors_info=\u00bb{}\u00bb theme_builder_area=\u00bbpost_content\u00bb][et_pb_text _builder_version=\u00bb4.27.4&#8243; _module_preset=\u00bbdefault\u00bb hover_enabled=\u00bb0&#8243; global_colors_info=\u00bb{}\u00bb theme_builder_area=\u00bbpost_content\u00bb sticky_enabled=\u00bb0&#8243;]<p><span>En Nicaragua, el proyecto ha logrado consolidar un <strong>aula-invernadero plenamente operativo<\/strong>, convirti\u00e9ndose en un modelo formativo que ya est\u00e1 siendo replicado en otros pa\u00edses debido a su eficacia y a los resultados alcanzados en capacitaci\u00f3n y mejora productiva. Este espacio integra tecnolog\u00eda, pr\u00e1cticas reales de cultivo y un enfoque pedag\u00f3gico que conecta directamente a estudiantes y agricultores con la agricultura protegida moderna.<\/span><\/p>\n<p><span>El proceso comenz\u00f3 con la <strong>instalaci\u00f3n completa del invernadero<\/strong>, que incluy\u00f3 el desaduanaje de materiales, el montaje estructural y la puesta en marcha de todos los sistemas t\u00e9cnicos necesarios para simular condiciones profesionales de producci\u00f3n. Una vez en funcionamiento, el <strong>aula-invernadero<\/strong> se convirti\u00f3 en el centro de numerosas pr\u00e1cticas aplicadas que permitieron a los participantes formarse directamente en t\u00e9cnicas avanzadas.<\/span><\/p>[\/et_pb_text][et_pb_image src=\u00bbhttps:\/\/www2.ual.es\/proyecto_aecid_UAL-ENCA\/wp-content\/uploads\/2025\/12\/Nicaragua-y-el-aula-invernadero-un-referente-en-formacion-agricola.webp\u00bb _builder_version=\u00bb4.27.4&#8243; _module_preset=\u00bbdefault\u00bb theme_builder_area=\u00bbpost_content\u00bb alt=\u00bbNicaragua y el aula-invernadero un referente en formacio\u0301n agri\u0301cola\u00bb title_text=\u00bbNicaragua y el aula-invernadero un referente en formacio\u0301n agri\u0301cola\u00bb align=\u00bbcenter\u00bb hover_enabled=\u00bb0&#8243; sticky_enabled=\u00bb0&#8243;][\/et_pb_image][et_pb_text _builder_version=\u00bb4.27.4&#8243; _module_preset=\u00bbdefault\u00bb theme_builder_area=\u00bbpost_content\u00bb hover_enabled=\u00bb0&#8243; sticky_enabled=\u00bb0&#8243;]<p><span>Las sesiones de <strong>seguimiento de cultivos en invernadero<\/strong> permitieron a los participantes aprender a observar, medir y analizar el comportamiento de las plantas, aplicando metodolog\u00edas profesionales de monitoreo. Adem\u00e1s, se llev\u00f3 a cabo la <strong>siembra de cultivos<\/strong> dentro del<strong> aula-invernadero<\/strong>, completando un ciclo productivo que culmin\u00f3 con la <strong>entrega de productos a centros educativos<\/strong>, fortaleciendo el v\u00ednculo entre formaci\u00f3n, autosuficiencia alimentaria y beneficio social.<\/span><\/p>\n<p><span>Este conjunto de acciones ha convertido al <strong>aula-invernadero de Nicaragua <\/strong>en un ejemplo dentro del proyecto: un espacio donde la teor\u00eda se transforma en pr\u00e1ctica real, donde la tecnolog\u00eda es accesible y \u00fatil, y donde estudiantes, docentes y agricultores desarrollan competencias esenciales para una agricultura m\u00e1s sostenible, eficiente y preparada para los retos actuales. Su \u00e9xito ha impulsado que este mismo modelo se expanda a otros pa\u00edses, como <a href=\"https:\/\/www2.ual.es\/proyecto_aecid_UAL-ENCA\/costa-rica\/\" target=\"_blank\" rel=\"noopener\"><strong>Costa Rica<\/strong> <\/a>y <a href=\"https:\/\/www2.ual.es\/proyecto_aecid_UAL-ENCA\/guatemala-2\/\" target=\"_blank\" rel=\"noopener\"><strong>Guatemala<\/strong><\/a>, reforzando as\u00ed una red de cooperaci\u00f3n agr\u00edcola que sigue creciendo y fortaleciendo comunidades.<\/span><\/p>[\/et_pb_text][\/et_pb_column][\/et_pb_row][\/et_pb_section]\n","protected":false},"excerpt":{"rendered":"<p>En Nicaragua, el proyecto ha logrado consolidar un aula-invernadero plenamente operativo, convirti\u00e9ndose en un modelo formativo que ya est\u00e1 siendo replicado en otros pa\u00edses debido a su eficacia y a los resultados alcanzados en capacitaci\u00f3n y mejora productiva. Este espacio integra tecnolog\u00eda, pr\u00e1cticas reales de cultivo y un enfoque pedag\u00f3gico que conecta directamente a estudiantes [&hellip;]<\/p>\n","protected":false},"author":1,"featured_media":2133,"comment_status":"closed","ping_status":"closed","sticky":false,"template":"","format":"standard","meta":{"_et_pb_use_builder":"on","_et_pb_old_content":"","_et_gb_content_width":"1080","footnotes":""},"categories":[7],"tags":[],"class_list":["post-2116","post","type-post","status-publish","format-standard","has-post-thumbnail","hentry","category-nicaragua"],"yoast_head":"<!-- This site is optimized with the Yoast SEO plugin v27.4 - https:\/\/yoast.com\/product\/yoast-seo-wordpress\/ -->\n<title>Nicaragua y el aula-invernadero: un referente en formaci\u00f3n agr\u00edcola - UAL-ENCA<\/title>\n<meta name=\"description\" content=\"En Nicaragua, el proyecto ha logrado consolidar un aula-invernadero plenamente operativo, convirti\u00e9ndose en un modelo formativo que ya est\u00e1 siendo replicado en otros pa\u00edses\" \/>\n<meta name=\"robots\" content=\"index, follow, max-snippet:-1, max-image-preview:large, max-video-preview:-1\" \/>\n<link rel=\"canonical\" href=\"https:\/\/www2.ual.es\/proyecto_aecid_UAL-ENCA\/2025\/12\/04\/nicaragua-y-el-aula-invernadero-un-referente-en-formacion-agricola\/\" \/>\n<meta property=\"og:locale\" content=\"es_ES\" \/>\n<meta property=\"og:type\" content=\"article\" \/>\n<meta property=\"og:title\" content=\"Nicaragua y el aula-invernadero: un referente en formaci\u00f3n agr\u00edcola - UAL-ENCA\" \/>\n<meta property=\"og:description\" content=\"En Nicaragua, el proyecto ha logrado consolidar un aula-invernadero plenamente operativo, convirti\u00e9ndose en un modelo formativo que ya est\u00e1 siendo replicado en otros pa\u00edses\" \/>\n<meta property=\"og:url\" content=\"https:\/\/www2.ual.es\/proyecto_aecid_UAL-ENCA\/2025\/12\/04\/nicaragua-y-el-aula-invernadero-un-referente-en-formacion-agricola\/\" \/>\n<meta property=\"og:site_name\" content=\"UAL-ENCA\" \/>\n<meta property=\"article:publisher\" content=\"https:\/\/www.facebook.com\/colaboracion.UAL\" \/>\n<meta property=\"article:published_time\" content=\"2025-12-04T09:52:16+00:00\" \/>\n<meta property=\"article:modified_time\" content=\"2025-12-04T09:52:17+00:00\" \/>\n<meta property=\"og:image\" content=\"https:\/\/www2.ual.es\/proyecto_aecid_UAL-ENCA\/wp-content\/uploads\/2025\/12\/Nicaragua-y-el-aula-invernadero-un-referente-en-formacion-agricola-1.webp\" \/>\n\t<meta property=\"og:image:width\" content=\"935\" \/>\n\t<meta property=\"og:image:height\" content=\"655\" \/>\n\t<meta property=\"og:image:type\" content=\"image\/webp\" \/>\n<meta name=\"author\" content=\"enca-admin\" \/>\n<meta name=\"twitter:card\" content=\"summary_large_image\" \/>\n<meta name=\"twitter:label1\" content=\"Escrito por\" \/>\n\t<meta name=\"twitter:data1\" content=\"enca-admin\" \/>\n\t<meta name=\"twitter:label2\" content=\"Tiempo de lectura\" \/>\n\t<meta name=\"twitter:data2\" content=\"2 minutos\" \/>\n<script type=\"application\/ld+json\" class=\"yoast-schema-graph\">{\"@context\":\"https:\\\/\\\/schema.org\",\"@graph\":[{\"@type\":\"Article\",\"@id\":\"https:\\\/\\\/www2.ual.es\\\/proyecto_aecid_UAL-ENCA\\\/2025\\\/12\\\/04\\\/nicaragua-y-el-aula-invernadero-un-referente-en-formacion-agricola\\\/#article\",\"isPartOf\":{\"@id\":\"https:\\\/\\\/www2.ual.es\\\/proyecto_aecid_UAL-ENCA\\\/2025\\\/12\\\/04\\\/nicaragua-y-el-aula-invernadero-un-referente-en-formacion-agricola\\\/\"},\"author\":{\"name\":\"enca-admin\",\"@id\":\"https:\\\/\\\/www2.ual.es\\\/proyecto_aecid_UAL-ENCA\\\/#\\\/schema\\\/person\\\/972e4dd3b6cef18cd958398d0be27f80\"},\"headline\":\"Nicaragua y el aula-invernadero: un referente en formaci\u00f3n agr\u00edcola\",\"datePublished\":\"2025-12-04T09:52:16+00:00\",\"dateModified\":\"2025-12-04T09:52:17+00:00\",\"mainEntityOfPage\":{\"@id\":\"https:\\\/\\\/www2.ual.es\\\/proyecto_aecid_UAL-ENCA\\\/2025\\\/12\\\/04\\\/nicaragua-y-el-aula-invernadero-un-referente-en-formacion-agricola\\\/\"},\"wordCount\":471,\"publisher\":{\"@id\":\"https:\\\/\\\/www2.ual.es\\\/proyecto_aecid_UAL-ENCA\\\/#organization\"},\"image\":{\"@id\":\"https:\\\/\\\/www2.ual.es\\\/proyecto_aecid_UAL-ENCA\\\/2025\\\/12\\\/04\\\/nicaragua-y-el-aula-invernadero-un-referente-en-formacion-agricola\\\/#primaryimage\"},\"thumbnailUrl\":\"https:\\\/\\\/www2.ual.es\\\/proyecto_aecid_UAL-ENCA\\\/wp-content\\\/uploads\\\/2025\\\/12\\\/Nicaragua-y-el-aula-invernadero-un-referente-en-formacion-agricola-1.webp\",\"articleSection\":[\"Nicaragua\"],\"inLanguage\":\"es\"},{\"@type\":\"WebPage\",\"@id\":\"https:\\\/\\\/www2.ual.es\\\/proyecto_aecid_UAL-ENCA\\\/2025\\\/12\\\/04\\\/nicaragua-y-el-aula-invernadero-un-referente-en-formacion-agricola\\\/\",\"url\":\"https:\\\/\\\/www2.ual.es\\\/proyecto_aecid_UAL-ENCA\\\/2025\\\/12\\\/04\\\/nicaragua-y-el-aula-invernadero-un-referente-en-formacion-agricola\\\/\",\"name\":\"Nicaragua y el aula-invernadero: un referente en formaci\u00f3n agr\u00edcola - UAL-ENCA\",\"isPartOf\":{\"@id\":\"https:\\\/\\\/www2.ual.es\\\/proyecto_aecid_UAL-ENCA\\\/#website\"},\"primaryImageOfPage\":{\"@id\":\"https:\\\/\\\/www2.ual.es\\\/proyecto_aecid_UAL-ENCA\\\/2025\\\/12\\\/04\\\/nicaragua-y-el-aula-invernadero-un-referente-en-formacion-agricola\\\/#primaryimage\"},\"image\":{\"@id\":\"https:\\\/\\\/www2.ual.es\\\/proyecto_aecid_UAL-ENCA\\\/2025\\\/12\\\/04\\\/nicaragua-y-el-aula-invernadero-un-referente-en-formacion-agricola\\\/#primaryimage\"},\"thumbnailUrl\":\"https:\\\/\\\/www2.ual.es\\\/proyecto_aecid_UAL-ENCA\\\/wp-content\\\/uploads\\\/2025\\\/12\\\/Nicaragua-y-el-aula-invernadero-un-referente-en-formacion-agricola-1.webp\",\"datePublished\":\"2025-12-04T09:52:16+00:00\",\"dateModified\":\"2025-12-04T09:52:17+00:00\",\"description\":\"En Nicaragua, el proyecto ha logrado consolidar un aula-invernadero plenamente operativo, convirti\u00e9ndose en un modelo formativo que ya est\u00e1 siendo replicado en otros pa\u00edses\",\"breadcrumb\":{\"@id\":\"https:\\\/\\\/www2.ual.es\\\/proyecto_aecid_UAL-ENCA\\\/2025\\\/12\\\/04\\\/nicaragua-y-el-aula-invernadero-un-referente-en-formacion-agricola\\\/#breadcrumb\"},\"inLanguage\":\"es\",\"potentialAction\":[{\"@type\":\"ReadAction\",\"target\":[\"https:\\\/\\\/www2.ual.es\\\/proyecto_aecid_UAL-ENCA\\\/2025\\\/12\\\/04\\\/nicaragua-y-el-aula-invernadero-un-referente-en-formacion-agricola\\\/\"]}]},{\"@type\":\"ImageObject\",\"inLanguage\":\"es\",\"@id\":\"https:\\\/\\\/www2.ual.es\\\/proyecto_aecid_UAL-ENCA\\\/2025\\\/12\\\/04\\\/nicaragua-y-el-aula-invernadero-un-referente-en-formacion-agricola\\\/#primaryimage\",\"url\":\"https:\\\/\\\/www2.ual.es\\\/proyecto_aecid_UAL-ENCA\\\/wp-content\\\/uploads\\\/2025\\\/12\\\/Nicaragua-y-el-aula-invernadero-un-referente-en-formacion-agricola-1.webp\",\"contentUrl\":\"https:\\\/\\\/www2.ual.es\\\/proyecto_aecid_UAL-ENCA\\\/wp-content\\\/uploads\\\/2025\\\/12\\\/Nicaragua-y-el-aula-invernadero-un-referente-en-formacion-agricola-1.webp\",\"width\":935,\"height\":655,\"caption\":\"Nicaragua y el aula-invernadero un referente en formacio\u0301n agri\u0301cola\"},{\"@type\":\"BreadcrumbList\",\"@id\":\"https:\\\/\\\/www2.ual.es\\\/proyecto_aecid_UAL-ENCA\\\/2025\\\/12\\\/04\\\/nicaragua-y-el-aula-invernadero-un-referente-en-formacion-agricola\\\/#breadcrumb\",\"itemListElement\":[{\"@type\":\"ListItem\",\"position\":1,\"name\":\"Portada\",\"item\":\"https:\\\/\\\/www2.ual.es\\\/proyecto_aecid_UAL-ENCA\\\/\"},{\"@type\":\"ListItem\",\"position\":2,\"name\":\"Nicaragua y el aula-invernadero: un referente en formaci\u00f3n agr\u00edcola\"}]},{\"@type\":\"WebSite\",\"@id\":\"https:\\\/\\\/www2.ual.es\\\/proyecto_aecid_UAL-ENCA\\\/#website\",\"url\":\"https:\\\/\\\/www2.ual.es\\\/proyecto_aecid_UAL-ENCA\\\/\",\"name\":\"Colaboraci\u00f3n UAL\",\"description\":\"Proyecto UAL-ENCA\",\"publisher\":{\"@id\":\"https:\\\/\\\/www2.ual.es\\\/proyecto_aecid_UAL-ENCA\\\/#organization\"},\"potentialAction\":[{\"@type\":\"SearchAction\",\"target\":{\"@type\":\"EntryPoint\",\"urlTemplate\":\"https:\\\/\\\/www2.ual.es\\\/proyecto_aecid_UAL-ENCA\\\/?s={search_term_string}\"},\"query-input\":{\"@type\":\"PropertyValueSpecification\",\"valueRequired\":true,\"valueName\":\"search_term_string\"}}],\"inLanguage\":\"es\"},{\"@type\":\"Organization\",\"@id\":\"https:\\\/\\\/www2.ual.es\\\/proyecto_aecid_UAL-ENCA\\\/#organization\",\"name\":\"Colaboraci\u00f3n UAL\",\"url\":\"https:\\\/\\\/www2.ual.es\\\/proyecto_aecid_UAL-ENCA\\\/\",\"logo\":{\"@type\":\"ImageObject\",\"inLanguage\":\"es\",\"@id\":\"https:\\\/\\\/www2.ual.es\\\/proyecto_aecid_UAL-ENCA\\\/#\\\/schema\\\/logo\\\/image\\\/\",\"url\":\"https:\\\/\\\/www2.ual.es\\\/proyecto_aecid_UAL-ENCA\\\/wp-content\\\/uploads\\\/2025\\\/04\\\/cropped-logoUniversidad.png\",\"contentUrl\":\"https:\\\/\\\/www2.ual.es\\\/proyecto_aecid_UAL-ENCA\\\/wp-content\\\/uploads\\\/2025\\\/04\\\/cropped-logoUniversidad.png\",\"width\":512,\"height\":512,\"caption\":\"Colaboraci\u00f3n UAL\"},\"image\":{\"@id\":\"https:\\\/\\\/www2.ual.es\\\/proyecto_aecid_UAL-ENCA\\\/#\\\/schema\\\/logo\\\/image\\\/\"},\"sameAs\":[\"https:\\\/\\\/www.facebook.com\\\/colaboracion.UAL\",\"https:\\\/\\\/www.instagram.com\\\/colaboracion.ual\",\"https:\\\/\\\/www.tiktok.com\\\/@colaboracion.ual\"]},{\"@type\":\"Person\",\"@id\":\"https:\\\/\\\/www2.ual.es\\\/proyecto_aecid_UAL-ENCA\\\/#\\\/schema\\\/person\\\/972e4dd3b6cef18cd958398d0be27f80\",\"name\":\"enca-admin\",\"image\":{\"@type\":\"ImageObject\",\"inLanguage\":\"es\",\"@id\":\"https:\\\/\\\/secure.gravatar.com\\\/avatar\\\/d3f557e3081c5b56eb83c595e7c177c2d80c9d4a7da37300e7785e1bef6fa5fb?s=96&d=mm&r=g\",\"url\":\"https:\\\/\\\/secure.gravatar.com\\\/avatar\\\/d3f557e3081c5b56eb83c595e7c177c2d80c9d4a7da37300e7785e1bef6fa5fb?s=96&d=mm&r=g\",\"contentUrl\":\"https:\\\/\\\/secure.gravatar.com\\\/avatar\\\/d3f557e3081c5b56eb83c595e7c177c2d80c9d4a7da37300e7785e1bef6fa5fb?s=96&d=mm&r=g\",\"caption\":\"enca-admin\"},\"sameAs\":[\"http:\\\/\\\/www2.ual.es\\\/proyecto_aecid_UAL-ENCA\"],\"url\":\"https:\\\/\\\/www2.ual.es\\\/proyecto_aecid_UAL-ENCA\\\/author\\\/enca-admin\\\/\"}]}<\/script>\n<!-- \/ Yoast SEO plugin. -->","yoast_head_json":{"title":"Nicaragua y el aula-invernadero: un referente en formaci\u00f3n agr\u00edcola - UAL-ENCA","description":"En Nicaragua, el proyecto ha logrado consolidar un aula-invernadero plenamente operativo, convirti\u00e9ndose en un modelo formativo que ya est\u00e1 siendo replicado en otros pa\u00edses","robots":{"index":"index","follow":"follow","max-snippet":"max-snippet:-1","max-image-preview":"max-image-preview:large","max-video-preview":"max-video-preview:-1"},"canonical":"https:\/\/www2.ual.es\/proyecto_aecid_UAL-ENCA\/2025\/12\/04\/nicaragua-y-el-aula-invernadero-un-referente-en-formacion-agricola\/","og_locale":"es_ES","og_type":"article","og_title":"Nicaragua y el aula-invernadero: un referente en formaci\u00f3n agr\u00edcola - UAL-ENCA","og_description":"En Nicaragua, el proyecto ha logrado consolidar un aula-invernadero plenamente operativo, convirti\u00e9ndose en un modelo formativo que ya est\u00e1 siendo replicado en otros pa\u00edses","og_url":"https:\/\/www2.ual.es\/proyecto_aecid_UAL-ENCA\/2025\/12\/04\/nicaragua-y-el-aula-invernadero-un-referente-en-formacion-agricola\/","og_site_name":"UAL-ENCA","article_publisher":"https:\/\/www.facebook.com\/colaboracion.UAL","article_published_time":"2025-12-04T09:52:16+00:00","article_modified_time":"2025-12-04T09:52:17+00:00","og_image":[{"width":935,"height":655,"url":"https:\/\/www2.ual.es\/proyecto_aecid_UAL-ENCA\/wp-content\/uploads\/2025\/12\/Nicaragua-y-el-aula-invernadero-un-referente-en-formacion-agricola-1.webp","type":"image\/webp"}],"author":"enca-admin","twitter_card":"summary_large_image","twitter_misc":{"Escrito por":"enca-admin","Tiempo de lectura":"2 minutos"},"schema":{"@context":"https:\/\/schema.org","@graph":[{"@type":"Article","@id":"https:\/\/www2.ual.es\/proyecto_aecid_UAL-ENCA\/2025\/12\/04\/nicaragua-y-el-aula-invernadero-un-referente-en-formacion-agricola\/#article","isPartOf":{"@id":"https:\/\/www2.ual.es\/proyecto_aecid_UAL-ENCA\/2025\/12\/04\/nicaragua-y-el-aula-invernadero-un-referente-en-formacion-agricola\/"},"author":{"name":"enca-admin","@id":"https:\/\/www2.ual.es\/proyecto_aecid_UAL-ENCA\/#\/schema\/person\/972e4dd3b6cef18cd958398d0be27f80"},"headline":"Nicaragua y el aula-invernadero: un referente en formaci\u00f3n agr\u00edcola","datePublished":"2025-12-04T09:52:16+00:00","dateModified":"2025-12-04T09:52:17+00:00","mainEntityOfPage":{"@id":"https:\/\/www2.ual.es\/proyecto_aecid_UAL-ENCA\/2025\/12\/04\/nicaragua-y-el-aula-invernadero-un-referente-en-formacion-agricola\/"},"wordCount":471,"publisher":{"@id":"https:\/\/www2.ual.es\/proyecto_aecid_UAL-ENCA\/#organization"},"image":{"@id":"https:\/\/www2.ual.es\/proyecto_aecid_UAL-ENCA\/2025\/12\/04\/nicaragua-y-el-aula-invernadero-un-referente-en-formacion-agricola\/#primaryimage"},"thumbnailUrl":"https:\/\/www2.ual.es\/proyecto_aecid_UAL-ENCA\/wp-content\/uploads\/2025\/12\/Nicaragua-y-el-aula-invernadero-un-referente-en-formacion-agricola-1.webp","articleSection":["Nicaragua"],"inLanguage":"es"},{"@type":"WebPage","@id":"https:\/\/www2.ual.es\/proyecto_aecid_UAL-ENCA\/2025\/12\/04\/nicaragua-y-el-aula-invernadero-un-referente-en-formacion-agricola\/","url":"https:\/\/www2.ual.es\/proyecto_aecid_UAL-ENCA\/2025\/12\/04\/nicaragua-y-el-aula-invernadero-un-referente-en-formacion-agricola\/","name":"Nicaragua y el aula-invernadero: un referente en formaci\u00f3n agr\u00edcola - UAL-ENCA","isPartOf":{"@id":"https:\/\/www2.ual.es\/proyecto_aecid_UAL-ENCA\/#website"},"primaryImageOfPage":{"@id":"https:\/\/www2.ual.es\/proyecto_aecid_UAL-ENCA\/2025\/12\/04\/nicaragua-y-el-aula-invernadero-un-referente-en-formacion-agricola\/#primaryimage"},"image":{"@id":"https:\/\/www2.ual.es\/proyecto_aecid_UAL-ENCA\/2025\/12\/04\/nicaragua-y-el-aula-invernadero-un-referente-en-formacion-agricola\/#primaryimage"},"thumbnailUrl":"https:\/\/www2.ual.es\/proyecto_aecid_UAL-ENCA\/wp-content\/uploads\/2025\/12\/Nicaragua-y-el-aula-invernadero-un-referente-en-formacion-agricola-1.webp","datePublished":"2025-12-04T09:52:16+00:00","dateModified":"2025-12-04T09:52:17+00:00","description":"En Nicaragua, el proyecto ha logrado consolidar un aula-invernadero plenamente operativo, convirti\u00e9ndose en un modelo formativo que ya est\u00e1 siendo replicado en otros pa\u00edses","breadcrumb":{"@id":"https:\/\/www2.ual.es\/proyecto_aecid_UAL-ENCA\/2025\/12\/04\/nicaragua-y-el-aula-invernadero-un-referente-en-formacion-agricola\/#breadcrumb"},"inLanguage":"es","potentialAction":[{"@type":"ReadAction","target":["https:\/\/www2.ual.es\/proyecto_aecid_UAL-ENCA\/2025\/12\/04\/nicaragua-y-el-aula-invernadero-un-referente-en-formacion-agricola\/"]}]},{"@type":"ImageObject","inLanguage":"es","@id":"https:\/\/www2.ual.es\/proyecto_aecid_UAL-ENCA\/2025\/12\/04\/nicaragua-y-el-aula-invernadero-un-referente-en-formacion-agricola\/#primaryimage","url":"https:\/\/www2.ual.es\/proyecto_aecid_UAL-ENCA\/wp-content\/uploads\/2025\/12\/Nicaragua-y-el-aula-invernadero-un-referente-en-formacion-agricola-1.webp","contentUrl":"https:\/\/www2.ual.es\/proyecto_aecid_UAL-ENCA\/wp-content\/uploads\/2025\/12\/Nicaragua-y-el-aula-invernadero-un-referente-en-formacion-agricola-1.webp","width":935,"height":655,"caption":"Nicaragua y el aula-invernadero un referente en formacio\u0301n agri\u0301cola"},{"@type":"BreadcrumbList","@id":"https:\/\/www2.ual.es\/proyecto_aecid_UAL-ENCA\/2025\/12\/04\/nicaragua-y-el-aula-invernadero-un-referente-en-formacion-agricola\/#breadcrumb","itemListElement":[{"@type":"ListItem","position":1,"name":"Portada","item":"https:\/\/www2.ual.es\/proyecto_aecid_UAL-ENCA\/"},{"@type":"ListItem","position":2,"name":"Nicaragua y el aula-invernadero: un referente en formaci\u00f3n agr\u00edcola"}]},{"@type":"WebSite","@id":"https:\/\/www2.ual.es\/proyecto_aecid_UAL-ENCA\/#website","url":"https:\/\/www2.ual.es\/proyecto_aecid_UAL-ENCA\/","name":"Colaboraci\u00f3n UAL","description":"Proyecto UAL-ENCA","publisher":{"@id":"https:\/\/www2.ual.es\/proyecto_aecid_UAL-ENCA\/#organization"},"potentialAction":[{"@type":"SearchAction","target":{"@type":"EntryPoint","urlTemplate":"https:\/\/www2.ual.es\/proyecto_aecid_UAL-ENCA\/?s={search_term_string}"},"query-input":{"@type":"PropertyValueSpecification","valueRequired":true,"valueName":"search_term_string"}}],"inLanguage":"es"},{"@type":"Organization","@id":"https:\/\/www2.ual.es\/proyecto_aecid_UAL-ENCA\/#organization","name":"Colaboraci\u00f3n UAL","url":"https:\/\/www2.ual.es\/proyecto_aecid_UAL-ENCA\/","logo":{"@type":"ImageObject","inLanguage":"es","@id":"https:\/\/www2.ual.es\/proyecto_aecid_UAL-ENCA\/#\/schema\/logo\/image\/","url":"https:\/\/www2.ual.es\/proyecto_aecid_UAL-ENCA\/wp-content\/uploads\/2025\/04\/cropped-logoUniversidad.png","contentUrl":"https:\/\/www2.ual.es\/proyecto_aecid_UAL-ENCA\/wp-content\/uploads\/2025\/04\/cropped-logoUniversidad.png","width":512,"height":512,"caption":"Colaboraci\u00f3n UAL"},"image":{"@id":"https:\/\/www2.ual.es\/proyecto_aecid_UAL-ENCA\/#\/schema\/logo\/image\/"},"sameAs":["https:\/\/www.facebook.com\/colaboracion.UAL","https:\/\/www.instagram.com\/colaboracion.ual","https:\/\/www.tiktok.com\/@colaboracion.ual"]},{"@type":"Person","@id":"https:\/\/www2.ual.es\/proyecto_aecid_UAL-ENCA\/#\/schema\/person\/972e4dd3b6cef18cd958398d0be27f80","name":"enca-admin","image":{"@type":"ImageObject","inLanguage":"es","@id":"https:\/\/secure.gravatar.com\/avatar\/d3f557e3081c5b56eb83c595e7c177c2d80c9d4a7da37300e7785e1bef6fa5fb?s=96&d=mm&r=g","url":"https:\/\/secure.gravatar.com\/avatar\/d3f557e3081c5b56eb83c595e7c177c2d80c9d4a7da37300e7785e1bef6fa5fb?s=96&d=mm&r=g","contentUrl":"https:\/\/secure.gravatar.com\/avatar\/d3f557e3081c5b56eb83c595e7c177c2d80c9d4a7da37300e7785e1bef6fa5fb?s=96&d=mm&r=g","caption":"enca-admin"},"sameAs":["http:\/\/www2.ual.es\/proyecto_aecid_UAL-ENCA"],"url":"https:\/\/www2.ual.es\/proyecto_aecid_UAL-ENCA\/author\/enca-admin\/"}]}},"_links":{"self":[{"href":"https:\/\/www2.ual.es\/proyecto_aecid_UAL-ENCA\/wp-json\/wp\/v2\/posts\/2116","targetHints":{"allow":["GET"]}}],"collection":[{"href":"https:\/\/www2.ual.es\/proyecto_aecid_UAL-ENCA\/wp-json\/wp\/v2\/posts"}],"about":[{"href":"https:\/\/www2.ual.es\/proyecto_aecid_UAL-ENCA\/wp-json\/wp\/v2\/types\/post"}],"author":[{"embeddable":true,"href":"https:\/\/www2.ual.es\/proyecto_aecid_UAL-ENCA\/wp-json\/wp\/v2\/users\/1"}],"replies":[{"embeddable":true,"href":"https:\/\/www2.ual.es\/proyecto_aecid_UAL-ENCA\/wp-json\/wp\/v2\/comments?post=2116"}],"version-history":[{"count":4,"href":"https:\/\/www2.ual.es\/proyecto_aecid_UAL-ENCA\/wp-json\/wp\/v2\/posts\/2116\/revisions"}],"predecessor-version":[{"id":2130,"href":"https:\/\/www2.ual.es\/proyecto_aecid_UAL-ENCA\/wp-json\/wp\/v2\/posts\/2116\/revisions\/2130"}],"wp:featuredmedia":[{"embeddable":true,"href":"https:\/\/www2.ual.es\/proyecto_aecid_UAL-ENCA\/wp-json\/wp\/v2\/media\/2133"}],"wp:attachment":[{"href":"https:\/\/www2.ual.es\/proyecto_aecid_UAL-ENCA\/wp-json\/wp\/v2\/media?parent=2116"}],"wp:term":[{"taxonomy":"category","embeddable":true,"href":"https:\/\/www2.ual.es\/proyecto_aecid_UAL-ENCA\/wp-json\/wp\/v2\/categories?post=2116"},{"taxonomy":"post_tag","embeddable":true,"href":"https:\/\/www2.ual.es\/proyecto_aecid_UAL-ENCA\/wp-json\/wp\/v2\/tags?post=2116"}],"curies":[{"name":"wp","href":"https:\/\/api.w.org\/{rel}","templated":true}]}}