{"id":2075,"date":"2025-11-06T08:20:59","date_gmt":"2025-11-06T07:20:59","guid":{"rendered":"https:\/\/www2.ual.es\/proyecto_aecid_UAL-ENCA\/?p=2075"},"modified":"2025-11-21T13:56:35","modified_gmt":"2025-11-21T12:56:35","slug":"el-proyecto-ual-enca-avanza-con-nuevas-alianzas-hacia-una-agricultura-sostenible","status":"publish","type":"post","link":"https:\/\/www2.ual.es\/proyecto_aecid_UAL-ENCA\/2025\/11\/06\/el-proyecto-ual-enca-avanza-con-nuevas-alianzas-hacia-una-agricultura-sostenible\/","title":{"rendered":"El proyecto UAL-ENCA avanza con nuevas alianzas hacia una agricultura sostenible"},"content":{"rendered":"<p>[et_pb_section fb_built=\u00bb1&#8243; _builder_version=\u00bb4.27.4&#8243; _module_preset=\u00bbdefault\u00bb global_colors_info=\u00bb{}\u00bb][et_pb_row _builder_version=\u00bb4.27.4&#8243; _module_preset=\u00bbdefault\u00bb global_colors_info=\u00bb{}\u00bb][et_pb_column type=\u00bb4_4&#8243; _builder_version=\u00bb4.27.4&#8243; _module_preset=\u00bbdefault\u00bb global_colors_info=\u00bb{}\u00bb][et_pb_text _builder_version=\u00bb4.27.4&#8243; _module_preset=\u00bbdefault\u00bb custom_margin=\u00bb||0px||false|false\u00bb custom_padding=\u00bb||0px||false|false\u00bb link_option_url_new_window=\u00bbon\u00bb global_colors_info=\u00bb{}\u00bb]<\/p>\n<p><span style=\"font-weight: 400;\">El proyecto <\/span><a href=\"https:\/\/www2.ual.es\/proyecto_aecid_UAL-ENCA\/2025\/04\/14\/enca-capacitando-a-la-nueva-generacion-de-agricultores-sostenibles-en-guatemala\/\" target=\"_blank\" rel=\"noopener\"><b>\u201cInnovaci\u00f3n Agr\u00edcola y Cooperaci\u00f3n Sur-Sur: Capacitaci\u00f3n y Tecnolog\u00eda en Invernaderos Sostenibles en Guatemala<\/b><\/a><span style=\"font-weight: 400;\">\u201d, impulsado por la Universidad de Almer\u00eda (UAL) junto a la Escuela Nacional Central de Agricultura (ENCA), contin\u00faa dando pasos firmes en su consolidaci\u00f3n.<\/span><\/p>\n<p><span style=\"font-weight: 400;\">Esta iniciativa, que desde su inicio ha buscado fortalecer las capacidades t\u00e9cnicas, acad\u00e9micas y humanas en el \u00e1mbito agr\u00edcola guatemalteco, entra en una nueva etapa marcada por el trabajo conjunto con entidades estrat\u00e9gicas que aportan valor a\u00f1adido al proyecto. Entre ellas, destaca <\/span><b>MAYACERT<\/b><span style=\"font-weight: 400;\">, empresa l\u00edder en certificaciones agropecuarias, industriales y de sostenibilidad, cuya participaci\u00f3n refuerza el compromiso con una agricultura responsable, innovadora y alineada con los m\u00e1s altos est\u00e1ndares internacionales.<\/span><\/p>\n<p>[\/et_pb_text][et_pb_text _builder_version=\u00bb4.27.4&#8243; _module_preset=\u00bbdefault\u00bb custom_margin=\u00bb||0px||false|false\u00bb custom_padding=\u00bb||0px||false|false\u00bb link_option_url_new_window=\u00bbon\u00bb global_colors_info=\u00bb{}\u00bb]<\/p>\n<p><strong><span><\/span><\/strong><\/p>\n<h2><strong><span>El proyecto UAL-ENCA sigue creciendo<\/span><\/strong><\/h2>\n<p><span style=\"font-weight: 400;\">En los \u00faltimos meses, el <\/span><a href=\"https:\/\/www2.ual.es\/proyecto_aecid_UAL-ENCA\/2025\/08\/25\/invernaderos-de-alta-tecnologia-para-transformar-la-agricultura-en-guatemala\/\" target=\"_blank\" rel=\"noopener\"><b>proyecto UAL-ENCA<\/b><\/a><span style=\"font-weight: 400;\"> ha continuado su avance en Guatemala, consolidando su presencia en el campus de la ENCA con el desarrollo del \u00e1rea donde se instalar\u00e1n los invernaderos tecnificados. Este espacio ser\u00e1 un punto clave de formaci\u00f3n pr\u00e1ctica para estudiantes, docentes y productores locales, que podr\u00e1n experimentar y aplicar tecnolog\u00edas de cultivo avanzadas adaptadas a las condiciones clim\u00e1ticas del pa\u00eds.<\/span><\/p>\n<p><span style=\"font-weight: 400;\">Adem\u00e1s, la colaboraci\u00f3n entre ambas instituciones se ha reforzado con nuevas acciones formativas y con el fortalecimiento del componente acad\u00e9mico. La reciente <\/span><a href=\"https:\/\/www2.ual.es\/proyecto_aecid_UAL-ENCA\/2025\/07\/15\/cooperacion-agricola-desde-almeria-a-guatemala-nueva-fase-en-la-enca\/\" target=\"_blank\" rel=\"noopener\"><b>donaci\u00f3n de material bibliogr\u00e1fico<\/b><\/a><span style=\"font-weight: 400;\"> por parte de la UAL a la ENCA contribuye a enriquecer la formaci\u00f3n de los futuros profesionales agr\u00edcolas, impulsando una educaci\u00f3n m\u00e1s completa, moderna y sostenible.<\/span><\/p>\n<p><span style=\"font-weight: 400;\">Tambi\u00e9n se han mantenido visitas institucionales de alto nivel, como las realizadas por representantes de <\/span><b>OIRSA Guatemala, del Servicio Internacional de Tratamientos Cuarentenarios y del Servicio de Protecci\u00f3n Agropecuaria, al \u00e1rea de invernaderos de alta tecnolog\u00eda de la ENCA<\/b><span style=\"font-weight: 400;\">. Estas actividades permiten mostrar de primera mano los avances del proyecto y refuerzan el inter\u00e9s tanto nacional como internacional en la iniciativa, destacando su potencial para generar un impacto duradero en el desarrollo agr\u00edcola y rural de Guatemala.<\/span><\/p>\n<p>[\/et_pb_text][et_pb_image src=\u00bbhttps:\/\/www2.ual.es\/proyecto_aecid_UAL-ENCA\/wp-content\/uploads\/2025\/11\/Visita-OIRSA.webp\u00bb alt=\u00bbVisita OIRSA\u00bb title_text=\u00bbVisita OIRSA\u00bb align=\u00bbcenter\u00bb _builder_version=\u00bb4.27.4&#8243; _module_preset=\u00bbdefault\u00bb global_colors_info=\u00bb{}\u00bb][\/et_pb_image][et_pb_text _builder_version=\u00bb4.27.4&#8243; _module_preset=\u00bbdefault\u00bb custom_margin=\u00bb||0px||false|false\u00bb custom_padding=\u00bb||0px||false|false\u00bb link_option_url_new_window=\u00bbon\u00bb global_colors_info=\u00bb{}\u00bb]<\/p>\n<p><strong><span><\/span><\/strong><\/p>\n<p><span style=\"font-weight: 400;\">De manera complementaria, la delegaci\u00f3n del <\/span><a href=\"https:\/\/www.instagram.com\/p\/DP4WukvkTEN\/?img_index=5\" target=\"_blank\" rel=\"noopener\"><b>Sistema de Centros de Innovaci\u00f3n Tecnol\u00f3gica y Agr\u00edcola (SCITA), <\/b><\/a>con sede en el pa\u00eds hermano Honduras,<span style=\"font-weight: 400;\">\u00a0visit\u00f3 recientemente el \u00e1rea de Consulados, donde pr\u00f3ximamente se instalar\u00e1n los invernaderos tecnificados. El objetivo de esta visita fue dar a conocer el proyecto, conocer el modelo educativo de la ENCA y explorar oportunidades de cooperaci\u00f3n y fortalecimiento institucional. La participaci\u00f3n de SCITA refuerza el car\u00e1cter internacional y multisectorial de la iniciativa, subrayando el compromiso por promover una agricultura m\u00e1s innovadora, inclusiva y resiliente.<\/span><\/p>\n<p>[\/et_pb_text][et_pb_image src=\u00bbhttps:\/\/www2.ual.es\/proyecto_aecid_UAL-ENCA\/wp-content\/uploads\/2025\/11\/El-proyecto-UAL-ENCA-avanza-con-nuevas-alianzas-hacia-una-agricultura-sostenible-1.webp\u00bb alt=\u00bbEl proyecto UAL-ENCA avanza con nuevas alianzas hacia una agricultura sostenible\u00bb title_text=\u00bbEl proyecto UAL-ENCA avanza con nuevas alianzas hacia una agricultura sostenible 1&#8243; align=\u00bbcenter\u00bb _builder_version=\u00bb4.27.4&#8243; _module_preset=\u00bbdefault\u00bb global_colors_info=\u00bb{}\u00bb][\/et_pb_image][et_pb_text _builder_version=\u00bb4.27.4&#8243; _module_preset=\u00bbdefault\u00bb custom_margin=\u00bb||0px||false|false\u00bb custom_padding=\u00bb||0px||false|false\u00bb link_option_url_new_window=\u00bbon\u00bb global_colors_info=\u00bb{}\u00bb]<\/p>\n<p><strong><span><\/span><\/strong><\/p>\n<h2><strong><span>MAYACERT, garant\u00eda de calidad y sostenibilidad<\/span><\/strong><\/h2>\n<p><span style=\"font-weight: 400;\">El \u00faltimo de los avances realizados en esta nueva fase es la incorporaci\u00f3n de <\/span><b>MAYACERT<\/b><span style=\"font-weight: 400;\"> como aliado estrat\u00e9gico. Esta empresa guatemalteca, reconocida internacionalmente por sus procesos de multi-certificaci\u00f3n, ha mostrado su disposici\u00f3n para colaborar activamente con la ENCA y con la Universidad de Almer\u00eda, fortaleciendo los lazos entre el \u00e1mbito acad\u00e9mico y el sector productivo.<\/span><\/p>\n<p><span style=\"font-weight: 400;\">MAYACERT desempe\u00f1a un papel esencial dentro del ecosistema agroindustrial guatemalteco, garantizando que los productos agr\u00edcolas cumplan con normas internacionales como GlobalG.A.P., NOP-USDA o Rainforest Alliance. Su colaboraci\u00f3n con el <\/span><b>proyecto UAL-ENCA<\/b><span style=\"font-weight: 400;\"> abre la puerta a que los productores y estudiantes vinculados al programa puedan acceder a procesos de certificaci\u00f3n internacional, lo que eleva la calidad de la producci\u00f3n, aumenta la competitividad y posiciona a Guatemala en un nivel de excelencia agr\u00edcola.<\/span><\/p>\n<p><span style=\"font-weight: 400;\">Cada certificaci\u00f3n representa, adem\u00e1s, un compromiso con la tierra y con las comunidades que la trabajan. El acompa\u00f1amiento de MAYACERT permitir\u00e1 integrar criterios de sostenibilidad, trazabilidad y buenas pr\u00e1cticas agr\u00edcolas, reforzando el prop\u00f3sito central del proyecto: fomentar un modelo de producci\u00f3n que respete el medio ambiente y beneficie de forma directa a las comunidades rurales.<\/span><\/p>\n<p>[\/et_pb_text][et_pb_image src=\u00bbhttps:\/\/www2.ual.es\/proyecto_aecid_UAL-ENCA\/wp-content\/uploads\/2025\/11\/El-proyecto-UAL-ENCA-avanza-con-nuevas-alianzas-hacia-una-agricultura-sostenible-3.webp\u00bb alt=\u00bbEl proyecto UAL-ENCA avanza con nuevas alianzas hacia una agricultura sostenible\u00bb title_text=\u00bbEl proyecto UAL-ENCA avanza con nuevas alianzas hacia una agricultura sostenible 3&#8243; align=\u00bbcenter\u00bb _builder_version=\u00bb4.27.4&#8243; _module_preset=\u00bbdefault\u00bb global_colors_info=\u00bb{}\u00bb][\/et_pb_image][et_pb_text _builder_version=\u00bb4.27.4&#8243; _module_preset=\u00bbdefault\u00bb custom_margin=\u00bb||0px||false|false\u00bb custom_padding=\u00bb||0px||false|false\u00bb link_option_url_new_window=\u00bbon\u00bb global_colors_info=\u00bb{}\u00bb]<\/p>\n<p><strong><span><\/span><\/strong><\/p>\n<h2><strong><span>La fuerza\u00a0de la colaboraci\u00f3n internacional<br \/><\/span><\/strong><\/h2>\n<p><span style=\"font-weight: 400;\">La fuerza del p<\/span><b>royecto UAL\u2011ENCA<\/b><span style=\"font-weight: 400;\"> no radica \u00fanicamente en su componente tecnol\u00f3gico o acad\u00e9mico, sino en la sinergia que se genera entre instituciones, empresas y personas. La <\/span><b>Universidad de Almer\u00eda<\/b><span style=\"font-weight: 400;\"> aporta su experiencia y conocimiento en innovaci\u00f3n agr\u00edcola, fruto del modelo de invernaderos almeriense, referente mundial por su eficiencia y sostenibilidad. La <\/span><b>ENCA<\/b><span style=\"font-weight: 400;\">, por su parte, ofrece su arraigo en el territorio, su capacidad formativa y su conexi\u00f3n directa con los agricultores guatemaltecos. La <\/span><b>AECID Guatemala<\/b><span style=\"font-weight: 400;\"> impulsa y financia este esfuerzo conjunto, apostando por un enfoque de cooperaci\u00f3n Sur-Sur, en el que el intercambio de saberes y experiencias fluye en ambas direcciones.<\/span><\/p>\n<p><span style=\"font-weight: 400;\">Desde el inicio del proyecto, entidades como <\/span><a href=\"https:\/\/www2.ual.es\/proyecto_aecid_UAL-ENCA\/sercom\/\"><b>SERCOM<\/b><\/a><span style=\"font-weight: 400;\"> han aportado su experiencia t\u00e9cnica en el dise\u00f1o y la implementaci\u00f3n de los invernaderos, mientras que <\/span><b>MAYACERT<\/b><span style=\"font-weight: 400;\"> se ha sumado m\u00e1s recientemente para garantizar la certificaci\u00f3n internacional de los productos. La colaboraci\u00f3n coordinada de todos los actores permite consolidar un modelo de agricultura moderna, certificada y respetuosa con el entorno, demostrando que el desarrollo sostenible surge del compromiso conjunto y la cooperaci\u00f3n entre diferentes instituciones y expertos.<\/span><\/p>\n<p>[\/et_pb_text][\/et_pb_column][\/et_pb_row][et_pb_row _builder_version=\u00bb4.27.4&#8243; _module_preset=\u00bbdefault\u00bb global_colors_info=\u00bb{}\u00bb][et_pb_column type=\u00bb4_4&#8243; _builder_version=\u00bb4.27.4&#8243; _module_preset=\u00bbdefault\u00bb global_colors_info=\u00bb{}\u00bb][et_pb_text _builder_version=\u00bb4.27.4&#8243; _module_preset=\u00bbdefault\u00bb custom_margin=\u00bb||0px||false|false\u00bb global_colors_info=\u00bb{}\u00bb]<\/p>\n<p><strong>\u00a1<span data-teams=\"true\">Encuentra a la ENCA en redes sociales!<\/span><\/strong><\/p>\n<p>[\/et_pb_text][et_pb_social_media_follow _builder_version=\u00bb4.27.4&#8243; _module_preset=\u00bbdefault\u00bb global_colors_info=\u00bb{}\u00bb][et_pb_social_media_follow_network social_network=\u00bbfacebook\u00bb url=\u00bbhttps:\/\/www.facebook.com\/ENCAGT\u00bb _builder_version=\u00bb4.27.4&#8243; _module_preset=\u00bbdefault\u00bb background_color=\u00bb#3b5998&#8243; global_colors_info=\u00bb{}\u00bb follow_button=\u00bboff\u00bb url_new_window=\u00bbon\u00bb]facebook[\/et_pb_social_media_follow_network][et_pb_social_media_follow_network social_network=\u00bbtwitter\u00bb url=\u00bbhttps:\/\/x.com\/enca_gt\u00bb _builder_version=\u00bb4.27.4&#8243; _module_preset=\u00bbdefault\u00bb background_color=\u00bb#000000&#8243; global_colors_info=\u00bb{}\u00bb follow_button=\u00bboff\u00bb url_new_window=\u00bbon\u00bb]X[\/et_pb_social_media_follow_network][et_pb_social_media_follow_network social_network=\u00bbinstagram\u00bb url=\u00bbhttps:\/\/www.instagram.com\/enca.gt\u00bb _builder_version=\u00bb4.27.4&#8243; _module_preset=\u00bbdefault\u00bb background_color=\u00bb#E02B20&#8243; background_enable_color=\u00bbon\u00bb global_colors_info=\u00bb{}\u00bb follow_button=\u00bboff\u00bb url_new_window=\u00bbon\u00bb]instagram[\/et_pb_social_media_follow_network][et_pb_social_media_follow_network social_network=\u00bbtiktok\u00bb url=\u00bbhttps:\/\/www.tiktok.com\/@enca_gt\u00bb _builder_version=\u00bb4.27.4&#8243; _module_preset=\u00bbdefault\u00bb background_color=\u00bb#000000&#8243; background_enable_color=\u00bbon\u00bb global_colors_info=\u00bb{}\u00bb follow_button=\u00bboff\u00bb url_new_window=\u00bbon\u00bb]tiktok[\/et_pb_social_media_follow_network][\/et_pb_social_media_follow][et_pb_text _builder_version=\u00bb4.27.4&#8243; _module_preset=\u00bbdefault\u00bb custom_margin=\u00bb||0px||false|false\u00bb global_colors_info=\u00bb{}\u00bb]<\/p>\n<p>Sigue el proyecto en nuestras redes:<\/p>\n<p>&nbsp;<\/p>\n<ul>\n<li><strong><a target=\"_blank\" href=\"https:\/\/www.facebook.com\/colaboracion.UAL\/\" rel=\"noopener\">Facebook\u00a0<\/a><\/strong><\/li>\n<li><strong><a target=\"_blank\" href=\"https:\/\/www.instagram.com\/colaboracion.ual\" rel=\"noopener\">Instagram<\/a><\/strong><\/li>\n<li><strong><a target=\"_blank\" href=\"https:\/\/www.tiktok.com\/@colaboracion.ual\" rel=\"noopener\">TikTok<\/a><\/strong><\/li>\n<\/ul>\n<p>[\/et_pb_text][\/et_pb_column][\/et_pb_row][\/et_pb_section]<\/p>\n","protected":false},"excerpt":{"rendered":"<p>El proyecto \u201cInnovaci\u00f3n Agr\u00edcola y Cooperaci\u00f3n Sur-Sur: Capacitaci\u00f3n y Tecnolog\u00eda en Invernaderos Sostenibles en Guatemala\u201d, impulsado por la Universidad de Almer\u00eda (UAL) junto a la Escuela Nacional Central de Agricultura (ENCA), contin\u00faa dando pasos firmes en su consolidaci\u00f3n. Esta iniciativa, que desde su inicio ha buscado fortalecer las capacidades t\u00e9cnicas, acad\u00e9micas y humanas en el [&hellip;]<\/p>\n","protected":false},"author":1,"featured_media":2085,"comment_status":"closed","ping_status":"closed","sticky":false,"template":"","format":"standard","meta":{"_et_pb_use_builder":"on","_et_pb_old_content":"","_et_gb_content_width":"1080","footnotes":""},"categories":[6],"tags":[],"class_list":["post-2075","post","type-post","status-publish","format-standard","has-post-thumbnail","hentry","category-guatemala"],"yoast_head":"<!-- This site is optimized with the Yoast SEO plugin v27.4 - https:\/\/yoast.com\/product\/yoast-seo-wordpress\/ -->\n<title>El proyecto UAL-ENCA avanza con nuevas alianzas hacia una agricultura sostenible - UAL-ENCA<\/title>\n<meta name=\"description\" content=\"El proyecto UAL-ENCA \u201cInnovaci\u00f3n Agr\u00edcola y Cooperaci\u00f3n Sur-Sur: Capacitaci\u00f3n y Tecnolog\u00eda en Invernaderos Sostenibles en Guatemala\u201d, avanza.\" \/>\n<meta name=\"robots\" content=\"index, follow, max-snippet:-1, max-image-preview:large, max-video-preview:-1\" \/>\n<link rel=\"canonical\" href=\"https:\/\/www2.ual.es\/proyecto_aecid_UAL-ENCA\/2025\/11\/06\/el-proyecto-ual-enca-avanza-con-nuevas-alianzas-hacia-una-agricultura-sostenible\/\" \/>\n<meta property=\"og:locale\" content=\"es_ES\" \/>\n<meta property=\"og:type\" content=\"article\" \/>\n<meta property=\"og:title\" content=\"El proyecto UAL-ENCA avanza con nuevas alianzas hacia una agricultura sostenible - UAL-ENCA\" \/>\n<meta property=\"og:description\" content=\"El proyecto UAL-ENCA \u201cInnovaci\u00f3n Agr\u00edcola y Cooperaci\u00f3n Sur-Sur: Capacitaci\u00f3n y Tecnolog\u00eda en Invernaderos Sostenibles en Guatemala\u201d, avanza.\" \/>\n<meta property=\"og:url\" content=\"https:\/\/www2.ual.es\/proyecto_aecid_UAL-ENCA\/2025\/11\/06\/el-proyecto-ual-enca-avanza-con-nuevas-alianzas-hacia-una-agricultura-sostenible\/\" \/>\n<meta property=\"og:site_name\" content=\"UAL-ENCA\" \/>\n<meta property=\"article:publisher\" content=\"https:\/\/www.facebook.com\/colaboracion.UAL\" \/>\n<meta property=\"article:published_time\" content=\"2025-11-06T07:20:59+00:00\" \/>\n<meta property=\"article:modified_time\" content=\"2025-11-21T12:56:35+00:00\" \/>\n<meta property=\"og:image\" content=\"https:\/\/www2.ual.es\/proyecto_aecid_UAL-ENCA\/wp-content\/uploads\/2025\/11\/El-proyecto-UAL-ENCA-avanza-con-nuevas-alianzas-hacia-una-agricultura-sostenible.webp\" \/>\n\t<meta property=\"og:image:width\" content=\"800\" \/>\n\t<meta property=\"og:image:height\" content=\"650\" \/>\n\t<meta property=\"og:image:type\" content=\"image\/webp\" \/>\n<meta name=\"author\" content=\"enca-admin\" \/>\n<meta name=\"twitter:card\" content=\"summary_large_image\" \/>\n<meta name=\"twitter:label1\" content=\"Escrito por\" \/>\n\t<meta name=\"twitter:data1\" content=\"enca-admin\" \/>\n\t<meta name=\"twitter:label2\" content=\"Tiempo de lectura\" \/>\n\t<meta name=\"twitter:data2\" content=\"5 minutos\" \/>\n<script type=\"application\/ld+json\" class=\"yoast-schema-graph\">{\"@context\":\"https:\\\/\\\/schema.org\",\"@graph\":[{\"@type\":\"Article\",\"@id\":\"https:\\\/\\\/www2.ual.es\\\/proyecto_aecid_UAL-ENCA\\\/2025\\\/11\\\/06\\\/el-proyecto-ual-enca-avanza-con-nuevas-alianzas-hacia-una-agricultura-sostenible\\\/#article\",\"isPartOf\":{\"@id\":\"https:\\\/\\\/www2.ual.es\\\/proyecto_aecid_UAL-ENCA\\\/2025\\\/11\\\/06\\\/el-proyecto-ual-enca-avanza-con-nuevas-alianzas-hacia-una-agricultura-sostenible\\\/\"},\"author\":{\"name\":\"enca-admin\",\"@id\":\"https:\\\/\\\/www2.ual.es\\\/proyecto_aecid_UAL-ENCA\\\/#\\\/schema\\\/person\\\/972e4dd3b6cef18cd958398d0be27f80\"},\"headline\":\"El proyecto UAL-ENCA avanza con nuevas alianzas hacia una agricultura sostenible\",\"datePublished\":\"2025-11-06T07:20:59+00:00\",\"dateModified\":\"2025-11-21T12:56:35+00:00\",\"mainEntityOfPage\":{\"@id\":\"https:\\\/\\\/www2.ual.es\\\/proyecto_aecid_UAL-ENCA\\\/2025\\\/11\\\/06\\\/el-proyecto-ual-enca-avanza-con-nuevas-alianzas-hacia-una-agricultura-sostenible\\\/\"},\"wordCount\":1468,\"publisher\":{\"@id\":\"https:\\\/\\\/www2.ual.es\\\/proyecto_aecid_UAL-ENCA\\\/#organization\"},\"image\":{\"@id\":\"https:\\\/\\\/www2.ual.es\\\/proyecto_aecid_UAL-ENCA\\\/2025\\\/11\\\/06\\\/el-proyecto-ual-enca-avanza-con-nuevas-alianzas-hacia-una-agricultura-sostenible\\\/#primaryimage\"},\"thumbnailUrl\":\"https:\\\/\\\/www2.ual.es\\\/proyecto_aecid_UAL-ENCA\\\/wp-content\\\/uploads\\\/2025\\\/11\\\/El-proyecto-UAL-ENCA-avanza-con-nuevas-alianzas-hacia-una-agricultura-sostenible.webp\",\"articleSection\":[\"Guatemala\"],\"inLanguage\":\"es\"},{\"@type\":\"WebPage\",\"@id\":\"https:\\\/\\\/www2.ual.es\\\/proyecto_aecid_UAL-ENCA\\\/2025\\\/11\\\/06\\\/el-proyecto-ual-enca-avanza-con-nuevas-alianzas-hacia-una-agricultura-sostenible\\\/\",\"url\":\"https:\\\/\\\/www2.ual.es\\\/proyecto_aecid_UAL-ENCA\\\/2025\\\/11\\\/06\\\/el-proyecto-ual-enca-avanza-con-nuevas-alianzas-hacia-una-agricultura-sostenible\\\/\",\"name\":\"El proyecto UAL-ENCA avanza con nuevas alianzas hacia una agricultura sostenible - UAL-ENCA\",\"isPartOf\":{\"@id\":\"https:\\\/\\\/www2.ual.es\\\/proyecto_aecid_UAL-ENCA\\\/#website\"},\"primaryImageOfPage\":{\"@id\":\"https:\\\/\\\/www2.ual.es\\\/proyecto_aecid_UAL-ENCA\\\/2025\\\/11\\\/06\\\/el-proyecto-ual-enca-avanza-con-nuevas-alianzas-hacia-una-agricultura-sostenible\\\/#primaryimage\"},\"image\":{\"@id\":\"https:\\\/\\\/www2.ual.es\\\/proyecto_aecid_UAL-ENCA\\\/2025\\\/11\\\/06\\\/el-proyecto-ual-enca-avanza-con-nuevas-alianzas-hacia-una-agricultura-sostenible\\\/#primaryimage\"},\"thumbnailUrl\":\"https:\\\/\\\/www2.ual.es\\\/proyecto_aecid_UAL-ENCA\\\/wp-content\\\/uploads\\\/2025\\\/11\\\/El-proyecto-UAL-ENCA-avanza-con-nuevas-alianzas-hacia-una-agricultura-sostenible.webp\",\"datePublished\":\"2025-11-06T07:20:59+00:00\",\"dateModified\":\"2025-11-21T12:56:35+00:00\",\"description\":\"El proyecto UAL-ENCA \u201cInnovaci\u00f3n Agr\u00edcola y Cooperaci\u00f3n Sur-Sur: Capacitaci\u00f3n y Tecnolog\u00eda en Invernaderos Sostenibles en Guatemala\u201d, avanza.\",\"breadcrumb\":{\"@id\":\"https:\\\/\\\/www2.ual.es\\\/proyecto_aecid_UAL-ENCA\\\/2025\\\/11\\\/06\\\/el-proyecto-ual-enca-avanza-con-nuevas-alianzas-hacia-una-agricultura-sostenible\\\/#breadcrumb\"},\"inLanguage\":\"es\",\"potentialAction\":[{\"@type\":\"ReadAction\",\"target\":[\"https:\\\/\\\/www2.ual.es\\\/proyecto_aecid_UAL-ENCA\\\/2025\\\/11\\\/06\\\/el-proyecto-ual-enca-avanza-con-nuevas-alianzas-hacia-una-agricultura-sostenible\\\/\"]}]},{\"@type\":\"ImageObject\",\"inLanguage\":\"es\",\"@id\":\"https:\\\/\\\/www2.ual.es\\\/proyecto_aecid_UAL-ENCA\\\/2025\\\/11\\\/06\\\/el-proyecto-ual-enca-avanza-con-nuevas-alianzas-hacia-una-agricultura-sostenible\\\/#primaryimage\",\"url\":\"https:\\\/\\\/www2.ual.es\\\/proyecto_aecid_UAL-ENCA\\\/wp-content\\\/uploads\\\/2025\\\/11\\\/El-proyecto-UAL-ENCA-avanza-con-nuevas-alianzas-hacia-una-agricultura-sostenible.webp\",\"contentUrl\":\"https:\\\/\\\/www2.ual.es\\\/proyecto_aecid_UAL-ENCA\\\/wp-content\\\/uploads\\\/2025\\\/11\\\/El-proyecto-UAL-ENCA-avanza-con-nuevas-alianzas-hacia-una-agricultura-sostenible.webp\",\"width\":800,\"height\":650,\"caption\":\"El proyecto UAL-ENCA avanza con nuevas alianzas hacia una agricultura sostenible\"},{\"@type\":\"BreadcrumbList\",\"@id\":\"https:\\\/\\\/www2.ual.es\\\/proyecto_aecid_UAL-ENCA\\\/2025\\\/11\\\/06\\\/el-proyecto-ual-enca-avanza-con-nuevas-alianzas-hacia-una-agricultura-sostenible\\\/#breadcrumb\",\"itemListElement\":[{\"@type\":\"ListItem\",\"position\":1,\"name\":\"Portada\",\"item\":\"https:\\\/\\\/www2.ual.es\\\/proyecto_aecid_UAL-ENCA\\\/\"},{\"@type\":\"ListItem\",\"position\":2,\"name\":\"El proyecto UAL-ENCA avanza con nuevas alianzas hacia una agricultura sostenible\"}]},{\"@type\":\"WebSite\",\"@id\":\"https:\\\/\\\/www2.ual.es\\\/proyecto_aecid_UAL-ENCA\\\/#website\",\"url\":\"https:\\\/\\\/www2.ual.es\\\/proyecto_aecid_UAL-ENCA\\\/\",\"name\":\"Colaboraci\u00f3n UAL\",\"description\":\"Proyecto UAL-ENCA\",\"publisher\":{\"@id\":\"https:\\\/\\\/www2.ual.es\\\/proyecto_aecid_UAL-ENCA\\\/#organization\"},\"potentialAction\":[{\"@type\":\"SearchAction\",\"target\":{\"@type\":\"EntryPoint\",\"urlTemplate\":\"https:\\\/\\\/www2.ual.es\\\/proyecto_aecid_UAL-ENCA\\\/?s={search_term_string}\"},\"query-input\":{\"@type\":\"PropertyValueSpecification\",\"valueRequired\":true,\"valueName\":\"search_term_string\"}}],\"inLanguage\":\"es\"},{\"@type\":\"Organization\",\"@id\":\"https:\\\/\\\/www2.ual.es\\\/proyecto_aecid_UAL-ENCA\\\/#organization\",\"name\":\"Colaboraci\u00f3n UAL\",\"url\":\"https:\\\/\\\/www2.ual.es\\\/proyecto_aecid_UAL-ENCA\\\/\",\"logo\":{\"@type\":\"ImageObject\",\"inLanguage\":\"es\",\"@id\":\"https:\\\/\\\/www2.ual.es\\\/proyecto_aecid_UAL-ENCA\\\/#\\\/schema\\\/logo\\\/image\\\/\",\"url\":\"https:\\\/\\\/www2.ual.es\\\/proyecto_aecid_UAL-ENCA\\\/wp-content\\\/uploads\\\/2025\\\/04\\\/cropped-logoUniversidad.png\",\"contentUrl\":\"https:\\\/\\\/www2.ual.es\\\/proyecto_aecid_UAL-ENCA\\\/wp-content\\\/uploads\\\/2025\\\/04\\\/cropped-logoUniversidad.png\",\"width\":512,\"height\":512,\"caption\":\"Colaboraci\u00f3n UAL\"},\"image\":{\"@id\":\"https:\\\/\\\/www2.ual.es\\\/proyecto_aecid_UAL-ENCA\\\/#\\\/schema\\\/logo\\\/image\\\/\"},\"sameAs\":[\"https:\\\/\\\/www.facebook.com\\\/colaboracion.UAL\",\"https:\\\/\\\/www.instagram.com\\\/colaboracion.ual\",\"https:\\\/\\\/www.tiktok.com\\\/@colaboracion.ual\"]},{\"@type\":\"Person\",\"@id\":\"https:\\\/\\\/www2.ual.es\\\/proyecto_aecid_UAL-ENCA\\\/#\\\/schema\\\/person\\\/972e4dd3b6cef18cd958398d0be27f80\",\"name\":\"enca-admin\",\"image\":{\"@type\":\"ImageObject\",\"inLanguage\":\"es\",\"@id\":\"https:\\\/\\\/secure.gravatar.com\\\/avatar\\\/d3f557e3081c5b56eb83c595e7c177c2d80c9d4a7da37300e7785e1bef6fa5fb?s=96&d=mm&r=g\",\"url\":\"https:\\\/\\\/secure.gravatar.com\\\/avatar\\\/d3f557e3081c5b56eb83c595e7c177c2d80c9d4a7da37300e7785e1bef6fa5fb?s=96&d=mm&r=g\",\"contentUrl\":\"https:\\\/\\\/secure.gravatar.com\\\/avatar\\\/d3f557e3081c5b56eb83c595e7c177c2d80c9d4a7da37300e7785e1bef6fa5fb?s=96&d=mm&r=g\",\"caption\":\"enca-admin\"},\"sameAs\":[\"http:\\\/\\\/www2.ual.es\\\/proyecto_aecid_UAL-ENCA\"],\"url\":\"https:\\\/\\\/www2.ual.es\\\/proyecto_aecid_UAL-ENCA\\\/author\\\/enca-admin\\\/\"}]}<\/script>\n<!-- \/ Yoast SEO plugin. -->","yoast_head_json":{"title":"El proyecto UAL-ENCA avanza con nuevas alianzas hacia una agricultura sostenible - UAL-ENCA","description":"El proyecto UAL-ENCA \u201cInnovaci\u00f3n Agr\u00edcola y Cooperaci\u00f3n Sur-Sur: Capacitaci\u00f3n y Tecnolog\u00eda en Invernaderos Sostenibles en Guatemala\u201d, avanza.","robots":{"index":"index","follow":"follow","max-snippet":"max-snippet:-1","max-image-preview":"max-image-preview:large","max-video-preview":"max-video-preview:-1"},"canonical":"https:\/\/www2.ual.es\/proyecto_aecid_UAL-ENCA\/2025\/11\/06\/el-proyecto-ual-enca-avanza-con-nuevas-alianzas-hacia-una-agricultura-sostenible\/","og_locale":"es_ES","og_type":"article","og_title":"El proyecto UAL-ENCA avanza con nuevas alianzas hacia una agricultura sostenible - UAL-ENCA","og_description":"El proyecto UAL-ENCA \u201cInnovaci\u00f3n Agr\u00edcola y Cooperaci\u00f3n Sur-Sur: Capacitaci\u00f3n y Tecnolog\u00eda en Invernaderos Sostenibles en Guatemala\u201d, avanza.","og_url":"https:\/\/www2.ual.es\/proyecto_aecid_UAL-ENCA\/2025\/11\/06\/el-proyecto-ual-enca-avanza-con-nuevas-alianzas-hacia-una-agricultura-sostenible\/","og_site_name":"UAL-ENCA","article_publisher":"https:\/\/www.facebook.com\/colaboracion.UAL","article_published_time":"2025-11-06T07:20:59+00:00","article_modified_time":"2025-11-21T12:56:35+00:00","og_image":[{"width":800,"height":650,"url":"https:\/\/www2.ual.es\/proyecto_aecid_UAL-ENCA\/wp-content\/uploads\/2025\/11\/El-proyecto-UAL-ENCA-avanza-con-nuevas-alianzas-hacia-una-agricultura-sostenible.webp","type":"image\/webp"}],"author":"enca-admin","twitter_card":"summary_large_image","twitter_misc":{"Escrito por":"enca-admin","Tiempo de lectura":"5 minutos"},"schema":{"@context":"https:\/\/schema.org","@graph":[{"@type":"Article","@id":"https:\/\/www2.ual.es\/proyecto_aecid_UAL-ENCA\/2025\/11\/06\/el-proyecto-ual-enca-avanza-con-nuevas-alianzas-hacia-una-agricultura-sostenible\/#article","isPartOf":{"@id":"https:\/\/www2.ual.es\/proyecto_aecid_UAL-ENCA\/2025\/11\/06\/el-proyecto-ual-enca-avanza-con-nuevas-alianzas-hacia-una-agricultura-sostenible\/"},"author":{"name":"enca-admin","@id":"https:\/\/www2.ual.es\/proyecto_aecid_UAL-ENCA\/#\/schema\/person\/972e4dd3b6cef18cd958398d0be27f80"},"headline":"El proyecto UAL-ENCA avanza con nuevas alianzas hacia una agricultura sostenible","datePublished":"2025-11-06T07:20:59+00:00","dateModified":"2025-11-21T12:56:35+00:00","mainEntityOfPage":{"@id":"https:\/\/www2.ual.es\/proyecto_aecid_UAL-ENCA\/2025\/11\/06\/el-proyecto-ual-enca-avanza-con-nuevas-alianzas-hacia-una-agricultura-sostenible\/"},"wordCount":1468,"publisher":{"@id":"https:\/\/www2.ual.es\/proyecto_aecid_UAL-ENCA\/#organization"},"image":{"@id":"https:\/\/www2.ual.es\/proyecto_aecid_UAL-ENCA\/2025\/11\/06\/el-proyecto-ual-enca-avanza-con-nuevas-alianzas-hacia-una-agricultura-sostenible\/#primaryimage"},"thumbnailUrl":"https:\/\/www2.ual.es\/proyecto_aecid_UAL-ENCA\/wp-content\/uploads\/2025\/11\/El-proyecto-UAL-ENCA-avanza-con-nuevas-alianzas-hacia-una-agricultura-sostenible.webp","articleSection":["Guatemala"],"inLanguage":"es"},{"@type":"WebPage","@id":"https:\/\/www2.ual.es\/proyecto_aecid_UAL-ENCA\/2025\/11\/06\/el-proyecto-ual-enca-avanza-con-nuevas-alianzas-hacia-una-agricultura-sostenible\/","url":"https:\/\/www2.ual.es\/proyecto_aecid_UAL-ENCA\/2025\/11\/06\/el-proyecto-ual-enca-avanza-con-nuevas-alianzas-hacia-una-agricultura-sostenible\/","name":"El proyecto UAL-ENCA avanza con nuevas alianzas hacia una agricultura sostenible - UAL-ENCA","isPartOf":{"@id":"https:\/\/www2.ual.es\/proyecto_aecid_UAL-ENCA\/#website"},"primaryImageOfPage":{"@id":"https:\/\/www2.ual.es\/proyecto_aecid_UAL-ENCA\/2025\/11\/06\/el-proyecto-ual-enca-avanza-con-nuevas-alianzas-hacia-una-agricultura-sostenible\/#primaryimage"},"image":{"@id":"https:\/\/www2.ual.es\/proyecto_aecid_UAL-ENCA\/2025\/11\/06\/el-proyecto-ual-enca-avanza-con-nuevas-alianzas-hacia-una-agricultura-sostenible\/#primaryimage"},"thumbnailUrl":"https:\/\/www2.ual.es\/proyecto_aecid_UAL-ENCA\/wp-content\/uploads\/2025\/11\/El-proyecto-UAL-ENCA-avanza-con-nuevas-alianzas-hacia-una-agricultura-sostenible.webp","datePublished":"2025-11-06T07:20:59+00:00","dateModified":"2025-11-21T12:56:35+00:00","description":"El proyecto UAL-ENCA \u201cInnovaci\u00f3n Agr\u00edcola y Cooperaci\u00f3n Sur-Sur: Capacitaci\u00f3n y Tecnolog\u00eda en Invernaderos Sostenibles en Guatemala\u201d, avanza.","breadcrumb":{"@id":"https:\/\/www2.ual.es\/proyecto_aecid_UAL-ENCA\/2025\/11\/06\/el-proyecto-ual-enca-avanza-con-nuevas-alianzas-hacia-una-agricultura-sostenible\/#breadcrumb"},"inLanguage":"es","potentialAction":[{"@type":"ReadAction","target":["https:\/\/www2.ual.es\/proyecto_aecid_UAL-ENCA\/2025\/11\/06\/el-proyecto-ual-enca-avanza-con-nuevas-alianzas-hacia-una-agricultura-sostenible\/"]}]},{"@type":"ImageObject","inLanguage":"es","@id":"https:\/\/www2.ual.es\/proyecto_aecid_UAL-ENCA\/2025\/11\/06\/el-proyecto-ual-enca-avanza-con-nuevas-alianzas-hacia-una-agricultura-sostenible\/#primaryimage","url":"https:\/\/www2.ual.es\/proyecto_aecid_UAL-ENCA\/wp-content\/uploads\/2025\/11\/El-proyecto-UAL-ENCA-avanza-con-nuevas-alianzas-hacia-una-agricultura-sostenible.webp","contentUrl":"https:\/\/www2.ual.es\/proyecto_aecid_UAL-ENCA\/wp-content\/uploads\/2025\/11\/El-proyecto-UAL-ENCA-avanza-con-nuevas-alianzas-hacia-una-agricultura-sostenible.webp","width":800,"height":650,"caption":"El proyecto UAL-ENCA avanza con nuevas alianzas hacia una agricultura sostenible"},{"@type":"BreadcrumbList","@id":"https:\/\/www2.ual.es\/proyecto_aecid_UAL-ENCA\/2025\/11\/06\/el-proyecto-ual-enca-avanza-con-nuevas-alianzas-hacia-una-agricultura-sostenible\/#breadcrumb","itemListElement":[{"@type":"ListItem","position":1,"name":"Portada","item":"https:\/\/www2.ual.es\/proyecto_aecid_UAL-ENCA\/"},{"@type":"ListItem","position":2,"name":"El proyecto UAL-ENCA avanza con nuevas alianzas hacia una agricultura sostenible"}]},{"@type":"WebSite","@id":"https:\/\/www2.ual.es\/proyecto_aecid_UAL-ENCA\/#website","url":"https:\/\/www2.ual.es\/proyecto_aecid_UAL-ENCA\/","name":"Colaboraci\u00f3n UAL","description":"Proyecto UAL-ENCA","publisher":{"@id":"https:\/\/www2.ual.es\/proyecto_aecid_UAL-ENCA\/#organization"},"potentialAction":[{"@type":"SearchAction","target":{"@type":"EntryPoint","urlTemplate":"https:\/\/www2.ual.es\/proyecto_aecid_UAL-ENCA\/?s={search_term_string}"},"query-input":{"@type":"PropertyValueSpecification","valueRequired":true,"valueName":"search_term_string"}}],"inLanguage":"es"},{"@type":"Organization","@id":"https:\/\/www2.ual.es\/proyecto_aecid_UAL-ENCA\/#organization","name":"Colaboraci\u00f3n UAL","url":"https:\/\/www2.ual.es\/proyecto_aecid_UAL-ENCA\/","logo":{"@type":"ImageObject","inLanguage":"es","@id":"https:\/\/www2.ual.es\/proyecto_aecid_UAL-ENCA\/#\/schema\/logo\/image\/","url":"https:\/\/www2.ual.es\/proyecto_aecid_UAL-ENCA\/wp-content\/uploads\/2025\/04\/cropped-logoUniversidad.png","contentUrl":"https:\/\/www2.ual.es\/proyecto_aecid_UAL-ENCA\/wp-content\/uploads\/2025\/04\/cropped-logoUniversidad.png","width":512,"height":512,"caption":"Colaboraci\u00f3n UAL"},"image":{"@id":"https:\/\/www2.ual.es\/proyecto_aecid_UAL-ENCA\/#\/schema\/logo\/image\/"},"sameAs":["https:\/\/www.facebook.com\/colaboracion.UAL","https:\/\/www.instagram.com\/colaboracion.ual","https:\/\/www.tiktok.com\/@colaboracion.ual"]},{"@type":"Person","@id":"https:\/\/www2.ual.es\/proyecto_aecid_UAL-ENCA\/#\/schema\/person\/972e4dd3b6cef18cd958398d0be27f80","name":"enca-admin","image":{"@type":"ImageObject","inLanguage":"es","@id":"https:\/\/secure.gravatar.com\/avatar\/d3f557e3081c5b56eb83c595e7c177c2d80c9d4a7da37300e7785e1bef6fa5fb?s=96&d=mm&r=g","url":"https:\/\/secure.gravatar.com\/avatar\/d3f557e3081c5b56eb83c595e7c177c2d80c9d4a7da37300e7785e1bef6fa5fb?s=96&d=mm&r=g","contentUrl":"https:\/\/secure.gravatar.com\/avatar\/d3f557e3081c5b56eb83c595e7c177c2d80c9d4a7da37300e7785e1bef6fa5fb?s=96&d=mm&r=g","caption":"enca-admin"},"sameAs":["http:\/\/www2.ual.es\/proyecto_aecid_UAL-ENCA"],"url":"https:\/\/www2.ual.es\/proyecto_aecid_UAL-ENCA\/author\/enca-admin\/"}]}},"_links":{"self":[{"href":"https:\/\/www2.ual.es\/proyecto_aecid_UAL-ENCA\/wp-json\/wp\/v2\/posts\/2075","targetHints":{"allow":["GET"]}}],"collection":[{"href":"https:\/\/www2.ual.es\/proyecto_aecid_UAL-ENCA\/wp-json\/wp\/v2\/posts"}],"about":[{"href":"https:\/\/www2.ual.es\/proyecto_aecid_UAL-ENCA\/wp-json\/wp\/v2\/types\/post"}],"author":[{"embeddable":true,"href":"https:\/\/www2.ual.es\/proyecto_aecid_UAL-ENCA\/wp-json\/wp\/v2\/users\/1"}],"replies":[{"embeddable":true,"href":"https:\/\/www2.ual.es\/proyecto_aecid_UAL-ENCA\/wp-json\/wp\/v2\/comments?post=2075"}],"version-history":[{"count":11,"href":"https:\/\/www2.ual.es\/proyecto_aecid_UAL-ENCA\/wp-json\/wp\/v2\/posts\/2075\/revisions"}],"predecessor-version":[{"id":2100,"href":"https:\/\/www2.ual.es\/proyecto_aecid_UAL-ENCA\/wp-json\/wp\/v2\/posts\/2075\/revisions\/2100"}],"wp:featuredmedia":[{"embeddable":true,"href":"https:\/\/www2.ual.es\/proyecto_aecid_UAL-ENCA\/wp-json\/wp\/v2\/media\/2085"}],"wp:attachment":[{"href":"https:\/\/www2.ual.es\/proyecto_aecid_UAL-ENCA\/wp-json\/wp\/v2\/media?parent=2075"}],"wp:term":[{"taxonomy":"category","embeddable":true,"href":"https:\/\/www2.ual.es\/proyecto_aecid_UAL-ENCA\/wp-json\/wp\/v2\/categories?post=2075"},{"taxonomy":"post_tag","embeddable":true,"href":"https:\/\/www2.ual.es\/proyecto_aecid_UAL-ENCA\/wp-json\/wp\/v2\/tags?post=2075"}],"curies":[{"name":"wp","href":"https:\/\/api.w.org\/{rel}","templated":true}]}}