{"id":2049,"date":"2025-10-15T14:07:00","date_gmt":"2025-10-15T12:07:00","guid":{"rendered":"https:\/\/www2.ual.es\/proyecto_aecid_UAL-ENCA\/?p=2049"},"modified":"2025-10-17T12:43:02","modified_gmt":"2025-10-17T10:43:02","slug":"proyecto-de-cooperacion-internacional-ual-aecid-innovacion-agricola-sostenible-alineada-con-los-ods","status":"publish","type":"post","link":"https:\/\/www2.ual.es\/proyecto_aecid_UAL-ENCA\/2025\/10\/15\/proyecto-de-cooperacion-internacional-ual-aecid-innovacion-agricola-sostenible-alineada-con-los-ods\/","title":{"rendered":"Proyecto de Cooperaci\u00f3n Internacional UAL\u2013AECID: Innovaci\u00f3n agr\u00edcola sostenible alineada con los ODS"},"content":{"rendered":"\n[et_pb_section fb_built=\u00bb1&#8243; _builder_version=\u00bb4.27.4&#8243; _module_preset=\u00bbdefault\u00bb global_colors_info=\u00bb{}\u00bb theme_builder_area=\u00bbpost_content\u00bb][et_pb_row _builder_version=\u00bb4.27.4&#8243; _module_preset=\u00bbdefault\u00bb global_colors_info=\u00bb{}\u00bb theme_builder_area=\u00bbpost_content\u00bb][et_pb_column type=\u00bb4_4&#8243; _builder_version=\u00bb4.27.4&#8243; _module_preset=\u00bbdefault\u00bb global_colors_info=\u00bb{}\u00bb theme_builder_area=\u00bbpost_content\u00bb][et_pb_text _builder_version=\u00bb4.27.4&#8243; _module_preset=\u00bbdefault\u00bb custom_margin=\u00bb||0px||false|false\u00bb custom_padding=\u00bb||0px||false|false\u00bb link_option_url_new_window=\u00bbon\u00bb hover_enabled=\u00bb0&#8243; global_colors_info=\u00bb{}\u00bb theme_builder_area=\u00bbpost_content\u00bb sticky_enabled=\u00bb0&#8243;]<p><span style=\"font-weight: 400;\">El <\/span><b>Proyecto de Cooperaci\u00f3n Internacional al Desarrollo<\/b><span style=\"font-weight: 400;\">, impulsado por la <\/span><b>Universidad de Almer\u00eda (UAL)<\/b><span style=\"font-weight: 400;\"> y <\/span><b>financiado por la Agencia Espa\u00f1ola de Cooperaci\u00f3n Internacional para el Desarrollo (AECID)<\/b><span style=\"font-weight: 400;\">, promueve una <\/span><b>agricultura sostenible, inclusiva e innovadora<\/b><span style=\"font-weight: 400;\"> como motor de transformaci\u00f3n social y econ\u00f3mica.<\/span><\/p>\n<p><span style=\"font-weight: 400;\"><br \/><\/span><span style=\"font-weight: 400;\">A trav\u00e9s de la <\/span><b>investigaci\u00f3n aplicada, la transferencia tecnol\u00f3gica<\/b><span style=\"font-weight: 400;\"> y la creaci\u00f3n de <\/span><b>modelos de cultivo avanzados<\/b><span style=\"font-weight: 400;\">, la iniciativa busca mejorar la seguridad alimentaria, fomentar el uso eficiente de los recursos y fortalecer las capacidades locales en regiones de <\/span><b>Centroam\u00e9rica<\/b><span style=\"font-weight: 400;\">, especialmente en <\/span><b>Costa Rica y Guatemala<\/b><span style=\"font-weight: 400;\">, gracias a proyectos complementarios apoyados por la <\/span><b>AACID<\/b><span style=\"font-weight: 400;\">.<\/span><\/p>\n<h2><b>ODS 2: Hambre cero y seguridad alimentaria<\/b><\/h2>\n<p><span style=\"font-weight: 400;\">El proyecto se alinea directamente con el <\/span><b>Objetivo de Desarrollo Sostenible 2 (Hambre Cero)<\/b><span style=\"font-weight: 400;\">, apostando por sistemas agr\u00edcolas m\u00e1s eficientes, productivos y sostenibles. Mediante la formaci\u00f3n de productores locales, la optimizaci\u00f3n de invernaderos tecnificados y la mejora de la cadena de valor agr\u00edcola, se impulsa una producci\u00f3n de alimentos m\u00e1s segura, accesible y resiliente ante el cambio clim\u00e1tico.<\/span><\/p>\n<p><span style=\"font-weight: 400;\">El intercambio de conocimiento entre la UAL y los centros de investigaci\u00f3n agr\u00edcola de los pa\u00edses participantes contribuye a reducir la inseguridad alimentaria y a fortalecer la soberan\u00eda alimentaria local.\u00a0<\/span><\/p>\n<p><span style=\"font-weight: 400;\">En proyectos similares llevados a cabo en <\/span><b>Nicaragua<\/b><span style=\"font-weight: 400;\">, ya se han implementado este tipo de modelos de cultivo avanzados y programas de formaci\u00f3n que han permitido incrementar la producci\u00f3n agr\u00edcola local, mejorar la calidad nutricional de los alimentos y reforzar la resiliencia de las comunidades ante fen\u00f3menos clim\u00e1ticos extremos. Adem\u00e1s, se ha realizado la <\/span><b>entrega de productos agr\u00edcolas a escuelas locales<\/b><span style=\"font-weight: 400;\">, asegurando que los ni\u00f1os reciban alimentos frescos y nutritivos y promoviendo la seguridad alimentaria desde la educaci\u00f3n.<\/span><\/p>\n<h2><b>ODS 6: Agua limpia y saneamiento<\/b><\/h2>\n<p><span style=\"font-weight: 400;\">En regiones donde el acceso al agua es limitado, el <\/span><b>uso responsable y eficiente del recurso h\u00eddrico<\/b><span style=\"font-weight: 400;\"> resulta esencial. El proyecto integra soluciones basadas en la <\/span><b>gesti\u00f3n sostenible del agua<\/b><span style=\"font-weight: 400;\">, promoviendo tecnolog\u00edas de riego inteligentes, reutilizaci\u00f3n de aguas y pr\u00e1cticas agr\u00edcolas de bajo impacto ambiental.<\/span><\/p>\n<p><span style=\"font-weight: 400;\">De esta manera, se avanza hacia el cumplimiento del <\/span><b>ODS 6<\/b><span style=\"font-weight: 400;\">, garantizando un uso equitativo y sostenible del agua tanto para la producci\u00f3n agr\u00edcola como para las comunidades locales.<\/span><\/p>[\/et_pb_text][et_pb_image src=\u00bbhttps:\/\/www2.ual.es\/proyecto_aecid_UAL-ENCA\/wp-content\/uploads\/2025\/10\/Proyecto-de-Cooperacion-Internacional-UAL\u2013AECID_-Innovacion-agricola-sostenible-alineada-con-los-ODS.webp\u00bb alt=\u00bbProyecto de Cooperacio\u0301n Internacional UAL\u2013AECID_ Innovacio\u0301n agri\u0301cola sostenible alineada con los ODS\u00bb title_text=\u00bbProyecto de Cooperacio\u0301n Internacional UAL\u2013AECID_ Innovacio\u0301n agri\u0301cola sostenible alineada con los ODS\u00bb align=\u00bbcenter\u00bb _builder_version=\u00bb4.27.4&#8243; _module_preset=\u00bbdefault\u00bb hover_enabled=\u00bb0&#8243; global_colors_info=\u00bb{}\u00bb theme_builder_area=\u00bbpost_content\u00bb sticky_enabled=\u00bb0&#8243;][\/et_pb_image][et_pb_text _builder_version=\u00bb4.27.4&#8243; _module_preset=\u00bbdefault\u00bb custom_margin=\u00bb||0px||false|false\u00bb custom_padding=\u00bb||0px||false|false\u00bb link_option_url_new_window=\u00bbon\u00bb hover_enabled=\u00bb0&#8243; global_colors_info=\u00bb{}\u00bb theme_builder_area=\u00bbpost_content\u00bb sticky_enabled=\u00bb0&#8243;]<h2><b>ODS 12: Producci\u00f3n y consumo responsables<\/b><\/h2>\n<p><span style=\"font-weight: 400;\">La cooperaci\u00f3n internacional en materia agr\u00edcola tambi\u00e9n busca transformar los modelos de producci\u00f3n tradicionales hacia un enfoque m\u00e1s <\/span><b>circular y responsable<\/b><span style=\"font-weight: 400;\">. El proyecto fomenta pr\u00e1cticas de <\/span><b>agroecolog\u00eda<\/b><span style=\"font-weight: 400;\">, reducci\u00f3n de residuos, aprovechamiento de subproductos y uso de energ\u00edas limpias, impulsando una <\/span><b>transici\u00f3n hacia una econom\u00eda rural sostenible<\/b><span style=\"font-weight: 400;\">.<\/span><\/p>\n<p><span style=\"font-weight: 400;\">De este modo, se contribuye al <\/span><b>ODS 12<\/b><span style=\"font-weight: 400;\">, garantizando que la producci\u00f3n agr\u00edcola respete los recursos naturales y mejore la calidad de vida de las comunidades rurales.<\/span><\/p>\n<h2><b>ODS 13: Acci\u00f3n por el clima<\/b><\/h2>\n<p><span style=\"font-weight: 400;\">El cambio clim\u00e1tico representa uno de los mayores desaf\u00edos para la agricultura mundial. A trav\u00e9s de la <\/span><b>formaci\u00f3n, la innovaci\u00f3n tecnol\u00f3gica y la cooperaci\u00f3n cient\u00edfica<\/b><span style=\"font-weight: 400;\">, el proyecto impulsa estrategias de <\/span><b>adaptaci\u00f3n y mitigaci\u00f3n clim\u00e1tica<\/b><span style=\"font-weight: 400;\">, fortaleciendo la capacidad de los agricultores para enfrentar eventos extremos y preservar la biodiversidad.<\/span><\/p>\n<p><span style=\"font-weight: 400;\">Estas acciones est\u00e1n plenamente alineadas con el <\/span><b>ODS 13<\/b><span style=\"font-weight: 400;\">, integrando la sostenibilidad ambiental en todas las etapas del desarrollo agr\u00edcola.<\/span><\/p>\n<h2><b>Un modelo de cooperaci\u00f3n alineado con los ODS\u00a0<\/b><\/h2>\n<p><span style=\"font-weight: 400;\">El <\/span><b>Proyecto de Cooperaci\u00f3n Internacional UAL\u2013AECID<\/b><span style=\"font-weight: 400;\"> constituye un ejemplo de <\/span><b>cooperaci\u00f3n territorial transformadora<\/b><span style=\"font-weight: 400;\">, al conectar instituciones, investigadores y comunidades en torno a un objetivo com\u00fan: <\/span><b>garantizar una agricultura sostenible, segura y resiliente<\/b><span style=\"font-weight: 400;\">.<\/span><\/p>\n<p><span style=\"font-weight: 400;\">Sus proyectos consolidan una red de innovaci\u00f3n agr\u00edcola internacional que refuerza los lazos entre Europa y Am\u00e9rica Latina, contribuyendo a un futuro m\u00e1s justo y sostenible.<\/span><\/p>[\/et_pb_text][\/et_pb_column][\/et_pb_row][et_pb_row _builder_version=\u00bb4.27.4&#8243; _module_preset=\u00bbdefault\u00bb global_colors_info=\u00bb{}\u00bb theme_builder_area=\u00bbpost_content\u00bb][et_pb_column type=\u00bb4_4&#8243; _builder_version=\u00bb4.27.4&#8243; _module_preset=\u00bbdefault\u00bb global_colors_info=\u00bb{}\u00bb theme_builder_area=\u00bbpost_content\u00bb][et_pb_text _builder_version=\u00bb4.27.4&#8243; _module_preset=\u00bbdefault\u00bb global_colors_info=\u00bb{}\u00bb theme_builder_area=\u00bbpost_content\u00bb]<p>S\u00edguenos en nuestras redes:<\/p>\n<ul>\n<li><strong><a target=\"_blank\" href=\"https:\/\/www.facebook.com\/colaboracion.UAL\/\" rel=\"noopener\">Facebook\u00a0<\/a><\/strong><\/li>\n<li><strong><a target=\"_blank\" href=\"https:\/\/www.instagram.com\/colaboracion.ual\" rel=\"noopener\">Instagram<\/a><\/strong><\/li>\n<li><strong><a target=\"_blank\" href=\"https:\/\/www.tiktok.com\/@colaboracion.ual\" rel=\"noopener\">TikTok<\/a><\/strong><\/li>\n<\/ul>[\/et_pb_text][\/et_pb_column][\/et_pb_row][\/et_pb_section]\n","protected":false},"excerpt":{"rendered":"<p>El Proyecto de Cooperaci\u00f3n Internacional al Desarrollo, impulsado por la Universidad de Almer\u00eda (UAL) y financiado por la Agencia Espa\u00f1ola de Cooperaci\u00f3n Internacional para el Desarrollo (AECID), promueve una agricultura sostenible, inclusiva e innovadora como motor de transformaci\u00f3n social y econ\u00f3mica. A trav\u00e9s de la investigaci\u00f3n aplicada, la transferencia tecnol\u00f3gica y la creaci\u00f3n de modelos [&hellip;]<\/p>\n","protected":false},"author":1,"featured_media":2054,"comment_status":"closed","ping_status":"closed","sticky":false,"template":"","format":"standard","meta":{"_et_pb_use_builder":"on","_et_pb_old_content":"","_et_gb_content_width":"1080","footnotes":""},"categories":[5,6,7],"tags":[],"class_list":["post-2049","post","type-post","status-publish","format-standard","has-post-thumbnail","hentry","category-costa-rica","category-guatemala","category-nicaragua"],"yoast_head":"<!-- This site is optimized with the Yoast SEO plugin v27.4 - https:\/\/yoast.com\/product\/yoast-seo-wordpress\/ -->\n<title>Proyecto de Cooperaci\u00f3n Internacional UAL\u2013AECID: Innovaci\u00f3n agr\u00edcola sostenible alineada con los ODS - UAL-ENCA<\/title>\n<meta name=\"description\" content=\"El Proyecto de Cooperaci\u00f3n Internacional al Desarrollo, impulsado por la Universidad de Almer\u00eda y financiado por la AECID, promueve una agricultura sostenible, inclusiva e innovadora como motor de transformaci\u00f3n social y econ\u00f3mica.\" \/>\n<meta name=\"robots\" content=\"index, follow, max-snippet:-1, max-image-preview:large, max-video-preview:-1\" \/>\n<link rel=\"canonical\" href=\"https:\/\/www2.ual.es\/proyecto_aecid_UAL-ENCA\/2025\/10\/15\/proyecto-de-cooperacion-internacional-ual-aecid-innovacion-agricola-sostenible-alineada-con-los-ods\/\" \/>\n<meta property=\"og:locale\" content=\"es_ES\" \/>\n<meta property=\"og:type\" content=\"article\" \/>\n<meta property=\"og:title\" content=\"Proyecto de Cooperaci\u00f3n Internacional UAL\u2013AECID: Innovaci\u00f3n agr\u00edcola sostenible alineada con los ODS - UAL-ENCA\" \/>\n<meta property=\"og:description\" content=\"El Proyecto de Cooperaci\u00f3n Internacional al Desarrollo, impulsado por la Universidad de Almer\u00eda y financiado por la AECID, promueve una agricultura sostenible, inclusiva e innovadora como motor de transformaci\u00f3n social y econ\u00f3mica.\" \/>\n<meta property=\"og:url\" content=\"https:\/\/www2.ual.es\/proyecto_aecid_UAL-ENCA\/2025\/10\/15\/proyecto-de-cooperacion-internacional-ual-aecid-innovacion-agricola-sostenible-alineada-con-los-ods\/\" \/>\n<meta property=\"og:site_name\" content=\"UAL-ENCA\" \/>\n<meta property=\"article:publisher\" content=\"https:\/\/www.facebook.com\/colaboracion.UAL\" \/>\n<meta property=\"article:published_time\" content=\"2025-10-15T12:07:00+00:00\" \/>\n<meta property=\"article:modified_time\" content=\"2025-10-17T10:43:02+00:00\" \/>\n<meta property=\"og:image\" content=\"https:\/\/www2.ual.es\/proyecto_aecid_UAL-ENCA\/wp-content\/uploads\/2025\/10\/Proyecto-de-Cooperacion-Internacional-UAL\u2013AECID-Innovacion-agricola-sostenible-alineada-con-los-ODS.webp\" \/>\n\t<meta property=\"og:image:width\" content=\"800\" \/>\n\t<meta property=\"og:image:height\" content=\"650\" \/>\n\t<meta property=\"og:image:type\" content=\"image\/webp\" \/>\n<meta name=\"author\" content=\"enca-admin\" \/>\n<meta name=\"twitter:card\" content=\"summary_large_image\" \/>\n<meta name=\"twitter:label1\" content=\"Escrito por\" \/>\n\t<meta name=\"twitter:data1\" content=\"enca-admin\" \/>\n\t<meta name=\"twitter:label2\" content=\"Tiempo de lectura\" \/>\n\t<meta name=\"twitter:data2\" content=\"4 minutos\" \/>\n<script type=\"application\/ld+json\" class=\"yoast-schema-graph\">{\"@context\":\"https:\\\/\\\/schema.org\",\"@graph\":[{\"@type\":\"Article\",\"@id\":\"https:\\\/\\\/www2.ual.es\\\/proyecto_aecid_UAL-ENCA\\\/2025\\\/10\\\/15\\\/proyecto-de-cooperacion-internacional-ual-aecid-innovacion-agricola-sostenible-alineada-con-los-ods\\\/#article\",\"isPartOf\":{\"@id\":\"https:\\\/\\\/www2.ual.es\\\/proyecto_aecid_UAL-ENCA\\\/2025\\\/10\\\/15\\\/proyecto-de-cooperacion-internacional-ual-aecid-innovacion-agricola-sostenible-alineada-con-los-ods\\\/\"},\"author\":{\"name\":\"enca-admin\",\"@id\":\"https:\\\/\\\/www2.ual.es\\\/proyecto_aecid_UAL-ENCA\\\/#\\\/schema\\\/person\\\/972e4dd3b6cef18cd958398d0be27f80\"},\"headline\":\"Proyecto de Cooperaci\u00f3n Internacional UAL\u2013AECID: Innovaci\u00f3n agr\u00edcola sostenible alineada con los ODS\",\"datePublished\":\"2025-10-15T12:07:00+00:00\",\"dateModified\":\"2025-10-17T10:43:02+00:00\",\"mainEntityOfPage\":{\"@id\":\"https:\\\/\\\/www2.ual.es\\\/proyecto_aecid_UAL-ENCA\\\/2025\\\/10\\\/15\\\/proyecto-de-cooperacion-internacional-ual-aecid-innovacion-agricola-sostenible-alineada-con-los-ods\\\/\"},\"wordCount\":930,\"publisher\":{\"@id\":\"https:\\\/\\\/www2.ual.es\\\/proyecto_aecid_UAL-ENCA\\\/#organization\"},\"image\":{\"@id\":\"https:\\\/\\\/www2.ual.es\\\/proyecto_aecid_UAL-ENCA\\\/2025\\\/10\\\/15\\\/proyecto-de-cooperacion-internacional-ual-aecid-innovacion-agricola-sostenible-alineada-con-los-ods\\\/#primaryimage\"},\"thumbnailUrl\":\"https:\\\/\\\/www2.ual.es\\\/proyecto_aecid_UAL-ENCA\\\/wp-content\\\/uploads\\\/2025\\\/10\\\/Proyecto-de-Cooperacion-Internacional-UAL\u2013AECID-Innovacion-agricola-sostenible-alineada-con-los-ODS.webp\",\"articleSection\":[\"Costa Rica\",\"Guatemala\",\"Nicaragua\"],\"inLanguage\":\"es\"},{\"@type\":\"WebPage\",\"@id\":\"https:\\\/\\\/www2.ual.es\\\/proyecto_aecid_UAL-ENCA\\\/2025\\\/10\\\/15\\\/proyecto-de-cooperacion-internacional-ual-aecid-innovacion-agricola-sostenible-alineada-con-los-ods\\\/\",\"url\":\"https:\\\/\\\/www2.ual.es\\\/proyecto_aecid_UAL-ENCA\\\/2025\\\/10\\\/15\\\/proyecto-de-cooperacion-internacional-ual-aecid-innovacion-agricola-sostenible-alineada-con-los-ods\\\/\",\"name\":\"Proyecto de Cooperaci\u00f3n Internacional UAL\u2013AECID: Innovaci\u00f3n agr\u00edcola sostenible alineada con los ODS - UAL-ENCA\",\"isPartOf\":{\"@id\":\"https:\\\/\\\/www2.ual.es\\\/proyecto_aecid_UAL-ENCA\\\/#website\"},\"primaryImageOfPage\":{\"@id\":\"https:\\\/\\\/www2.ual.es\\\/proyecto_aecid_UAL-ENCA\\\/2025\\\/10\\\/15\\\/proyecto-de-cooperacion-internacional-ual-aecid-innovacion-agricola-sostenible-alineada-con-los-ods\\\/#primaryimage\"},\"image\":{\"@id\":\"https:\\\/\\\/www2.ual.es\\\/proyecto_aecid_UAL-ENCA\\\/2025\\\/10\\\/15\\\/proyecto-de-cooperacion-internacional-ual-aecid-innovacion-agricola-sostenible-alineada-con-los-ods\\\/#primaryimage\"},\"thumbnailUrl\":\"https:\\\/\\\/www2.ual.es\\\/proyecto_aecid_UAL-ENCA\\\/wp-content\\\/uploads\\\/2025\\\/10\\\/Proyecto-de-Cooperacion-Internacional-UAL\u2013AECID-Innovacion-agricola-sostenible-alineada-con-los-ODS.webp\",\"datePublished\":\"2025-10-15T12:07:00+00:00\",\"dateModified\":\"2025-10-17T10:43:02+00:00\",\"description\":\"El Proyecto de Cooperaci\u00f3n Internacional al Desarrollo, impulsado por la Universidad de Almer\u00eda y financiado por la AECID, promueve una agricultura sostenible, inclusiva e innovadora como motor de transformaci\u00f3n social y econ\u00f3mica.\",\"breadcrumb\":{\"@id\":\"https:\\\/\\\/www2.ual.es\\\/proyecto_aecid_UAL-ENCA\\\/2025\\\/10\\\/15\\\/proyecto-de-cooperacion-internacional-ual-aecid-innovacion-agricola-sostenible-alineada-con-los-ods\\\/#breadcrumb\"},\"inLanguage\":\"es\",\"potentialAction\":[{\"@type\":\"ReadAction\",\"target\":[\"https:\\\/\\\/www2.ual.es\\\/proyecto_aecid_UAL-ENCA\\\/2025\\\/10\\\/15\\\/proyecto-de-cooperacion-internacional-ual-aecid-innovacion-agricola-sostenible-alineada-con-los-ods\\\/\"]}]},{\"@type\":\"ImageObject\",\"inLanguage\":\"es\",\"@id\":\"https:\\\/\\\/www2.ual.es\\\/proyecto_aecid_UAL-ENCA\\\/2025\\\/10\\\/15\\\/proyecto-de-cooperacion-internacional-ual-aecid-innovacion-agricola-sostenible-alineada-con-los-ods\\\/#primaryimage\",\"url\":\"https:\\\/\\\/www2.ual.es\\\/proyecto_aecid_UAL-ENCA\\\/wp-content\\\/uploads\\\/2025\\\/10\\\/Proyecto-de-Cooperacion-Internacional-UAL\u2013AECID-Innovacion-agricola-sostenible-alineada-con-los-ODS.webp\",\"contentUrl\":\"https:\\\/\\\/www2.ual.es\\\/proyecto_aecid_UAL-ENCA\\\/wp-content\\\/uploads\\\/2025\\\/10\\\/Proyecto-de-Cooperacion-Internacional-UAL\u2013AECID-Innovacion-agricola-sostenible-alineada-con-los-ODS.webp\",\"width\":800,\"height\":650,\"caption\":\"Proyecto de Cooperacio\u0301n Internacional UAL\u2013AECID_ Innovacio\u0301n agri\u0301cola sostenible alineada con los ODS\"},{\"@type\":\"BreadcrumbList\",\"@id\":\"https:\\\/\\\/www2.ual.es\\\/proyecto_aecid_UAL-ENCA\\\/2025\\\/10\\\/15\\\/proyecto-de-cooperacion-internacional-ual-aecid-innovacion-agricola-sostenible-alineada-con-los-ods\\\/#breadcrumb\",\"itemListElement\":[{\"@type\":\"ListItem\",\"position\":1,\"name\":\"Portada\",\"item\":\"https:\\\/\\\/www2.ual.es\\\/proyecto_aecid_UAL-ENCA\\\/\"},{\"@type\":\"ListItem\",\"position\":2,\"name\":\"Proyecto de Cooperaci\u00f3n Internacional UAL\u2013AECID: Innovaci\u00f3n agr\u00edcola sostenible alineada con los ODS\"}]},{\"@type\":\"WebSite\",\"@id\":\"https:\\\/\\\/www2.ual.es\\\/proyecto_aecid_UAL-ENCA\\\/#website\",\"url\":\"https:\\\/\\\/www2.ual.es\\\/proyecto_aecid_UAL-ENCA\\\/\",\"name\":\"Colaboraci\u00f3n UAL\",\"description\":\"Proyecto UAL-ENCA\",\"publisher\":{\"@id\":\"https:\\\/\\\/www2.ual.es\\\/proyecto_aecid_UAL-ENCA\\\/#organization\"},\"potentialAction\":[{\"@type\":\"SearchAction\",\"target\":{\"@type\":\"EntryPoint\",\"urlTemplate\":\"https:\\\/\\\/www2.ual.es\\\/proyecto_aecid_UAL-ENCA\\\/?s={search_term_string}\"},\"query-input\":{\"@type\":\"PropertyValueSpecification\",\"valueRequired\":true,\"valueName\":\"search_term_string\"}}],\"inLanguage\":\"es\"},{\"@type\":\"Organization\",\"@id\":\"https:\\\/\\\/www2.ual.es\\\/proyecto_aecid_UAL-ENCA\\\/#organization\",\"name\":\"Colaboraci\u00f3n UAL\",\"url\":\"https:\\\/\\\/www2.ual.es\\\/proyecto_aecid_UAL-ENCA\\\/\",\"logo\":{\"@type\":\"ImageObject\",\"inLanguage\":\"es\",\"@id\":\"https:\\\/\\\/www2.ual.es\\\/proyecto_aecid_UAL-ENCA\\\/#\\\/schema\\\/logo\\\/image\\\/\",\"url\":\"https:\\\/\\\/www2.ual.es\\\/proyecto_aecid_UAL-ENCA\\\/wp-content\\\/uploads\\\/2025\\\/04\\\/cropped-logoUniversidad.png\",\"contentUrl\":\"https:\\\/\\\/www2.ual.es\\\/proyecto_aecid_UAL-ENCA\\\/wp-content\\\/uploads\\\/2025\\\/04\\\/cropped-logoUniversidad.png\",\"width\":512,\"height\":512,\"caption\":\"Colaboraci\u00f3n UAL\"},\"image\":{\"@id\":\"https:\\\/\\\/www2.ual.es\\\/proyecto_aecid_UAL-ENCA\\\/#\\\/schema\\\/logo\\\/image\\\/\"},\"sameAs\":[\"https:\\\/\\\/www.facebook.com\\\/colaboracion.UAL\",\"https:\\\/\\\/www.instagram.com\\\/colaboracion.ual\",\"https:\\\/\\\/www.tiktok.com\\\/@colaboracion.ual\"]},{\"@type\":\"Person\",\"@id\":\"https:\\\/\\\/www2.ual.es\\\/proyecto_aecid_UAL-ENCA\\\/#\\\/schema\\\/person\\\/972e4dd3b6cef18cd958398d0be27f80\",\"name\":\"enca-admin\",\"image\":{\"@type\":\"ImageObject\",\"inLanguage\":\"es\",\"@id\":\"https:\\\/\\\/secure.gravatar.com\\\/avatar\\\/d3f557e3081c5b56eb83c595e7c177c2d80c9d4a7da37300e7785e1bef6fa5fb?s=96&d=mm&r=g\",\"url\":\"https:\\\/\\\/secure.gravatar.com\\\/avatar\\\/d3f557e3081c5b56eb83c595e7c177c2d80c9d4a7da37300e7785e1bef6fa5fb?s=96&d=mm&r=g\",\"contentUrl\":\"https:\\\/\\\/secure.gravatar.com\\\/avatar\\\/d3f557e3081c5b56eb83c595e7c177c2d80c9d4a7da37300e7785e1bef6fa5fb?s=96&d=mm&r=g\",\"caption\":\"enca-admin\"},\"sameAs\":[\"http:\\\/\\\/www2.ual.es\\\/proyecto_aecid_UAL-ENCA\"],\"url\":\"https:\\\/\\\/www2.ual.es\\\/proyecto_aecid_UAL-ENCA\\\/author\\\/enca-admin\\\/\"}]}<\/script>\n<!-- \/ Yoast SEO plugin. -->","yoast_head_json":{"title":"Proyecto de Cooperaci\u00f3n Internacional UAL\u2013AECID: Innovaci\u00f3n agr\u00edcola sostenible alineada con los ODS - UAL-ENCA","description":"El Proyecto de Cooperaci\u00f3n Internacional al Desarrollo, impulsado por la Universidad de Almer\u00eda y financiado por la AECID, promueve una agricultura sostenible, inclusiva e innovadora como motor de transformaci\u00f3n social y econ\u00f3mica.","robots":{"index":"index","follow":"follow","max-snippet":"max-snippet:-1","max-image-preview":"max-image-preview:large","max-video-preview":"max-video-preview:-1"},"canonical":"https:\/\/www2.ual.es\/proyecto_aecid_UAL-ENCA\/2025\/10\/15\/proyecto-de-cooperacion-internacional-ual-aecid-innovacion-agricola-sostenible-alineada-con-los-ods\/","og_locale":"es_ES","og_type":"article","og_title":"Proyecto de Cooperaci\u00f3n Internacional UAL\u2013AECID: Innovaci\u00f3n agr\u00edcola sostenible alineada con los ODS - UAL-ENCA","og_description":"El Proyecto de Cooperaci\u00f3n Internacional al Desarrollo, impulsado por la Universidad de Almer\u00eda y financiado por la AECID, promueve una agricultura sostenible, inclusiva e innovadora como motor de transformaci\u00f3n social y econ\u00f3mica.","og_url":"https:\/\/www2.ual.es\/proyecto_aecid_UAL-ENCA\/2025\/10\/15\/proyecto-de-cooperacion-internacional-ual-aecid-innovacion-agricola-sostenible-alineada-con-los-ods\/","og_site_name":"UAL-ENCA","article_publisher":"https:\/\/www.facebook.com\/colaboracion.UAL","article_published_time":"2025-10-15T12:07:00+00:00","article_modified_time":"2025-10-17T10:43:02+00:00","og_image":[{"width":800,"height":650,"url":"https:\/\/www2.ual.es\/proyecto_aecid_UAL-ENCA\/wp-content\/uploads\/2025\/10\/Proyecto-de-Cooperacion-Internacional-UAL\u2013AECID-Innovacion-agricola-sostenible-alineada-con-los-ODS.webp","type":"image\/webp"}],"author":"enca-admin","twitter_card":"summary_large_image","twitter_misc":{"Escrito por":"enca-admin","Tiempo de lectura":"4 minutos"},"schema":{"@context":"https:\/\/schema.org","@graph":[{"@type":"Article","@id":"https:\/\/www2.ual.es\/proyecto_aecid_UAL-ENCA\/2025\/10\/15\/proyecto-de-cooperacion-internacional-ual-aecid-innovacion-agricola-sostenible-alineada-con-los-ods\/#article","isPartOf":{"@id":"https:\/\/www2.ual.es\/proyecto_aecid_UAL-ENCA\/2025\/10\/15\/proyecto-de-cooperacion-internacional-ual-aecid-innovacion-agricola-sostenible-alineada-con-los-ods\/"},"author":{"name":"enca-admin","@id":"https:\/\/www2.ual.es\/proyecto_aecid_UAL-ENCA\/#\/schema\/person\/972e4dd3b6cef18cd958398d0be27f80"},"headline":"Proyecto de Cooperaci\u00f3n Internacional UAL\u2013AECID: Innovaci\u00f3n agr\u00edcola sostenible alineada con los ODS","datePublished":"2025-10-15T12:07:00+00:00","dateModified":"2025-10-17T10:43:02+00:00","mainEntityOfPage":{"@id":"https:\/\/www2.ual.es\/proyecto_aecid_UAL-ENCA\/2025\/10\/15\/proyecto-de-cooperacion-internacional-ual-aecid-innovacion-agricola-sostenible-alineada-con-los-ods\/"},"wordCount":930,"publisher":{"@id":"https:\/\/www2.ual.es\/proyecto_aecid_UAL-ENCA\/#organization"},"image":{"@id":"https:\/\/www2.ual.es\/proyecto_aecid_UAL-ENCA\/2025\/10\/15\/proyecto-de-cooperacion-internacional-ual-aecid-innovacion-agricola-sostenible-alineada-con-los-ods\/#primaryimage"},"thumbnailUrl":"https:\/\/www2.ual.es\/proyecto_aecid_UAL-ENCA\/wp-content\/uploads\/2025\/10\/Proyecto-de-Cooperacion-Internacional-UAL\u2013AECID-Innovacion-agricola-sostenible-alineada-con-los-ODS.webp","articleSection":["Costa Rica","Guatemala","Nicaragua"],"inLanguage":"es"},{"@type":"WebPage","@id":"https:\/\/www2.ual.es\/proyecto_aecid_UAL-ENCA\/2025\/10\/15\/proyecto-de-cooperacion-internacional-ual-aecid-innovacion-agricola-sostenible-alineada-con-los-ods\/","url":"https:\/\/www2.ual.es\/proyecto_aecid_UAL-ENCA\/2025\/10\/15\/proyecto-de-cooperacion-internacional-ual-aecid-innovacion-agricola-sostenible-alineada-con-los-ods\/","name":"Proyecto de Cooperaci\u00f3n Internacional UAL\u2013AECID: Innovaci\u00f3n agr\u00edcola sostenible alineada con los ODS - UAL-ENCA","isPartOf":{"@id":"https:\/\/www2.ual.es\/proyecto_aecid_UAL-ENCA\/#website"},"primaryImageOfPage":{"@id":"https:\/\/www2.ual.es\/proyecto_aecid_UAL-ENCA\/2025\/10\/15\/proyecto-de-cooperacion-internacional-ual-aecid-innovacion-agricola-sostenible-alineada-con-los-ods\/#primaryimage"},"image":{"@id":"https:\/\/www2.ual.es\/proyecto_aecid_UAL-ENCA\/2025\/10\/15\/proyecto-de-cooperacion-internacional-ual-aecid-innovacion-agricola-sostenible-alineada-con-los-ods\/#primaryimage"},"thumbnailUrl":"https:\/\/www2.ual.es\/proyecto_aecid_UAL-ENCA\/wp-content\/uploads\/2025\/10\/Proyecto-de-Cooperacion-Internacional-UAL\u2013AECID-Innovacion-agricola-sostenible-alineada-con-los-ODS.webp","datePublished":"2025-10-15T12:07:00+00:00","dateModified":"2025-10-17T10:43:02+00:00","description":"El Proyecto de Cooperaci\u00f3n Internacional al Desarrollo, impulsado por la Universidad de Almer\u00eda y financiado por la AECID, promueve una agricultura sostenible, inclusiva e innovadora como motor de transformaci\u00f3n social y econ\u00f3mica.","breadcrumb":{"@id":"https:\/\/www2.ual.es\/proyecto_aecid_UAL-ENCA\/2025\/10\/15\/proyecto-de-cooperacion-internacional-ual-aecid-innovacion-agricola-sostenible-alineada-con-los-ods\/#breadcrumb"},"inLanguage":"es","potentialAction":[{"@type":"ReadAction","target":["https:\/\/www2.ual.es\/proyecto_aecid_UAL-ENCA\/2025\/10\/15\/proyecto-de-cooperacion-internacional-ual-aecid-innovacion-agricola-sostenible-alineada-con-los-ods\/"]}]},{"@type":"ImageObject","inLanguage":"es","@id":"https:\/\/www2.ual.es\/proyecto_aecid_UAL-ENCA\/2025\/10\/15\/proyecto-de-cooperacion-internacional-ual-aecid-innovacion-agricola-sostenible-alineada-con-los-ods\/#primaryimage","url":"https:\/\/www2.ual.es\/proyecto_aecid_UAL-ENCA\/wp-content\/uploads\/2025\/10\/Proyecto-de-Cooperacion-Internacional-UAL\u2013AECID-Innovacion-agricola-sostenible-alineada-con-los-ODS.webp","contentUrl":"https:\/\/www2.ual.es\/proyecto_aecid_UAL-ENCA\/wp-content\/uploads\/2025\/10\/Proyecto-de-Cooperacion-Internacional-UAL\u2013AECID-Innovacion-agricola-sostenible-alineada-con-los-ODS.webp","width":800,"height":650,"caption":"Proyecto de Cooperacio\u0301n Internacional UAL\u2013AECID_ Innovacio\u0301n agri\u0301cola sostenible alineada con los ODS"},{"@type":"BreadcrumbList","@id":"https:\/\/www2.ual.es\/proyecto_aecid_UAL-ENCA\/2025\/10\/15\/proyecto-de-cooperacion-internacional-ual-aecid-innovacion-agricola-sostenible-alineada-con-los-ods\/#breadcrumb","itemListElement":[{"@type":"ListItem","position":1,"name":"Portada","item":"https:\/\/www2.ual.es\/proyecto_aecid_UAL-ENCA\/"},{"@type":"ListItem","position":2,"name":"Proyecto de Cooperaci\u00f3n Internacional UAL\u2013AECID: Innovaci\u00f3n agr\u00edcola sostenible alineada con los ODS"}]},{"@type":"WebSite","@id":"https:\/\/www2.ual.es\/proyecto_aecid_UAL-ENCA\/#website","url":"https:\/\/www2.ual.es\/proyecto_aecid_UAL-ENCA\/","name":"Colaboraci\u00f3n UAL","description":"Proyecto UAL-ENCA","publisher":{"@id":"https:\/\/www2.ual.es\/proyecto_aecid_UAL-ENCA\/#organization"},"potentialAction":[{"@type":"SearchAction","target":{"@type":"EntryPoint","urlTemplate":"https:\/\/www2.ual.es\/proyecto_aecid_UAL-ENCA\/?s={search_term_string}"},"query-input":{"@type":"PropertyValueSpecification","valueRequired":true,"valueName":"search_term_string"}}],"inLanguage":"es"},{"@type":"Organization","@id":"https:\/\/www2.ual.es\/proyecto_aecid_UAL-ENCA\/#organization","name":"Colaboraci\u00f3n UAL","url":"https:\/\/www2.ual.es\/proyecto_aecid_UAL-ENCA\/","logo":{"@type":"ImageObject","inLanguage":"es","@id":"https:\/\/www2.ual.es\/proyecto_aecid_UAL-ENCA\/#\/schema\/logo\/image\/","url":"https:\/\/www2.ual.es\/proyecto_aecid_UAL-ENCA\/wp-content\/uploads\/2025\/04\/cropped-logoUniversidad.png","contentUrl":"https:\/\/www2.ual.es\/proyecto_aecid_UAL-ENCA\/wp-content\/uploads\/2025\/04\/cropped-logoUniversidad.png","width":512,"height":512,"caption":"Colaboraci\u00f3n UAL"},"image":{"@id":"https:\/\/www2.ual.es\/proyecto_aecid_UAL-ENCA\/#\/schema\/logo\/image\/"},"sameAs":["https:\/\/www.facebook.com\/colaboracion.UAL","https:\/\/www.instagram.com\/colaboracion.ual","https:\/\/www.tiktok.com\/@colaboracion.ual"]},{"@type":"Person","@id":"https:\/\/www2.ual.es\/proyecto_aecid_UAL-ENCA\/#\/schema\/person\/972e4dd3b6cef18cd958398d0be27f80","name":"enca-admin","image":{"@type":"ImageObject","inLanguage":"es","@id":"https:\/\/secure.gravatar.com\/avatar\/d3f557e3081c5b56eb83c595e7c177c2d80c9d4a7da37300e7785e1bef6fa5fb?s=96&d=mm&r=g","url":"https:\/\/secure.gravatar.com\/avatar\/d3f557e3081c5b56eb83c595e7c177c2d80c9d4a7da37300e7785e1bef6fa5fb?s=96&d=mm&r=g","contentUrl":"https:\/\/secure.gravatar.com\/avatar\/d3f557e3081c5b56eb83c595e7c177c2d80c9d4a7da37300e7785e1bef6fa5fb?s=96&d=mm&r=g","caption":"enca-admin"},"sameAs":["http:\/\/www2.ual.es\/proyecto_aecid_UAL-ENCA"],"url":"https:\/\/www2.ual.es\/proyecto_aecid_UAL-ENCA\/author\/enca-admin\/"}]}},"_links":{"self":[{"href":"https:\/\/www2.ual.es\/proyecto_aecid_UAL-ENCA\/wp-json\/wp\/v2\/posts\/2049","targetHints":{"allow":["GET"]}}],"collection":[{"href":"https:\/\/www2.ual.es\/proyecto_aecid_UAL-ENCA\/wp-json\/wp\/v2\/posts"}],"about":[{"href":"https:\/\/www2.ual.es\/proyecto_aecid_UAL-ENCA\/wp-json\/wp\/v2\/types\/post"}],"author":[{"embeddable":true,"href":"https:\/\/www2.ual.es\/proyecto_aecid_UAL-ENCA\/wp-json\/wp\/v2\/users\/1"}],"replies":[{"embeddable":true,"href":"https:\/\/www2.ual.es\/proyecto_aecid_UAL-ENCA\/wp-json\/wp\/v2\/comments?post=2049"}],"version-history":[{"count":5,"href":"https:\/\/www2.ual.es\/proyecto_aecid_UAL-ENCA\/wp-json\/wp\/v2\/posts\/2049\/revisions"}],"predecessor-version":[{"id":2057,"href":"https:\/\/www2.ual.es\/proyecto_aecid_UAL-ENCA\/wp-json\/wp\/v2\/posts\/2049\/revisions\/2057"}],"wp:featuredmedia":[{"embeddable":true,"href":"https:\/\/www2.ual.es\/proyecto_aecid_UAL-ENCA\/wp-json\/wp\/v2\/media\/2054"}],"wp:attachment":[{"href":"https:\/\/www2.ual.es\/proyecto_aecid_UAL-ENCA\/wp-json\/wp\/v2\/media?parent=2049"}],"wp:term":[{"taxonomy":"category","embeddable":true,"href":"https:\/\/www2.ual.es\/proyecto_aecid_UAL-ENCA\/wp-json\/wp\/v2\/categories?post=2049"},{"taxonomy":"post_tag","embeddable":true,"href":"https:\/\/www2.ual.es\/proyecto_aecid_UAL-ENCA\/wp-json\/wp\/v2\/tags?post=2049"}],"curies":[{"name":"wp","href":"https:\/\/api.w.org\/{rel}","templated":true}]}}