{"id":2021,"date":"2025-08-25T13:15:37","date_gmt":"2025-08-25T11:15:37","guid":{"rendered":"https:\/\/www2.ual.es\/proyecto_aecid_UAL-ENCA\/?p=2021"},"modified":"2025-08-25T13:16:37","modified_gmt":"2025-08-25T11:16:37","slug":"invernaderos-de-alta-tecnologia-para-transformar-la-agricultura-en-guatemala","status":"publish","type":"post","link":"https:\/\/www2.ual.es\/proyecto_aecid_UAL-ENCA\/2025\/08\/25\/invernaderos-de-alta-tecnologia-para-transformar-la-agricultura-en-guatemala\/","title":{"rendered":"Invernaderos de alta tecnolog\u00eda para transformar la agricultura en Guatemala"},"content":{"rendered":"<p>[et_pb_section fb_built=\u00bb1&#8243; _builder_version=\u00bb4.27.4&#8243; _module_preset=\u00bbdefault\u00bb global_colors_info=\u00bb{}\u00bb][et_pb_row _builder_version=\u00bb4.27.4&#8243; _module_preset=\u00bbdefault\u00bb global_colors_info=\u00bb{}\u00bb][et_pb_column type=\u00bb4_4&#8243; _builder_version=\u00bb4.27.4&#8243; _module_preset=\u00bbdefault\u00bb global_colors_info=\u00bb{}\u00bb][et_pb_text _builder_version=\u00bb4.27.4&#8243; _module_preset=\u00bbdefault\u00bb custom_margin=\u00bb||0px||false|false\u00bb custom_padding=\u00bb||0px||false|false\u00bb link_option_url_new_window=\u00bbon\u00bb global_colors_info=\u00bb{}\u00bb]<\/p>\n<p><span style=\"font-weight: 400;\">Guatemala est\u00e1 dando un paso importante hacia una agricultura m\u00e1s productiva, sostenible y moderna. Gracias al convenio de colaboraci\u00f3n entre la Agencia Espa\u00f1ola de Cooperaci\u00f3n Internacional para el Desarrollo (AECID), la Universidad de Almer\u00eda (UAL) y la Escuela Nacional Central de Agricultura (ENCA), se est\u00e1 desarrollando un proyecto pionero: <\/span><b>un invernadero de alta tecnolog\u00eda que impulsar\u00e1 la formaci\u00f3n t\u00e9cnica y el desarrollo rural del pa\u00eds<\/b><span style=\"font-weight: 400;\">.<\/span><\/p>\n<h2><b>Un modelo de innovaci\u00f3n con impacto real<\/b><\/h2>\n<p><span style=\"font-weight: 400;\">Este proyecto tiene como objetivo principal <\/span><b>fortalecer las capacidades t\u00e9cnicas en producci\u00f3n intensiva de hortalizas bajo invernadero<\/b><span style=\"font-weight: 400;\">, mejorando la educaci\u00f3n agr\u00edcola y generando oportunidades para agricultores, docentes y estudiantes. La instalaci\u00f3n se ubicar\u00e1 en B\u00e1rcenas, dentro de las instalaciones de la ENCA, y ser\u00e1 un referente en el uso de tecnolog\u00eda aplicada a la agricultura protegida.<\/span><\/p>\n<p><span style=\"font-weight: 400;\">El nuevo invernadero incluir\u00e1 sistemas avanzados de control clim\u00e1tico, sensores, riego eficiente, fertirriego y monitoreo ambiental. No solo se trata de aumentar la producci\u00f3n, sino de hacerlo cuidando el medioambiente y optimizando recursos como el agua y los suelos.<\/span><\/p>\n<h2><b>\u00bfQui\u00e9nes se beneficiar\u00e1n?<\/b><\/h2>\n<p><span style=\"font-weight: 400;\">Cada a\u00f1o, miles de guatemaltecos se beneficiar\u00e1n directamente de este proyecto:<\/span><\/p>\n<ul>\n<li style=\"font-weight: 400;\" aria-level=\"1\"><b>630 estudiantes<\/b><span style=\"font-weight: 400;\"> de Perito Agr\u00f3nomo y Forestal provenientes de 21 centros educativos avalados por la ENCA.<\/span><\/li>\n<li style=\"font-weight: 400;\" aria-level=\"1\"><b>300 estudiantes<\/b><span style=\"font-weight: 400;\"> de la propia ENCA, con formaci\u00f3n t\u00e9cnica especializada.<\/span><\/li>\n<li style=\"font-weight: 400;\" aria-level=\"1\"><b>42 docentes<\/b><span style=\"font-weight: 400;\"> que recibir\u00e1n capacitaci\u00f3n en t\u00e9cnicas de horticultura protegida.<\/span><\/li>\n<li style=\"font-weight: 400;\" aria-level=\"1\"><b>1,200 extensionistas del MAGA<\/b><span style=\"font-weight: 400;\">, quienes podr\u00e1n replicar este conocimiento en sus comunidades.<\/span><\/li>\n<li style=\"font-weight: 400;\" aria-level=\"1\"><b>1,500 agricultores al a\u00f1o<\/b><span style=\"font-weight: 400;\"> formados en buenas pr\u00e1cticas agr\u00edcolas modernas.<\/span><\/li>\n<\/ul>\n<p><span style=\"font-weight: 400;\">La formaci\u00f3n ser\u00e1 tanto presencial como virtual, facilitando el acceso incluso a comunidades m\u00e1s alejadas.<\/span><\/p>\n<p>[\/et_pb_text][et_pb_image src=\u00bbhttps:\/\/www2.ual.es\/proyecto_aecid_UAL-ENCA\/wp-content\/uploads\/2025\/08\/Captura-de-pantalla-2025-08-25-a-las-10.56.07.webp\u00bb alt=\u00bbInvernadero de alta tecnolog\u00eda &#8211; Agricultura en Guatemala\u00bb title_text=\u00bbInvernadero de alta tecnolog\u00eda &#8211; Agricultura en Guatemala\u00bb align=\u00bbcenter\u00bb _builder_version=\u00bb4.27.4&#8243; _module_preset=\u00bbdefault\u00bb global_colors_info=\u00bb{}\u00bb][\/et_pb_image][et_pb_text _builder_version=\u00bb4.27.4&#8243; _module_preset=\u00bbdefault\u00bb custom_margin=\u00bb||0px||false|false\u00bb custom_padding=\u00bb||0px||false|false\u00bb link_option_url_new_window=\u00bbon\u00bb global_colors_info=\u00bb{}\u00bb]<\/p>\n<p>&nbsp;<\/p>\n<h2><b>Tecnolog\u00eda, inclusi\u00f3n y sostenibilidad de los invernaderos de alta tecnolog\u00eda<\/b><\/h2>\n<p><span style=\"font-weight: 400;\">Uno de los pilares del proyecto es <\/span><b>la inclusi\u00f3n de mujeres y comunidades rurales<\/b><span style=\"font-weight: 400;\">, respetando adem\u00e1s los saberes ancestrales y la diversidad cultural del pa\u00eds. Esta visi\u00f3n busca una agricultura m\u00e1s equitativa y conectada con las realidades del territorio.<\/span><\/p>\n<p><span style=\"font-weight: 400;\">En t\u00e9rminos medioambientales, se promueve un modelo agr\u00edcola que reduce el uso de agroqu\u00edmicos, protege el agua y apuesta por energ\u00edas limpias. Todo esto permite una transici\u00f3n hacia una agricultura m\u00e1s saludable, tanto para el entorno como para quienes producen y consumen los alimentos.<\/span><\/p>\n<h2><b>Un esfuerzo conjunto con visi\u00f3n de futuro<\/b><\/h2>\n<p><span style=\"font-weight: 400;\">Este proyecto no ser\u00eda posible sin la alianza entre tres actores clave:<\/span><\/p>\n<ul>\n<li style=\"font-weight: 400;\" aria-level=\"1\"><b>Universidad de Almer\u00eda (UAL)<\/b><span style=\"font-weight: 400;\">: aporta el conocimiento t\u00e9cnico y metodol\u00f3gico, basado en d\u00e9cadas de experiencia en agricultura intensiva en zonas \u00e1ridas.<\/span><\/li>\n<li style=\"font-weight: 400;\" aria-level=\"1\"><b>AECID<\/b><span style=\"font-weight: 400;\">: financia e impulsa la cooperaci\u00f3n internacional para el desarrollo sostenible.<\/span><\/li>\n<li style=\"font-weight: 400;\" aria-level=\"1\"><b>ENCA<\/b><span style=\"font-weight: 400;\">: proporciona el terreno, la experiencia educativa y la conexi\u00f3n directa con el sistema agr\u00edcola guatemalteco.<\/span><\/li>\n<\/ul>\n<p><span style=\"font-weight: 400;\">Adem\u00e1s, el trabajo conjunto con <\/span><a href=\"https:\/\/www2.ual.es\/proyecto_aecid_UAL-ENCA\/sercom\/\" target=\"_blank\" rel=\"noopener\"><b>SERCOM<\/b><\/a><span style=\"font-weight: 400;\">, empresa especializada en sistemas de cultivo protegidos, permite aplicar tecnolog\u00eda de \u00faltima generaci\u00f3n adaptada a las condiciones locales.<\/span><\/p>\n<p><span style=\"font-weight: 400;\">Este es una oportunidad para transformar la manera en que se ense\u00f1a y se practica la <\/span><b>agricultura en Guatemala<\/b><span style=\"font-weight: 400;\">. Es una apuesta por la innovaci\u00f3n, la sostenibilidad y la inclusi\u00f3n, con el potencial de generar un impacto real a nivel nacional.<\/span><\/p>\n<p><span style=\"font-weight: 400;\">Tal como se detalla <\/span><a href=\"https:\/\/www.prensalibre.com\/opinion\/columnasdiarias\/un-invernadero-que-siembra-esperanza\/\" target=\"_blank\" rel=\"noopener\"><b>en esta nota de prensa<\/b><\/a><span style=\"font-weight: 400;\"> y a trav\u00e9s de <\/span><a href=\"https:\/\/www2.ual.es\/proyecto_aecid_UAL-ENCA\/nicaragua\/\" target=\"_blank\" rel=\"noopener\"><b>esta misma web<\/b><\/a><span style=\"font-weight: 400;\">, esta iniciativa no es un experimento: ya ha dado resultados positivos en Nicaragua y ahora busca replicar ese \u00e9xito en Guatemala.<\/span><\/p>\n<p><span style=\"font-weight: 400;\">Guatemala tiene tierra f\u00e9rtil, no solo para sembrar cultivos, sino tambi\u00e9n para sembrar conocimiento, desarrollo y futuro. <\/span><\/p>\n<p>[\/et_pb_text][et_pb_image src=\u00bbhttps:\/\/www2.ual.es\/proyecto_aecid_UAL-ENCA\/wp-content\/uploads\/2025\/08\/Invernadero-de-alta-tecnologia-ENCA-Guatemala-UAL-1.webp\u00bb alt=\u00bbInvernadero de alta tecnologi\u0301a- ENCA Guatemala &#8211; UAL\u00bb title_text=\u00bbInvernadero de alta tecnologi\u0301a ENCA Guatemala UAL\u00bb align=\u00bbcenter\u00bb _builder_version=\u00bb4.27.4&#8243; _module_preset=\u00bbdefault\u00bb global_colors_info=\u00bb{}\u00bb][\/et_pb_image][\/et_pb_column][\/et_pb_row][et_pb_row _builder_version=\u00bb4.27.4&#8243; _module_preset=\u00bbdefault\u00bb global_colors_info=\u00bb{}\u00bb][et_pb_column type=\u00bb4_4&#8243; _builder_version=\u00bb4.27.4&#8243; _module_preset=\u00bbdefault\u00bb global_colors_info=\u00bb{}\u00bb][et_pb_text _builder_version=\u00bb4.27.4&#8243; _module_preset=\u00bbdefault\u00bb custom_margin=\u00bb||0px||false|false\u00bb global_colors_info=\u00bb{}\u00bb]<\/p>\n<p><strong>\u00a1<span data-teams=\"true\">Encuentra a la ENCA en redes sociales y s\u00edguenos!<\/span><\/strong><\/p>\n<p>[\/et_pb_text][et_pb_social_media_follow _builder_version=\u00bb4.27.4&#8243; _module_preset=\u00bbdefault\u00bb global_colors_info=\u00bb{}\u00bb][et_pb_social_media_follow_network social_network=\u00bbfacebook\u00bb url=\u00bbhttps:\/\/www.facebook.com\/ENCAGT\u00bb _builder_version=\u00bb4.27.4&#8243; _module_preset=\u00bbdefault\u00bb background_color=\u00bb#3b5998&#8243; global_colors_info=\u00bb{}\u00bb follow_button=\u00bboff\u00bb url_new_window=\u00bbon\u00bb]facebook[\/et_pb_social_media_follow_network][et_pb_social_media_follow_network social_network=\u00bbtwitter\u00bb url=\u00bbhttps:\/\/x.com\/enca_gt\u00bb _builder_version=\u00bb4.27.4&#8243; _module_preset=\u00bbdefault\u00bb background_color=\u00bb#000000&#8243; global_colors_info=\u00bb{}\u00bb follow_button=\u00bboff\u00bb url_new_window=\u00bbon\u00bb]X[\/et_pb_social_media_follow_network][et_pb_social_media_follow_network social_network=\u00bbinstagram\u00bb url=\u00bbhttps:\/\/www.instagram.com\/enca.gt\u00bb _builder_version=\u00bb4.27.4&#8243; _module_preset=\u00bbdefault\u00bb background_color=\u00bb#E02B20&#8243; background_enable_color=\u00bbon\u00bb global_colors_info=\u00bb{}\u00bb follow_button=\u00bboff\u00bb url_new_window=\u00bbon\u00bb]instagram[\/et_pb_social_media_follow_network][et_pb_social_media_follow_network social_network=\u00bbtiktok\u00bb url=\u00bbhttps:\/\/www.tiktok.com\/@enca_gt\u00bb _builder_version=\u00bb4.27.4&#8243; _module_preset=\u00bbdefault\u00bb background_color=\u00bb#000000&#8243; background_enable_color=\u00bbon\u00bb global_colors_info=\u00bb{}\u00bb follow_button=\u00bboff\u00bb url_new_window=\u00bbon\u00bb]tiktok[\/et_pb_social_media_follow_network][\/et_pb_social_media_follow][\/et_pb_column][\/et_pb_row][\/et_pb_section]<\/p>\n","protected":false},"excerpt":{"rendered":"<p>Guatemala est\u00e1 dando un paso importante hacia una agricultura m\u00e1s productiva, sostenible y moderna. Gracias al convenio de colaboraci\u00f3n entre la Agencia Espa\u00f1ola de Cooperaci\u00f3n Internacional para el Desarrollo (AECID), la Universidad de Almer\u00eda (UAL) y la Escuela Nacional Central de Agricultura (ENCA), se est\u00e1 desarrollando un proyecto pionero: un invernadero de alta tecnolog\u00eda que [&hellip;]<\/p>\n","protected":false},"author":1,"featured_media":2027,"comment_status":"closed","ping_status":"closed","sticky":false,"template":"","format":"standard","meta":{"_et_pb_use_builder":"on","_et_pb_old_content":"","_et_gb_content_width":"1080","footnotes":""},"categories":[6],"tags":[],"class_list":["post-2021","post","type-post","status-publish","format-standard","has-post-thumbnail","hentry","category-guatemala"],"yoast_head":"<!-- This site is optimized with the Yoast SEO plugin v27.4 - https:\/\/yoast.com\/product\/yoast-seo-wordpress\/ -->\n<title>Invernaderos de alta tecnolog\u00eda para transformar la agricultura en Guatemala - UAL-ENCA<\/title>\n<meta name=\"robots\" content=\"index, follow, max-snippet:-1, max-image-preview:large, max-video-preview:-1\" \/>\n<link rel=\"canonical\" href=\"https:\/\/www2.ual.es\/proyecto_aecid_UAL-ENCA\/2025\/08\/25\/invernaderos-de-alta-tecnologia-para-transformar-la-agricultura-en-guatemala\/\" \/>\n<meta property=\"og:locale\" content=\"es_ES\" \/>\n<meta property=\"og:type\" content=\"article\" \/>\n<meta property=\"og:title\" content=\"Invernaderos de alta tecnolog\u00eda para transformar la agricultura en Guatemala - UAL-ENCA\" \/>\n<meta property=\"og:description\" content=\"Guatemala est\u00e1 dando un paso importante hacia una agricultura m\u00e1s productiva, sostenible y moderna. Gracias al convenio de colaboraci\u00f3n entre la Agencia Espa\u00f1ola de Cooperaci\u00f3n Internacional para el Desarrollo (AECID), la Universidad de Almer\u00eda (UAL) y la Escuela Nacional Central de Agricultura (ENCA), se est\u00e1 desarrollando un proyecto pionero: un invernadero de alta tecnolog\u00eda que [&hellip;]\" \/>\n<meta property=\"og:url\" content=\"https:\/\/www2.ual.es\/proyecto_aecid_UAL-ENCA\/2025\/08\/25\/invernaderos-de-alta-tecnologia-para-transformar-la-agricultura-en-guatemala\/\" \/>\n<meta property=\"og:site_name\" content=\"UAL-ENCA\" \/>\n<meta property=\"article:publisher\" content=\"https:\/\/www.facebook.com\/colaboracion.UAL\" \/>\n<meta property=\"article:published_time\" content=\"2025-08-25T11:15:37+00:00\" \/>\n<meta property=\"article:modified_time\" content=\"2025-08-25T11:16:37+00:00\" \/>\n<meta property=\"og:image\" content=\"https:\/\/www2.ual.es\/proyecto_aecid_UAL-ENCA\/wp-content\/uploads\/2025\/08\/Invernadero-de-alta-tecnologia-ENCA-Guatemala-UAL-2.webp\" \/>\n\t<meta property=\"og:image:width\" content=\"800\" \/>\n\t<meta property=\"og:image:height\" content=\"537\" \/>\n\t<meta property=\"og:image:type\" content=\"image\/webp\" \/>\n<meta name=\"author\" content=\"enca-admin\" \/>\n<meta name=\"twitter:card\" content=\"summary_large_image\" \/>\n<meta name=\"twitter:label1\" content=\"Escrito por\" \/>\n\t<meta name=\"twitter:data1\" content=\"enca-admin\" \/>\n\t<meta name=\"twitter:label2\" content=\"Tiempo de lectura\" \/>\n\t<meta name=\"twitter:data2\" content=\"4 minutos\" \/>\n<script type=\"application\/ld+json\" class=\"yoast-schema-graph\">{\"@context\":\"https:\\\/\\\/schema.org\",\"@graph\":[{\"@type\":\"Article\",\"@id\":\"https:\\\/\\\/www2.ual.es\\\/proyecto_aecid_UAL-ENCA\\\/2025\\\/08\\\/25\\\/invernaderos-de-alta-tecnologia-para-transformar-la-agricultura-en-guatemala\\\/#article\",\"isPartOf\":{\"@id\":\"https:\\\/\\\/www2.ual.es\\\/proyecto_aecid_UAL-ENCA\\\/2025\\\/08\\\/25\\\/invernaderos-de-alta-tecnologia-para-transformar-la-agricultura-en-guatemala\\\/\"},\"author\":{\"name\":\"enca-admin\",\"@id\":\"https:\\\/\\\/www2.ual.es\\\/proyecto_aecid_UAL-ENCA\\\/#\\\/schema\\\/person\\\/972e4dd3b6cef18cd958398d0be27f80\"},\"headline\":\"Invernaderos de alta tecnolog\u00eda para transformar la agricultura en Guatemala\",\"datePublished\":\"2025-08-25T11:15:37+00:00\",\"dateModified\":\"2025-08-25T11:16:37+00:00\",\"mainEntityOfPage\":{\"@id\":\"https:\\\/\\\/www2.ual.es\\\/proyecto_aecid_UAL-ENCA\\\/2025\\\/08\\\/25\\\/invernaderos-de-alta-tecnologia-para-transformar-la-agricultura-en-guatemala\\\/\"},\"wordCount\":1056,\"publisher\":{\"@id\":\"https:\\\/\\\/www2.ual.es\\\/proyecto_aecid_UAL-ENCA\\\/#organization\"},\"image\":{\"@id\":\"https:\\\/\\\/www2.ual.es\\\/proyecto_aecid_UAL-ENCA\\\/2025\\\/08\\\/25\\\/invernaderos-de-alta-tecnologia-para-transformar-la-agricultura-en-guatemala\\\/#primaryimage\"},\"thumbnailUrl\":\"https:\\\/\\\/www2.ual.es\\\/proyecto_aecid_UAL-ENCA\\\/wp-content\\\/uploads\\\/2025\\\/08\\\/Invernadero-de-alta-tecnologia-ENCA-Guatemala-UAL-2.webp\",\"articleSection\":[\"Guatemala\"],\"inLanguage\":\"es\"},{\"@type\":\"WebPage\",\"@id\":\"https:\\\/\\\/www2.ual.es\\\/proyecto_aecid_UAL-ENCA\\\/2025\\\/08\\\/25\\\/invernaderos-de-alta-tecnologia-para-transformar-la-agricultura-en-guatemala\\\/\",\"url\":\"https:\\\/\\\/www2.ual.es\\\/proyecto_aecid_UAL-ENCA\\\/2025\\\/08\\\/25\\\/invernaderos-de-alta-tecnologia-para-transformar-la-agricultura-en-guatemala\\\/\",\"name\":\"Invernaderos de alta tecnolog\u00eda para transformar la agricultura en Guatemala - UAL-ENCA\",\"isPartOf\":{\"@id\":\"https:\\\/\\\/www2.ual.es\\\/proyecto_aecid_UAL-ENCA\\\/#website\"},\"primaryImageOfPage\":{\"@id\":\"https:\\\/\\\/www2.ual.es\\\/proyecto_aecid_UAL-ENCA\\\/2025\\\/08\\\/25\\\/invernaderos-de-alta-tecnologia-para-transformar-la-agricultura-en-guatemala\\\/#primaryimage\"},\"image\":{\"@id\":\"https:\\\/\\\/www2.ual.es\\\/proyecto_aecid_UAL-ENCA\\\/2025\\\/08\\\/25\\\/invernaderos-de-alta-tecnologia-para-transformar-la-agricultura-en-guatemala\\\/#primaryimage\"},\"thumbnailUrl\":\"https:\\\/\\\/www2.ual.es\\\/proyecto_aecid_UAL-ENCA\\\/wp-content\\\/uploads\\\/2025\\\/08\\\/Invernadero-de-alta-tecnologia-ENCA-Guatemala-UAL-2.webp\",\"datePublished\":\"2025-08-25T11:15:37+00:00\",\"dateModified\":\"2025-08-25T11:16:37+00:00\",\"breadcrumb\":{\"@id\":\"https:\\\/\\\/www2.ual.es\\\/proyecto_aecid_UAL-ENCA\\\/2025\\\/08\\\/25\\\/invernaderos-de-alta-tecnologia-para-transformar-la-agricultura-en-guatemala\\\/#breadcrumb\"},\"inLanguage\":\"es\",\"potentialAction\":[{\"@type\":\"ReadAction\",\"target\":[\"https:\\\/\\\/www2.ual.es\\\/proyecto_aecid_UAL-ENCA\\\/2025\\\/08\\\/25\\\/invernaderos-de-alta-tecnologia-para-transformar-la-agricultura-en-guatemala\\\/\"]}]},{\"@type\":\"ImageObject\",\"inLanguage\":\"es\",\"@id\":\"https:\\\/\\\/www2.ual.es\\\/proyecto_aecid_UAL-ENCA\\\/2025\\\/08\\\/25\\\/invernaderos-de-alta-tecnologia-para-transformar-la-agricultura-en-guatemala\\\/#primaryimage\",\"url\":\"https:\\\/\\\/www2.ual.es\\\/proyecto_aecid_UAL-ENCA\\\/wp-content\\\/uploads\\\/2025\\\/08\\\/Invernadero-de-alta-tecnologia-ENCA-Guatemala-UAL-2.webp\",\"contentUrl\":\"https:\\\/\\\/www2.ual.es\\\/proyecto_aecid_UAL-ENCA\\\/wp-content\\\/uploads\\\/2025\\\/08\\\/Invernadero-de-alta-tecnologia-ENCA-Guatemala-UAL-2.webp\",\"width\":800,\"height\":537,\"caption\":\"Invernadero de alta tecnologi\u0301a- ENCA Guatemala - UAL\"},{\"@type\":\"BreadcrumbList\",\"@id\":\"https:\\\/\\\/www2.ual.es\\\/proyecto_aecid_UAL-ENCA\\\/2025\\\/08\\\/25\\\/invernaderos-de-alta-tecnologia-para-transformar-la-agricultura-en-guatemala\\\/#breadcrumb\",\"itemListElement\":[{\"@type\":\"ListItem\",\"position\":1,\"name\":\"Portada\",\"item\":\"https:\\\/\\\/www2.ual.es\\\/proyecto_aecid_UAL-ENCA\\\/\"},{\"@type\":\"ListItem\",\"position\":2,\"name\":\"Invernaderos de alta tecnolog\u00eda para transformar la agricultura en Guatemala\"}]},{\"@type\":\"WebSite\",\"@id\":\"https:\\\/\\\/www2.ual.es\\\/proyecto_aecid_UAL-ENCA\\\/#website\",\"url\":\"https:\\\/\\\/www2.ual.es\\\/proyecto_aecid_UAL-ENCA\\\/\",\"name\":\"Colaboraci\u00f3n UAL\",\"description\":\"Proyecto UAL-ENCA\",\"publisher\":{\"@id\":\"https:\\\/\\\/www2.ual.es\\\/proyecto_aecid_UAL-ENCA\\\/#organization\"},\"potentialAction\":[{\"@type\":\"SearchAction\",\"target\":{\"@type\":\"EntryPoint\",\"urlTemplate\":\"https:\\\/\\\/www2.ual.es\\\/proyecto_aecid_UAL-ENCA\\\/?s={search_term_string}\"},\"query-input\":{\"@type\":\"PropertyValueSpecification\",\"valueRequired\":true,\"valueName\":\"search_term_string\"}}],\"inLanguage\":\"es\"},{\"@type\":\"Organization\",\"@id\":\"https:\\\/\\\/www2.ual.es\\\/proyecto_aecid_UAL-ENCA\\\/#organization\",\"name\":\"Colaboraci\u00f3n UAL\",\"url\":\"https:\\\/\\\/www2.ual.es\\\/proyecto_aecid_UAL-ENCA\\\/\",\"logo\":{\"@type\":\"ImageObject\",\"inLanguage\":\"es\",\"@id\":\"https:\\\/\\\/www2.ual.es\\\/proyecto_aecid_UAL-ENCA\\\/#\\\/schema\\\/logo\\\/image\\\/\",\"url\":\"https:\\\/\\\/www2.ual.es\\\/proyecto_aecid_UAL-ENCA\\\/wp-content\\\/uploads\\\/2025\\\/04\\\/cropped-logoUniversidad.png\",\"contentUrl\":\"https:\\\/\\\/www2.ual.es\\\/proyecto_aecid_UAL-ENCA\\\/wp-content\\\/uploads\\\/2025\\\/04\\\/cropped-logoUniversidad.png\",\"width\":512,\"height\":512,\"caption\":\"Colaboraci\u00f3n UAL\"},\"image\":{\"@id\":\"https:\\\/\\\/www2.ual.es\\\/proyecto_aecid_UAL-ENCA\\\/#\\\/schema\\\/logo\\\/image\\\/\"},\"sameAs\":[\"https:\\\/\\\/www.facebook.com\\\/colaboracion.UAL\",\"https:\\\/\\\/www.instagram.com\\\/colaboracion.ual\",\"https:\\\/\\\/www.tiktok.com\\\/@colaboracion.ual\"]},{\"@type\":\"Person\",\"@id\":\"https:\\\/\\\/www2.ual.es\\\/proyecto_aecid_UAL-ENCA\\\/#\\\/schema\\\/person\\\/972e4dd3b6cef18cd958398d0be27f80\",\"name\":\"enca-admin\",\"image\":{\"@type\":\"ImageObject\",\"inLanguage\":\"es\",\"@id\":\"https:\\\/\\\/secure.gravatar.com\\\/avatar\\\/d3f557e3081c5b56eb83c595e7c177c2d80c9d4a7da37300e7785e1bef6fa5fb?s=96&d=mm&r=g\",\"url\":\"https:\\\/\\\/secure.gravatar.com\\\/avatar\\\/d3f557e3081c5b56eb83c595e7c177c2d80c9d4a7da37300e7785e1bef6fa5fb?s=96&d=mm&r=g\",\"contentUrl\":\"https:\\\/\\\/secure.gravatar.com\\\/avatar\\\/d3f557e3081c5b56eb83c595e7c177c2d80c9d4a7da37300e7785e1bef6fa5fb?s=96&d=mm&r=g\",\"caption\":\"enca-admin\"},\"sameAs\":[\"http:\\\/\\\/www2.ual.es\\\/proyecto_aecid_UAL-ENCA\"],\"url\":\"https:\\\/\\\/www2.ual.es\\\/proyecto_aecid_UAL-ENCA\\\/author\\\/enca-admin\\\/\"}]}<\/script>\n<!-- \/ Yoast SEO plugin. -->","yoast_head_json":{"title":"Invernaderos de alta tecnolog\u00eda para transformar la agricultura en Guatemala - UAL-ENCA","robots":{"index":"index","follow":"follow","max-snippet":"max-snippet:-1","max-image-preview":"max-image-preview:large","max-video-preview":"max-video-preview:-1"},"canonical":"https:\/\/www2.ual.es\/proyecto_aecid_UAL-ENCA\/2025\/08\/25\/invernaderos-de-alta-tecnologia-para-transformar-la-agricultura-en-guatemala\/","og_locale":"es_ES","og_type":"article","og_title":"Invernaderos de alta tecnolog\u00eda para transformar la agricultura en Guatemala - UAL-ENCA","og_description":"Guatemala est\u00e1 dando un paso importante hacia una agricultura m\u00e1s productiva, sostenible y moderna. Gracias al convenio de colaboraci\u00f3n entre la Agencia Espa\u00f1ola de Cooperaci\u00f3n Internacional para el Desarrollo (AECID), la Universidad de Almer\u00eda (UAL) y la Escuela Nacional Central de Agricultura (ENCA), se est\u00e1 desarrollando un proyecto pionero: un invernadero de alta tecnolog\u00eda que [&hellip;]","og_url":"https:\/\/www2.ual.es\/proyecto_aecid_UAL-ENCA\/2025\/08\/25\/invernaderos-de-alta-tecnologia-para-transformar-la-agricultura-en-guatemala\/","og_site_name":"UAL-ENCA","article_publisher":"https:\/\/www.facebook.com\/colaboracion.UAL","article_published_time":"2025-08-25T11:15:37+00:00","article_modified_time":"2025-08-25T11:16:37+00:00","og_image":[{"width":800,"height":537,"url":"https:\/\/www2.ual.es\/proyecto_aecid_UAL-ENCA\/wp-content\/uploads\/2025\/08\/Invernadero-de-alta-tecnologia-ENCA-Guatemala-UAL-2.webp","type":"image\/webp"}],"author":"enca-admin","twitter_card":"summary_large_image","twitter_misc":{"Escrito por":"enca-admin","Tiempo de lectura":"4 minutos"},"schema":{"@context":"https:\/\/schema.org","@graph":[{"@type":"Article","@id":"https:\/\/www2.ual.es\/proyecto_aecid_UAL-ENCA\/2025\/08\/25\/invernaderos-de-alta-tecnologia-para-transformar-la-agricultura-en-guatemala\/#article","isPartOf":{"@id":"https:\/\/www2.ual.es\/proyecto_aecid_UAL-ENCA\/2025\/08\/25\/invernaderos-de-alta-tecnologia-para-transformar-la-agricultura-en-guatemala\/"},"author":{"name":"enca-admin","@id":"https:\/\/www2.ual.es\/proyecto_aecid_UAL-ENCA\/#\/schema\/person\/972e4dd3b6cef18cd958398d0be27f80"},"headline":"Invernaderos de alta tecnolog\u00eda para transformar la agricultura en Guatemala","datePublished":"2025-08-25T11:15:37+00:00","dateModified":"2025-08-25T11:16:37+00:00","mainEntityOfPage":{"@id":"https:\/\/www2.ual.es\/proyecto_aecid_UAL-ENCA\/2025\/08\/25\/invernaderos-de-alta-tecnologia-para-transformar-la-agricultura-en-guatemala\/"},"wordCount":1056,"publisher":{"@id":"https:\/\/www2.ual.es\/proyecto_aecid_UAL-ENCA\/#organization"},"image":{"@id":"https:\/\/www2.ual.es\/proyecto_aecid_UAL-ENCA\/2025\/08\/25\/invernaderos-de-alta-tecnologia-para-transformar-la-agricultura-en-guatemala\/#primaryimage"},"thumbnailUrl":"https:\/\/www2.ual.es\/proyecto_aecid_UAL-ENCA\/wp-content\/uploads\/2025\/08\/Invernadero-de-alta-tecnologia-ENCA-Guatemala-UAL-2.webp","articleSection":["Guatemala"],"inLanguage":"es"},{"@type":"WebPage","@id":"https:\/\/www2.ual.es\/proyecto_aecid_UAL-ENCA\/2025\/08\/25\/invernaderos-de-alta-tecnologia-para-transformar-la-agricultura-en-guatemala\/","url":"https:\/\/www2.ual.es\/proyecto_aecid_UAL-ENCA\/2025\/08\/25\/invernaderos-de-alta-tecnologia-para-transformar-la-agricultura-en-guatemala\/","name":"Invernaderos de alta tecnolog\u00eda para transformar la agricultura en Guatemala - UAL-ENCA","isPartOf":{"@id":"https:\/\/www2.ual.es\/proyecto_aecid_UAL-ENCA\/#website"},"primaryImageOfPage":{"@id":"https:\/\/www2.ual.es\/proyecto_aecid_UAL-ENCA\/2025\/08\/25\/invernaderos-de-alta-tecnologia-para-transformar-la-agricultura-en-guatemala\/#primaryimage"},"image":{"@id":"https:\/\/www2.ual.es\/proyecto_aecid_UAL-ENCA\/2025\/08\/25\/invernaderos-de-alta-tecnologia-para-transformar-la-agricultura-en-guatemala\/#primaryimage"},"thumbnailUrl":"https:\/\/www2.ual.es\/proyecto_aecid_UAL-ENCA\/wp-content\/uploads\/2025\/08\/Invernadero-de-alta-tecnologia-ENCA-Guatemala-UAL-2.webp","datePublished":"2025-08-25T11:15:37+00:00","dateModified":"2025-08-25T11:16:37+00:00","breadcrumb":{"@id":"https:\/\/www2.ual.es\/proyecto_aecid_UAL-ENCA\/2025\/08\/25\/invernaderos-de-alta-tecnologia-para-transformar-la-agricultura-en-guatemala\/#breadcrumb"},"inLanguage":"es","potentialAction":[{"@type":"ReadAction","target":["https:\/\/www2.ual.es\/proyecto_aecid_UAL-ENCA\/2025\/08\/25\/invernaderos-de-alta-tecnologia-para-transformar-la-agricultura-en-guatemala\/"]}]},{"@type":"ImageObject","inLanguage":"es","@id":"https:\/\/www2.ual.es\/proyecto_aecid_UAL-ENCA\/2025\/08\/25\/invernaderos-de-alta-tecnologia-para-transformar-la-agricultura-en-guatemala\/#primaryimage","url":"https:\/\/www2.ual.es\/proyecto_aecid_UAL-ENCA\/wp-content\/uploads\/2025\/08\/Invernadero-de-alta-tecnologia-ENCA-Guatemala-UAL-2.webp","contentUrl":"https:\/\/www2.ual.es\/proyecto_aecid_UAL-ENCA\/wp-content\/uploads\/2025\/08\/Invernadero-de-alta-tecnologia-ENCA-Guatemala-UAL-2.webp","width":800,"height":537,"caption":"Invernadero de alta tecnologi\u0301a- ENCA Guatemala - UAL"},{"@type":"BreadcrumbList","@id":"https:\/\/www2.ual.es\/proyecto_aecid_UAL-ENCA\/2025\/08\/25\/invernaderos-de-alta-tecnologia-para-transformar-la-agricultura-en-guatemala\/#breadcrumb","itemListElement":[{"@type":"ListItem","position":1,"name":"Portada","item":"https:\/\/www2.ual.es\/proyecto_aecid_UAL-ENCA\/"},{"@type":"ListItem","position":2,"name":"Invernaderos de alta tecnolog\u00eda para transformar la agricultura en Guatemala"}]},{"@type":"WebSite","@id":"https:\/\/www2.ual.es\/proyecto_aecid_UAL-ENCA\/#website","url":"https:\/\/www2.ual.es\/proyecto_aecid_UAL-ENCA\/","name":"Colaboraci\u00f3n UAL","description":"Proyecto UAL-ENCA","publisher":{"@id":"https:\/\/www2.ual.es\/proyecto_aecid_UAL-ENCA\/#organization"},"potentialAction":[{"@type":"SearchAction","target":{"@type":"EntryPoint","urlTemplate":"https:\/\/www2.ual.es\/proyecto_aecid_UAL-ENCA\/?s={search_term_string}"},"query-input":{"@type":"PropertyValueSpecification","valueRequired":true,"valueName":"search_term_string"}}],"inLanguage":"es"},{"@type":"Organization","@id":"https:\/\/www2.ual.es\/proyecto_aecid_UAL-ENCA\/#organization","name":"Colaboraci\u00f3n UAL","url":"https:\/\/www2.ual.es\/proyecto_aecid_UAL-ENCA\/","logo":{"@type":"ImageObject","inLanguage":"es","@id":"https:\/\/www2.ual.es\/proyecto_aecid_UAL-ENCA\/#\/schema\/logo\/image\/","url":"https:\/\/www2.ual.es\/proyecto_aecid_UAL-ENCA\/wp-content\/uploads\/2025\/04\/cropped-logoUniversidad.png","contentUrl":"https:\/\/www2.ual.es\/proyecto_aecid_UAL-ENCA\/wp-content\/uploads\/2025\/04\/cropped-logoUniversidad.png","width":512,"height":512,"caption":"Colaboraci\u00f3n UAL"},"image":{"@id":"https:\/\/www2.ual.es\/proyecto_aecid_UAL-ENCA\/#\/schema\/logo\/image\/"},"sameAs":["https:\/\/www.facebook.com\/colaboracion.UAL","https:\/\/www.instagram.com\/colaboracion.ual","https:\/\/www.tiktok.com\/@colaboracion.ual"]},{"@type":"Person","@id":"https:\/\/www2.ual.es\/proyecto_aecid_UAL-ENCA\/#\/schema\/person\/972e4dd3b6cef18cd958398d0be27f80","name":"enca-admin","image":{"@type":"ImageObject","inLanguage":"es","@id":"https:\/\/secure.gravatar.com\/avatar\/d3f557e3081c5b56eb83c595e7c177c2d80c9d4a7da37300e7785e1bef6fa5fb?s=96&d=mm&r=g","url":"https:\/\/secure.gravatar.com\/avatar\/d3f557e3081c5b56eb83c595e7c177c2d80c9d4a7da37300e7785e1bef6fa5fb?s=96&d=mm&r=g","contentUrl":"https:\/\/secure.gravatar.com\/avatar\/d3f557e3081c5b56eb83c595e7c177c2d80c9d4a7da37300e7785e1bef6fa5fb?s=96&d=mm&r=g","caption":"enca-admin"},"sameAs":["http:\/\/www2.ual.es\/proyecto_aecid_UAL-ENCA"],"url":"https:\/\/www2.ual.es\/proyecto_aecid_UAL-ENCA\/author\/enca-admin\/"}]}},"_links":{"self":[{"href":"https:\/\/www2.ual.es\/proyecto_aecid_UAL-ENCA\/wp-json\/wp\/v2\/posts\/2021","targetHints":{"allow":["GET"]}}],"collection":[{"href":"https:\/\/www2.ual.es\/proyecto_aecid_UAL-ENCA\/wp-json\/wp\/v2\/posts"}],"about":[{"href":"https:\/\/www2.ual.es\/proyecto_aecid_UAL-ENCA\/wp-json\/wp\/v2\/types\/post"}],"author":[{"embeddable":true,"href":"https:\/\/www2.ual.es\/proyecto_aecid_UAL-ENCA\/wp-json\/wp\/v2\/users\/1"}],"replies":[{"embeddable":true,"href":"https:\/\/www2.ual.es\/proyecto_aecid_UAL-ENCA\/wp-json\/wp\/v2\/comments?post=2021"}],"version-history":[{"count":7,"href":"https:\/\/www2.ual.es\/proyecto_aecid_UAL-ENCA\/wp-json\/wp\/v2\/posts\/2021\/revisions"}],"predecessor-version":[{"id":2035,"href":"https:\/\/www2.ual.es\/proyecto_aecid_UAL-ENCA\/wp-json\/wp\/v2\/posts\/2021\/revisions\/2035"}],"wp:featuredmedia":[{"embeddable":true,"href":"https:\/\/www2.ual.es\/proyecto_aecid_UAL-ENCA\/wp-json\/wp\/v2\/media\/2027"}],"wp:attachment":[{"href":"https:\/\/www2.ual.es\/proyecto_aecid_UAL-ENCA\/wp-json\/wp\/v2\/media?parent=2021"}],"wp:term":[{"taxonomy":"category","embeddable":true,"href":"https:\/\/www2.ual.es\/proyecto_aecid_UAL-ENCA\/wp-json\/wp\/v2\/categories?post=2021"},{"taxonomy":"post_tag","embeddable":true,"href":"https:\/\/www2.ual.es\/proyecto_aecid_UAL-ENCA\/wp-json\/wp\/v2\/tags?post=2021"}],"curies":[{"name":"wp","href":"https:\/\/api.w.org\/{rel}","templated":true}]}}