{"id":1984,"date":"2025-07-24T10:00:00","date_gmt":"2025-07-24T08:00:00","guid":{"rendered":"https:\/\/www2.ual.es\/proyecto_aecid_UAL-ENCA\/?p=1984"},"modified":"2025-07-21T11:24:46","modified_gmt":"2025-07-21T09:24:46","slug":"modelo-conceptual-del-invernadero-de-alta-tecnologia-en-guatemala","status":"publish","type":"post","link":"https:\/\/www2.ual.es\/proyecto_aecid_UAL-ENCA\/2025\/07\/24\/modelo-conceptual-del-invernadero-de-alta-tecnologia-en-guatemala\/","title":{"rendered":"Modelo conceptual del invernadero de alta tecnolog\u00eda en Guatemala"},"content":{"rendered":"\n[et_pb_section fb_built=\u00bb1&#8243; _builder_version=\u00bb4.27.4&#8243; _module_preset=\u00bbdefault\u00bb global_colors_info=\u00bb{}\u00bb][et_pb_row _builder_version=\u00bb4.27.4&#8243; _module_preset=\u00bbdefault\u00bb global_colors_info=\u00bb{}\u00bb][et_pb_column type=\u00bb4_4&#8243; _builder_version=\u00bb4.27.4&#8243; _module_preset=\u00bbdefault\u00bb global_colors_info=\u00bb{}\u00bb][et_pb_text _builder_version=\u00bb4.27.4&#8243; _module_preset=\u00bbdefault\u00bb custom_margin=\u00bb||0px||false|false\u00bb custom_padding=\u00bb||0px||false|false\u00bb link_option_url_new_window=\u00bbon\u00bb global_colors_info=\u00bb{}\u00bb]<p><span>En el marco de una alianza estrat\u00e9gica entre la <strong>Universidad de Almer\u00eda, <\/strong><a href=\"https:\/\/www2.ual.es\/proyecto_aecid_UAL-ENCA\/sercom\/\" target=\"_blank\" rel=\"noopener\"><strong>SERCOM Automation<\/strong><\/a><strong> y la Cooperaci\u00f3n Espa\u00f1ola, la Escuela Nacional Central de Agricultura (ENCA) de Guatemala <\/strong>avanza en la construcci\u00f3n de un <strong>invernadero de alta tecnolog\u00eda <\/strong>que servir\u00e1 como espacio formativo, de investigaci\u00f3n y de producci\u00f3n agr\u00edcola eficiente. Este proyecto, desarrollado bajo un enfoque integral, tiene como objetivo modernizar la formaci\u00f3n t\u00e9cnica agropecuaria y contribuir al desarrollo sostenible del sector agr\u00edcola en la regi\u00f3n.<\/span><\/p>\n<h2><strong><span>Un espacio e invernadero de alta tecnolog\u00eda de m\u00e1s de 6.000 m\u00b2 para formaci\u00f3n e innovaci\u00f3n agr\u00edcola<\/span><\/strong><\/h2>\n<p><span>El nuevo<strong> invernadero de alta tecnolog\u00eda<\/strong> contar\u00e1 con un \u00e1rea efectiva de 6.336 metros cuadrados, dise\u00f1ada para acoger cultivos hort\u00edcolas en condiciones controladas. Esta infraestructura ser\u00e1 clave para la implementaci\u00f3n de pr\u00e1cticas agr\u00edcolas de precisi\u00f3n, sostenibles y adaptadas a los desaf\u00edos del cambio clim\u00e1tico.<\/span><\/p>\n<p><span>La amplitud del espacio permitir\u00e1 no solo la producci\u00f3n a escala, sino tambi\u00e9n el desarrollo de actividades formativas con grupos numerosos de estudiantes, promoviendo el aprendizaje pr\u00e1ctico y colaborativo.<\/span><\/p>\n<h2><strong><span>Reservorio de agua y sistema de ferti-riego automatizado<\/span><\/strong><\/h2>\n<p><span>Una de las caracter\u00edsticas destacadas del proyecto es la instalaci\u00f3n de un reservorio de acero galvanizado con una capacidad de almacenamiento de 487 metros c\u00fabicos de agua. Este elemento garantiza el suministro h\u00eddrico continuo y eficiente, clave en sistemas de cultivo bajo invernadero.<\/span><\/p>\n<p><span>El sistema de riego contar\u00e1 con inyecci\u00f3n de fertilizantes (ferti-riego), lo que permite una distribuci\u00f3n precisa de nutrientes directamente a las ra\u00edces, optimizando el uso de recursos y mejorando el rendimiento de los cultivos. Todo este proceso ser\u00e1 gestionado mediante un panel de control el\u00e9ctrico con sensores que monitorean par\u00e1metros esenciales como el pH y la conductividad el\u00e9ctrica del agua.<\/span><\/p>\n<h2><strong><span>Control clim\u00e1tico automatizado para condiciones \u00f3ptimas<\/span><\/strong><\/h2>\n<p><span>El invernadero estar\u00e1 equipado con una estaci\u00f3n clim\u00e1tica y sistemas de control automatizado que regulan temperatura, humedad relativa y ventilaci\u00f3n. La combinaci\u00f3n de ventilaci\u00f3n cenital y lateral, junto con la tecnolog\u00eda de sensores, permitir\u00e1 mantener condiciones ideales para el desarrollo vegetal, reduciendo el estr\u00e9s h\u00eddrico y t\u00e9rmico de los cultivos.<\/span><\/p>\n<p><span>Este nivel de automatizaci\u00f3n permite al alumnado experimentar con variables clim\u00e1ticas y comprender su impacto sobre las plantas, lo que convierte al invernadero en una herramienta did\u00e1ctica avanzada.<\/span><\/p>\n<h2><strong><span>Estructura resistente y materiales de \u00faltima generaci\u00f3n para el invernadero de alta tecnolog\u00eda<\/span><\/strong><\/h2>\n<p><span>El modelo de este <strong>invernadero de alta tecnolog\u00eda <\/strong>ser\u00e1 del tipo g\u00f3tico, una estructura especialmente dise\u00f1ada para ofrecer mayor resistencia al viento (hasta 25 m\/s) y favorecer el drenaje de condensaci\u00f3n. Este dise\u00f1o, sumado a la instalaci\u00f3n de ground cover blanco de 100 gramos por metro cuadrado, contribuir\u00e1 a una mayor eficiencia energ\u00e9tica y mejor aprovechamiento de la luz solar.<\/span><\/p>\n<p><span>Los materiales y sistemas seleccionados responden a criterios t\u00e9cnicos rigurosos que garantizan durabilidad, facilidad de mantenimiento y condiciones \u00f3ptimas para la producci\u00f3n intensiva.<\/span><\/p>\n<h2><strong><span>Un paso firme hacia una agricultura m\u00e1s t\u00e9cnica y sostenible<\/span><\/strong><\/h2>\n<p><span>Este modelo conceptual de <a href=\"https:\/\/www.instagram.com\/p\/DL0PWfaOppp\/?utm_source=ig_web_copy_link&amp;igsh=MzRlODBiNWFlZA==\" target=\"_blank\" rel=\"noopener\"><strong>invernadero de alta tecnolog\u00eda en la ENCA<\/strong><\/a> representa una apuesta clara por la transferencia de tecnolog\u00eda, la capacitaci\u00f3n de alto nivel y el impulso a una agricultura m\u00e1s eficiente, productiva y sostenible. La participaci\u00f3n de actores clave como la Universidad de Almer\u00eda y SERCOM Automation garantiza la incorporaci\u00f3n de experiencia internacional y tecnolog\u00eda de vanguardia.<\/span><\/p>\n<p><span>Adem\u00e1s de su valor productivo, este <strong>invernadero de alta tecnolog\u00eda<\/strong> tendr\u00e1 una funci\u00f3n estrat\u00e9gica como centro de formaci\u00f3n para t\u00e9cnicos, estudiantes y productores, posicion\u00e1ndose como referente regional en el uso de tecnolog\u00edas aplicadas al sector agr\u00edcola.<\/span><\/p>[\/et_pb_text][et_pb_image src=\u00bbhttps:\/\/www2.ual.es\/proyecto_aecid_UAL-ENCA\/wp-content\/uploads\/2025\/07\/Modelo-conceptual-del-invernadero-de-alta-tecnologia-en-Guatemala-terreno.webp\u00bb alt=\u00bbla Escuela Nacional Central de Agricultura (ENCA) de Guatemala avanza en la construcci\u00f3n de un invernadero de alta tecnolog\u00eda que servir\u00e1 como espacio formativo, de investigaci\u00f3n y de producci\u00f3n agr\u00edcola eficiente\u00bb title_text=\u00bbModelo conceptual del invernadero de alta tecnologi\u0301a en Guatemala &#8211; terreno\u00bb align=\u00bbcenter\u00bb _builder_version=\u00bb4.27.4&#8243; _module_preset=\u00bbdefault\u00bb hover_enabled=\u00bb0&#8243; global_colors_info=\u00bb{}\u00bb width=\u00bb70%\u00bb sticky_enabled=\u00bb0&#8243;][\/et_pb_image][\/et_pb_column][\/et_pb_row][et_pb_row _builder_version=\u00bb4.27.4&#8243; _module_preset=\u00bbdefault\u00bb global_colors_info=\u00bb{}\u00bb][et_pb_column type=\u00bb4_4&#8243; _builder_version=\u00bb4.27.4&#8243; _module_preset=\u00bbdefault\u00bb global_colors_info=\u00bb{}\u00bb][et_pb_text _builder_version=\u00bb4.27.4&#8243; _module_preset=\u00bbdefault\u00bb custom_margin=\u00bb||0px||false|false\u00bb global_colors_info=\u00bb{}\u00bb]<p><strong>\u00a1<span data-teams=\"true\">Encuentra a la ENCA en redes sociales y s\u00edguenos!<\/span><\/strong><\/p>[\/et_pb_text][et_pb_social_media_follow _builder_version=\u00bb4.27.4&#8243; _module_preset=\u00bbdefault\u00bb global_colors_info=\u00bb{}\u00bb][et_pb_social_media_follow_network social_network=\u00bbfacebook\u00bb url=\u00bbhttps:\/\/www.facebook.com\/ENCAGT\u00bb _builder_version=\u00bb4.27.4&#8243; _module_preset=\u00bbdefault\u00bb background_color=\u00bb#3b5998&#8243; global_colors_info=\u00bb{}\u00bb follow_button=\u00bboff\u00bb url_new_window=\u00bbon\u00bb]facebook[\/et_pb_social_media_follow_network][et_pb_social_media_follow_network social_network=\u00bbtwitter\u00bb url=\u00bbhttps:\/\/x.com\/enca_gt\u00bb _builder_version=\u00bb4.27.4&#8243; _module_preset=\u00bbdefault\u00bb background_color=\u00bb#000000&#8243; global_colors_info=\u00bb{}\u00bb follow_button=\u00bboff\u00bb url_new_window=\u00bbon\u00bb]X[\/et_pb_social_media_follow_network][et_pb_social_media_follow_network social_network=\u00bbinstagram\u00bb url=\u00bbhttps:\/\/www.instagram.com\/enca.gt\u00bb _builder_version=\u00bb4.27.4&#8243; _module_preset=\u00bbdefault\u00bb background_color=\u00bb#E02B20&#8243; background_enable_color=\u00bbon\u00bb global_colors_info=\u00bb{}\u00bb follow_button=\u00bboff\u00bb url_new_window=\u00bbon\u00bb]instagram[\/et_pb_social_media_follow_network][et_pb_social_media_follow_network social_network=\u00bbtiktok\u00bb url=\u00bbhttps:\/\/www.tiktok.com\/@enca_gt\u00bb _builder_version=\u00bb4.27.4&#8243; _module_preset=\u00bbdefault\u00bb background_color=\u00bb#000000&#8243; background_enable_color=\u00bbon\u00bb global_colors_info=\u00bb{}\u00bb follow_button=\u00bboff\u00bb url_new_window=\u00bbon\u00bb]tiktok[\/et_pb_social_media_follow_network][\/et_pb_social_media_follow][\/et_pb_column][\/et_pb_row][\/et_pb_section]\n","protected":false},"excerpt":{"rendered":"<p>En el marco de una alianza estrat\u00e9gica entre la Universidad de Almer\u00eda, SERCOM Automation y la Cooperaci\u00f3n Espa\u00f1ola, la Escuela Nacional Central de Agricultura (ENCA) de Guatemala avanza en la construcci\u00f3n de un invernadero de alta tecnolog\u00eda que servir\u00e1 como espacio formativo, de investigaci\u00f3n y de producci\u00f3n agr\u00edcola eficiente. Este proyecto, desarrollado bajo un enfoque [&hellip;]<\/p>\n","protected":false},"author":1,"featured_media":1988,"comment_status":"closed","ping_status":"closed","sticky":false,"template":"","format":"standard","meta":{"_et_pb_use_builder":"on","_et_pb_old_content":"","_et_gb_content_width":"1080","footnotes":""},"categories":[6],"tags":[],"class_list":["post-1984","post","type-post","status-publish","format-standard","has-post-thumbnail","hentry","category-guatemala"],"yoast_head":"<!-- This site is optimized with the Yoast SEO plugin v27.4 - https:\/\/yoast.com\/product\/yoast-seo-wordpress\/ -->\n<title>Modelo conceptual del invernadero de alta tecnolog\u00eda en Guatemala - UAL-ENCA<\/title>\n<meta name=\"description\" content=\"La ENCA de Guatemala avanza en la construcci\u00f3n de un invernadero de alta tecnolog\u00eda que servir\u00e1 como espacio formativo, de investigaci\u00f3n y de producci\u00f3n agr\u00edcola eficiente.\" \/>\n<meta name=\"robots\" content=\"index, follow, max-snippet:-1, max-image-preview:large, max-video-preview:-1\" \/>\n<link rel=\"canonical\" href=\"https:\/\/www2.ual.es\/proyecto_aecid_UAL-ENCA\/2025\/07\/24\/modelo-conceptual-del-invernadero-de-alta-tecnologia-en-guatemala\/\" \/>\n<meta property=\"og:locale\" content=\"es_ES\" \/>\n<meta property=\"og:type\" content=\"article\" \/>\n<meta property=\"og:title\" content=\"Modelo conceptual del invernadero de alta tecnolog\u00eda en Guatemala - UAL-ENCA\" \/>\n<meta property=\"og:description\" content=\"La ENCA de Guatemala avanza en la construcci\u00f3n de un invernadero de alta tecnolog\u00eda que servir\u00e1 como espacio formativo, de investigaci\u00f3n y de producci\u00f3n agr\u00edcola eficiente.\" \/>\n<meta property=\"og:url\" content=\"https:\/\/www2.ual.es\/proyecto_aecid_UAL-ENCA\/2025\/07\/24\/modelo-conceptual-del-invernadero-de-alta-tecnologia-en-guatemala\/\" \/>\n<meta property=\"og:site_name\" content=\"UAL-ENCA\" \/>\n<meta property=\"article:publisher\" content=\"https:\/\/www.facebook.com\/colaboracion.UAL\" \/>\n<meta property=\"article:published_time\" content=\"2025-07-24T08:00:00+00:00\" \/>\n<meta property=\"og:image\" content=\"https:\/\/www2.ual.es\/proyecto_aecid_UAL-ENCA\/wp-content\/uploads\/2025\/07\/Modelo-conceptual-del-invernadero-de-alta-tecnologia-en-Guatemala.webp\" \/>\n\t<meta property=\"og:image:width\" content=\"850\" \/>\n\t<meta property=\"og:image:height\" content=\"567\" \/>\n\t<meta property=\"og:image:type\" content=\"image\/webp\" \/>\n<meta name=\"author\" content=\"enca-admin\" \/>\n<meta name=\"twitter:card\" content=\"summary_large_image\" \/>\n<meta name=\"twitter:label1\" content=\"Escrito por\" \/>\n\t<meta name=\"twitter:data1\" content=\"enca-admin\" \/>\n\t<meta name=\"twitter:label2\" content=\"Tiempo de lectura\" \/>\n\t<meta name=\"twitter:data2\" content=\"4 minutos\" \/>\n<script type=\"application\/ld+json\" class=\"yoast-schema-graph\">{\"@context\":\"https:\\\/\\\/schema.org\",\"@graph\":[{\"@type\":\"Article\",\"@id\":\"https:\\\/\\\/www2.ual.es\\\/proyecto_aecid_UAL-ENCA\\\/2025\\\/07\\\/24\\\/modelo-conceptual-del-invernadero-de-alta-tecnologia-en-guatemala\\\/#article\",\"isPartOf\":{\"@id\":\"https:\\\/\\\/www2.ual.es\\\/proyecto_aecid_UAL-ENCA\\\/2025\\\/07\\\/24\\\/modelo-conceptual-del-invernadero-de-alta-tecnologia-en-guatemala\\\/\"},\"author\":{\"name\":\"enca-admin\",\"@id\":\"https:\\\/\\\/www2.ual.es\\\/proyecto_aecid_UAL-ENCA\\\/#\\\/schema\\\/person\\\/972e4dd3b6cef18cd958398d0be27f80\"},\"headline\":\"Modelo conceptual del invernadero de alta tecnolog\u00eda en Guatemala\",\"datePublished\":\"2025-07-24T08:00:00+00:00\",\"mainEntityOfPage\":{\"@id\":\"https:\\\/\\\/www2.ual.es\\\/proyecto_aecid_UAL-ENCA\\\/2025\\\/07\\\/24\\\/modelo-conceptual-del-invernadero-de-alta-tecnologia-en-guatemala\\\/\"},\"wordCount\":1054,\"publisher\":{\"@id\":\"https:\\\/\\\/www2.ual.es\\\/proyecto_aecid_UAL-ENCA\\\/#organization\"},\"image\":{\"@id\":\"https:\\\/\\\/www2.ual.es\\\/proyecto_aecid_UAL-ENCA\\\/2025\\\/07\\\/24\\\/modelo-conceptual-del-invernadero-de-alta-tecnologia-en-guatemala\\\/#primaryimage\"},\"thumbnailUrl\":\"https:\\\/\\\/www2.ual.es\\\/proyecto_aecid_UAL-ENCA\\\/wp-content\\\/uploads\\\/2025\\\/07\\\/Modelo-conceptual-del-invernadero-de-alta-tecnologia-en-Guatemala.webp\",\"articleSection\":[\"Guatemala\"],\"inLanguage\":\"es\"},{\"@type\":\"WebPage\",\"@id\":\"https:\\\/\\\/www2.ual.es\\\/proyecto_aecid_UAL-ENCA\\\/2025\\\/07\\\/24\\\/modelo-conceptual-del-invernadero-de-alta-tecnologia-en-guatemala\\\/\",\"url\":\"https:\\\/\\\/www2.ual.es\\\/proyecto_aecid_UAL-ENCA\\\/2025\\\/07\\\/24\\\/modelo-conceptual-del-invernadero-de-alta-tecnologia-en-guatemala\\\/\",\"name\":\"Modelo conceptual del invernadero de alta tecnolog\u00eda en Guatemala - UAL-ENCA\",\"isPartOf\":{\"@id\":\"https:\\\/\\\/www2.ual.es\\\/proyecto_aecid_UAL-ENCA\\\/#website\"},\"primaryImageOfPage\":{\"@id\":\"https:\\\/\\\/www2.ual.es\\\/proyecto_aecid_UAL-ENCA\\\/2025\\\/07\\\/24\\\/modelo-conceptual-del-invernadero-de-alta-tecnologia-en-guatemala\\\/#primaryimage\"},\"image\":{\"@id\":\"https:\\\/\\\/www2.ual.es\\\/proyecto_aecid_UAL-ENCA\\\/2025\\\/07\\\/24\\\/modelo-conceptual-del-invernadero-de-alta-tecnologia-en-guatemala\\\/#primaryimage\"},\"thumbnailUrl\":\"https:\\\/\\\/www2.ual.es\\\/proyecto_aecid_UAL-ENCA\\\/wp-content\\\/uploads\\\/2025\\\/07\\\/Modelo-conceptual-del-invernadero-de-alta-tecnologia-en-Guatemala.webp\",\"datePublished\":\"2025-07-24T08:00:00+00:00\",\"description\":\"La ENCA de Guatemala avanza en la construcci\u00f3n de un invernadero de alta tecnolog\u00eda que servir\u00e1 como espacio formativo, de investigaci\u00f3n y de producci\u00f3n agr\u00edcola eficiente.\",\"breadcrumb\":{\"@id\":\"https:\\\/\\\/www2.ual.es\\\/proyecto_aecid_UAL-ENCA\\\/2025\\\/07\\\/24\\\/modelo-conceptual-del-invernadero-de-alta-tecnologia-en-guatemala\\\/#breadcrumb\"},\"inLanguage\":\"es\",\"potentialAction\":[{\"@type\":\"ReadAction\",\"target\":[\"https:\\\/\\\/www2.ual.es\\\/proyecto_aecid_UAL-ENCA\\\/2025\\\/07\\\/24\\\/modelo-conceptual-del-invernadero-de-alta-tecnologia-en-guatemala\\\/\"]}]},{\"@type\":\"ImageObject\",\"inLanguage\":\"es\",\"@id\":\"https:\\\/\\\/www2.ual.es\\\/proyecto_aecid_UAL-ENCA\\\/2025\\\/07\\\/24\\\/modelo-conceptual-del-invernadero-de-alta-tecnologia-en-guatemala\\\/#primaryimage\",\"url\":\"https:\\\/\\\/www2.ual.es\\\/proyecto_aecid_UAL-ENCA\\\/wp-content\\\/uploads\\\/2025\\\/07\\\/Modelo-conceptual-del-invernadero-de-alta-tecnologia-en-Guatemala.webp\",\"contentUrl\":\"https:\\\/\\\/www2.ual.es\\\/proyecto_aecid_UAL-ENCA\\\/wp-content\\\/uploads\\\/2025\\\/07\\\/Modelo-conceptual-del-invernadero-de-alta-tecnologia-en-Guatemala.webp\",\"width\":850,\"height\":567,\"caption\":\"Modelo conceptual del invernadero de alta tecnologi\u0301a en Guatemala\"},{\"@type\":\"BreadcrumbList\",\"@id\":\"https:\\\/\\\/www2.ual.es\\\/proyecto_aecid_UAL-ENCA\\\/2025\\\/07\\\/24\\\/modelo-conceptual-del-invernadero-de-alta-tecnologia-en-guatemala\\\/#breadcrumb\",\"itemListElement\":[{\"@type\":\"ListItem\",\"position\":1,\"name\":\"Portada\",\"item\":\"https:\\\/\\\/www2.ual.es\\\/proyecto_aecid_UAL-ENCA\\\/\"},{\"@type\":\"ListItem\",\"position\":2,\"name\":\"Modelo conceptual del invernadero de alta tecnolog\u00eda en Guatemala\"}]},{\"@type\":\"WebSite\",\"@id\":\"https:\\\/\\\/www2.ual.es\\\/proyecto_aecid_UAL-ENCA\\\/#website\",\"url\":\"https:\\\/\\\/www2.ual.es\\\/proyecto_aecid_UAL-ENCA\\\/\",\"name\":\"Colaboraci\u00f3n UAL\",\"description\":\"Proyecto UAL-ENCA\",\"publisher\":{\"@id\":\"https:\\\/\\\/www2.ual.es\\\/proyecto_aecid_UAL-ENCA\\\/#organization\"},\"potentialAction\":[{\"@type\":\"SearchAction\",\"target\":{\"@type\":\"EntryPoint\",\"urlTemplate\":\"https:\\\/\\\/www2.ual.es\\\/proyecto_aecid_UAL-ENCA\\\/?s={search_term_string}\"},\"query-input\":{\"@type\":\"PropertyValueSpecification\",\"valueRequired\":true,\"valueName\":\"search_term_string\"}}],\"inLanguage\":\"es\"},{\"@type\":\"Organization\",\"@id\":\"https:\\\/\\\/www2.ual.es\\\/proyecto_aecid_UAL-ENCA\\\/#organization\",\"name\":\"Colaboraci\u00f3n UAL\",\"url\":\"https:\\\/\\\/www2.ual.es\\\/proyecto_aecid_UAL-ENCA\\\/\",\"logo\":{\"@type\":\"ImageObject\",\"inLanguage\":\"es\",\"@id\":\"https:\\\/\\\/www2.ual.es\\\/proyecto_aecid_UAL-ENCA\\\/#\\\/schema\\\/logo\\\/image\\\/\",\"url\":\"https:\\\/\\\/www2.ual.es\\\/proyecto_aecid_UAL-ENCA\\\/wp-content\\\/uploads\\\/2025\\\/04\\\/cropped-logoUniversidad.png\",\"contentUrl\":\"https:\\\/\\\/www2.ual.es\\\/proyecto_aecid_UAL-ENCA\\\/wp-content\\\/uploads\\\/2025\\\/04\\\/cropped-logoUniversidad.png\",\"width\":512,\"height\":512,\"caption\":\"Colaboraci\u00f3n UAL\"},\"image\":{\"@id\":\"https:\\\/\\\/www2.ual.es\\\/proyecto_aecid_UAL-ENCA\\\/#\\\/schema\\\/logo\\\/image\\\/\"},\"sameAs\":[\"https:\\\/\\\/www.facebook.com\\\/colaboracion.UAL\",\"https:\\\/\\\/www.instagram.com\\\/colaboracion.ual\",\"https:\\\/\\\/www.tiktok.com\\\/@colaboracion.ual\"]},{\"@type\":\"Person\",\"@id\":\"https:\\\/\\\/www2.ual.es\\\/proyecto_aecid_UAL-ENCA\\\/#\\\/schema\\\/person\\\/972e4dd3b6cef18cd958398d0be27f80\",\"name\":\"enca-admin\",\"image\":{\"@type\":\"ImageObject\",\"inLanguage\":\"es\",\"@id\":\"https:\\\/\\\/secure.gravatar.com\\\/avatar\\\/d3f557e3081c5b56eb83c595e7c177c2d80c9d4a7da37300e7785e1bef6fa5fb?s=96&d=mm&r=g\",\"url\":\"https:\\\/\\\/secure.gravatar.com\\\/avatar\\\/d3f557e3081c5b56eb83c595e7c177c2d80c9d4a7da37300e7785e1bef6fa5fb?s=96&d=mm&r=g\",\"contentUrl\":\"https:\\\/\\\/secure.gravatar.com\\\/avatar\\\/d3f557e3081c5b56eb83c595e7c177c2d80c9d4a7da37300e7785e1bef6fa5fb?s=96&d=mm&r=g\",\"caption\":\"enca-admin\"},\"sameAs\":[\"http:\\\/\\\/www2.ual.es\\\/proyecto_aecid_UAL-ENCA\"],\"url\":\"https:\\\/\\\/www2.ual.es\\\/proyecto_aecid_UAL-ENCA\\\/author\\\/enca-admin\\\/\"}]}<\/script>\n<!-- \/ Yoast SEO plugin. -->","yoast_head_json":{"title":"Modelo conceptual del invernadero de alta tecnolog\u00eda en Guatemala - UAL-ENCA","description":"La ENCA de Guatemala avanza en la construcci\u00f3n de un invernadero de alta tecnolog\u00eda que servir\u00e1 como espacio formativo, de investigaci\u00f3n y de producci\u00f3n agr\u00edcola eficiente.","robots":{"index":"index","follow":"follow","max-snippet":"max-snippet:-1","max-image-preview":"max-image-preview:large","max-video-preview":"max-video-preview:-1"},"canonical":"https:\/\/www2.ual.es\/proyecto_aecid_UAL-ENCA\/2025\/07\/24\/modelo-conceptual-del-invernadero-de-alta-tecnologia-en-guatemala\/","og_locale":"es_ES","og_type":"article","og_title":"Modelo conceptual del invernadero de alta tecnolog\u00eda en Guatemala - UAL-ENCA","og_description":"La ENCA de Guatemala avanza en la construcci\u00f3n de un invernadero de alta tecnolog\u00eda que servir\u00e1 como espacio formativo, de investigaci\u00f3n y de producci\u00f3n agr\u00edcola eficiente.","og_url":"https:\/\/www2.ual.es\/proyecto_aecid_UAL-ENCA\/2025\/07\/24\/modelo-conceptual-del-invernadero-de-alta-tecnologia-en-guatemala\/","og_site_name":"UAL-ENCA","article_publisher":"https:\/\/www.facebook.com\/colaboracion.UAL","article_published_time":"2025-07-24T08:00:00+00:00","og_image":[{"width":850,"height":567,"url":"https:\/\/www2.ual.es\/proyecto_aecid_UAL-ENCA\/wp-content\/uploads\/2025\/07\/Modelo-conceptual-del-invernadero-de-alta-tecnologia-en-Guatemala.webp","type":"image\/webp"}],"author":"enca-admin","twitter_card":"summary_large_image","twitter_misc":{"Escrito por":"enca-admin","Tiempo de lectura":"4 minutos"},"schema":{"@context":"https:\/\/schema.org","@graph":[{"@type":"Article","@id":"https:\/\/www2.ual.es\/proyecto_aecid_UAL-ENCA\/2025\/07\/24\/modelo-conceptual-del-invernadero-de-alta-tecnologia-en-guatemala\/#article","isPartOf":{"@id":"https:\/\/www2.ual.es\/proyecto_aecid_UAL-ENCA\/2025\/07\/24\/modelo-conceptual-del-invernadero-de-alta-tecnologia-en-guatemala\/"},"author":{"name":"enca-admin","@id":"https:\/\/www2.ual.es\/proyecto_aecid_UAL-ENCA\/#\/schema\/person\/972e4dd3b6cef18cd958398d0be27f80"},"headline":"Modelo conceptual del invernadero de alta tecnolog\u00eda en Guatemala","datePublished":"2025-07-24T08:00:00+00:00","mainEntityOfPage":{"@id":"https:\/\/www2.ual.es\/proyecto_aecid_UAL-ENCA\/2025\/07\/24\/modelo-conceptual-del-invernadero-de-alta-tecnologia-en-guatemala\/"},"wordCount":1054,"publisher":{"@id":"https:\/\/www2.ual.es\/proyecto_aecid_UAL-ENCA\/#organization"},"image":{"@id":"https:\/\/www2.ual.es\/proyecto_aecid_UAL-ENCA\/2025\/07\/24\/modelo-conceptual-del-invernadero-de-alta-tecnologia-en-guatemala\/#primaryimage"},"thumbnailUrl":"https:\/\/www2.ual.es\/proyecto_aecid_UAL-ENCA\/wp-content\/uploads\/2025\/07\/Modelo-conceptual-del-invernadero-de-alta-tecnologia-en-Guatemala.webp","articleSection":["Guatemala"],"inLanguage":"es"},{"@type":"WebPage","@id":"https:\/\/www2.ual.es\/proyecto_aecid_UAL-ENCA\/2025\/07\/24\/modelo-conceptual-del-invernadero-de-alta-tecnologia-en-guatemala\/","url":"https:\/\/www2.ual.es\/proyecto_aecid_UAL-ENCA\/2025\/07\/24\/modelo-conceptual-del-invernadero-de-alta-tecnologia-en-guatemala\/","name":"Modelo conceptual del invernadero de alta tecnolog\u00eda en Guatemala - UAL-ENCA","isPartOf":{"@id":"https:\/\/www2.ual.es\/proyecto_aecid_UAL-ENCA\/#website"},"primaryImageOfPage":{"@id":"https:\/\/www2.ual.es\/proyecto_aecid_UAL-ENCA\/2025\/07\/24\/modelo-conceptual-del-invernadero-de-alta-tecnologia-en-guatemala\/#primaryimage"},"image":{"@id":"https:\/\/www2.ual.es\/proyecto_aecid_UAL-ENCA\/2025\/07\/24\/modelo-conceptual-del-invernadero-de-alta-tecnologia-en-guatemala\/#primaryimage"},"thumbnailUrl":"https:\/\/www2.ual.es\/proyecto_aecid_UAL-ENCA\/wp-content\/uploads\/2025\/07\/Modelo-conceptual-del-invernadero-de-alta-tecnologia-en-Guatemala.webp","datePublished":"2025-07-24T08:00:00+00:00","description":"La ENCA de Guatemala avanza en la construcci\u00f3n de un invernadero de alta tecnolog\u00eda que servir\u00e1 como espacio formativo, de investigaci\u00f3n y de producci\u00f3n agr\u00edcola eficiente.","breadcrumb":{"@id":"https:\/\/www2.ual.es\/proyecto_aecid_UAL-ENCA\/2025\/07\/24\/modelo-conceptual-del-invernadero-de-alta-tecnologia-en-guatemala\/#breadcrumb"},"inLanguage":"es","potentialAction":[{"@type":"ReadAction","target":["https:\/\/www2.ual.es\/proyecto_aecid_UAL-ENCA\/2025\/07\/24\/modelo-conceptual-del-invernadero-de-alta-tecnologia-en-guatemala\/"]}]},{"@type":"ImageObject","inLanguage":"es","@id":"https:\/\/www2.ual.es\/proyecto_aecid_UAL-ENCA\/2025\/07\/24\/modelo-conceptual-del-invernadero-de-alta-tecnologia-en-guatemala\/#primaryimage","url":"https:\/\/www2.ual.es\/proyecto_aecid_UAL-ENCA\/wp-content\/uploads\/2025\/07\/Modelo-conceptual-del-invernadero-de-alta-tecnologia-en-Guatemala.webp","contentUrl":"https:\/\/www2.ual.es\/proyecto_aecid_UAL-ENCA\/wp-content\/uploads\/2025\/07\/Modelo-conceptual-del-invernadero-de-alta-tecnologia-en-Guatemala.webp","width":850,"height":567,"caption":"Modelo conceptual del invernadero de alta tecnologi\u0301a en Guatemala"},{"@type":"BreadcrumbList","@id":"https:\/\/www2.ual.es\/proyecto_aecid_UAL-ENCA\/2025\/07\/24\/modelo-conceptual-del-invernadero-de-alta-tecnologia-en-guatemala\/#breadcrumb","itemListElement":[{"@type":"ListItem","position":1,"name":"Portada","item":"https:\/\/www2.ual.es\/proyecto_aecid_UAL-ENCA\/"},{"@type":"ListItem","position":2,"name":"Modelo conceptual del invernadero de alta tecnolog\u00eda en Guatemala"}]},{"@type":"WebSite","@id":"https:\/\/www2.ual.es\/proyecto_aecid_UAL-ENCA\/#website","url":"https:\/\/www2.ual.es\/proyecto_aecid_UAL-ENCA\/","name":"Colaboraci\u00f3n UAL","description":"Proyecto UAL-ENCA","publisher":{"@id":"https:\/\/www2.ual.es\/proyecto_aecid_UAL-ENCA\/#organization"},"potentialAction":[{"@type":"SearchAction","target":{"@type":"EntryPoint","urlTemplate":"https:\/\/www2.ual.es\/proyecto_aecid_UAL-ENCA\/?s={search_term_string}"},"query-input":{"@type":"PropertyValueSpecification","valueRequired":true,"valueName":"search_term_string"}}],"inLanguage":"es"},{"@type":"Organization","@id":"https:\/\/www2.ual.es\/proyecto_aecid_UAL-ENCA\/#organization","name":"Colaboraci\u00f3n UAL","url":"https:\/\/www2.ual.es\/proyecto_aecid_UAL-ENCA\/","logo":{"@type":"ImageObject","inLanguage":"es","@id":"https:\/\/www2.ual.es\/proyecto_aecid_UAL-ENCA\/#\/schema\/logo\/image\/","url":"https:\/\/www2.ual.es\/proyecto_aecid_UAL-ENCA\/wp-content\/uploads\/2025\/04\/cropped-logoUniversidad.png","contentUrl":"https:\/\/www2.ual.es\/proyecto_aecid_UAL-ENCA\/wp-content\/uploads\/2025\/04\/cropped-logoUniversidad.png","width":512,"height":512,"caption":"Colaboraci\u00f3n UAL"},"image":{"@id":"https:\/\/www2.ual.es\/proyecto_aecid_UAL-ENCA\/#\/schema\/logo\/image\/"},"sameAs":["https:\/\/www.facebook.com\/colaboracion.UAL","https:\/\/www.instagram.com\/colaboracion.ual","https:\/\/www.tiktok.com\/@colaboracion.ual"]},{"@type":"Person","@id":"https:\/\/www2.ual.es\/proyecto_aecid_UAL-ENCA\/#\/schema\/person\/972e4dd3b6cef18cd958398d0be27f80","name":"enca-admin","image":{"@type":"ImageObject","inLanguage":"es","@id":"https:\/\/secure.gravatar.com\/avatar\/d3f557e3081c5b56eb83c595e7c177c2d80c9d4a7da37300e7785e1bef6fa5fb?s=96&d=mm&r=g","url":"https:\/\/secure.gravatar.com\/avatar\/d3f557e3081c5b56eb83c595e7c177c2d80c9d4a7da37300e7785e1bef6fa5fb?s=96&d=mm&r=g","contentUrl":"https:\/\/secure.gravatar.com\/avatar\/d3f557e3081c5b56eb83c595e7c177c2d80c9d4a7da37300e7785e1bef6fa5fb?s=96&d=mm&r=g","caption":"enca-admin"},"sameAs":["http:\/\/www2.ual.es\/proyecto_aecid_UAL-ENCA"],"url":"https:\/\/www2.ual.es\/proyecto_aecid_UAL-ENCA\/author\/enca-admin\/"}]}},"_links":{"self":[{"href":"https:\/\/www2.ual.es\/proyecto_aecid_UAL-ENCA\/wp-json\/wp\/v2\/posts\/1984","targetHints":{"allow":["GET"]}}],"collection":[{"href":"https:\/\/www2.ual.es\/proyecto_aecid_UAL-ENCA\/wp-json\/wp\/v2\/posts"}],"about":[{"href":"https:\/\/www2.ual.es\/proyecto_aecid_UAL-ENCA\/wp-json\/wp\/v2\/types\/post"}],"author":[{"embeddable":true,"href":"https:\/\/www2.ual.es\/proyecto_aecid_UAL-ENCA\/wp-json\/wp\/v2\/users\/1"}],"replies":[{"embeddable":true,"href":"https:\/\/www2.ual.es\/proyecto_aecid_UAL-ENCA\/wp-json\/wp\/v2\/comments?post=1984"}],"version-history":[{"count":8,"href":"https:\/\/www2.ual.es\/proyecto_aecid_UAL-ENCA\/wp-json\/wp\/v2\/posts\/1984\/revisions"}],"predecessor-version":[{"id":1996,"href":"https:\/\/www2.ual.es\/proyecto_aecid_UAL-ENCA\/wp-json\/wp\/v2\/posts\/1984\/revisions\/1996"}],"wp:featuredmedia":[{"embeddable":true,"href":"https:\/\/www2.ual.es\/proyecto_aecid_UAL-ENCA\/wp-json\/wp\/v2\/media\/1988"}],"wp:attachment":[{"href":"https:\/\/www2.ual.es\/proyecto_aecid_UAL-ENCA\/wp-json\/wp\/v2\/media?parent=1984"}],"wp:term":[{"taxonomy":"category","embeddable":true,"href":"https:\/\/www2.ual.es\/proyecto_aecid_UAL-ENCA\/wp-json\/wp\/v2\/categories?post=1984"},{"taxonomy":"post_tag","embeddable":true,"href":"https:\/\/www2.ual.es\/proyecto_aecid_UAL-ENCA\/wp-json\/wp\/v2\/tags?post=1984"}],"curies":[{"name":"wp","href":"https:\/\/api.w.org\/{rel}","templated":true}]}}