{"id":1973,"date":"2025-07-21T10:00:00","date_gmt":"2025-07-21T08:00:00","guid":{"rendered":"https:\/\/www2.ual.es\/proyecto_aecid_UAL-ENCA\/?p=1973"},"modified":"2025-07-21T11:46:47","modified_gmt":"2025-07-21T09:46:47","slug":"el-aula-invernadero-en-nicaragua-una-experiencia-formativa-en-agricultura-sostenible","status":"publish","type":"post","link":"https:\/\/www2.ual.es\/proyecto_aecid_UAL-ENCA\/2025\/07\/21\/el-aula-invernadero-en-nicaragua-una-experiencia-formativa-en-agricultura-sostenible\/","title":{"rendered":"El Aula Invernadero en Nicaragua: una experiencia formativa en agricultura sostenible"},"content":{"rendered":"<p>[et_pb_section fb_built=\u00bb1&#8243; _builder_version=\u00bb4.27.4&#8243; _module_preset=\u00bbdefault\u00bb custom_padding=\u00bb0px||||false|false\u00bb global_colors_info=\u00bb{}\u00bb][et_pb_row _builder_version=\u00bb4.27.4&#8243; _module_preset=\u00bbdefault\u00bb global_colors_info=\u00bb{}\u00bb][et_pb_column type=\u00bb4_4&#8243; _builder_version=\u00bb4.27.4&#8243; _module_preset=\u00bbdefault\u00bb global_colors_info=\u00bb{}\u00bb][et_pb_text _builder_version=\u00bb4.27.4&#8243; _module_preset=\u00bbdefault\u00bb global_colors_info=\u00bb{}\u00bb]<\/p>\n<p><span style=\"font-weight: 400;\">Como parte del proyecto de <\/span><b>Cooperaci\u00f3n Internacional al Desarrollo<\/b><span style=\"font-weight: 400;\"> liderado por la Universidad de Almer\u00eda, se ha completado con \u00e9xito la instalaci\u00f3n de un<\/span><b> Aula Invernadero en Nicaragua<\/b><span style=\"font-weight: 400;\">. Esta infraestructura est\u00e1 orientada a la formaci\u00f3n pr\u00e1ctica de estudiantes en t\u00e9cnicas de agricultura sostenible y uso eficiente del agua, contribuyendo directamente al desarrollo rural y al fortalecimiento de capacidades locales.<\/span><\/p>\n<h2><b>Formaci\u00f3n t\u00e9cnica aplicada en riego localizado y nebulizaci\u00f3n<\/b><\/h2>\n<p><span style=\"font-weight: 400;\">Durante el desarrollo del proyecto, el alumnado particip\u00f3 activamente en pr\u00e1cticas centradas en varias tecnolog\u00edas clave, como son el riego localizado y el sistema de nebulizaci\u00f3n. Ambas herramientas permiten avanzar hacia una agricultura m\u00e1s eficiente, adaptada a los desaf\u00edos clim\u00e1ticos y con menor impacto ambiental.<\/span><\/p>\n<p><span style=\"font-weight: 400;\">El <\/span><b>riego localizado<\/b><span style=\"font-weight: 400;\">, aplicado directamente en la zona de las ra\u00edces de los cultivos, reduce significativamente el consumo de agua al evitar p\u00e9rdidas por evaporaci\u00f3n. Adem\u00e1s, permite una mejor absorci\u00f3n de nutrientes y un uso m\u00e1s preciso de fertilizantes, lo que repercute positivamente en la salud del suelo y en la productividad.<\/span><\/p>\n<p><span style=\"font-weight: 400;\">Por su parte, el<\/span><b> sistema de nebulizaci\u00f3n <\/b><span style=\"font-weight: 400;\">instalado en el invernadero facilita la creaci\u00f3n de un microclima \u00f3ptimo para el desarrollo vegetal. Esta tecnolog\u00eda no solo mejora las condiciones de cultivo, sino que tambi\u00e9n permite al alumnado comprender los mecanismos de control ambiental aplicados a la producci\u00f3n hort\u00edcola.<\/span><\/p>\n<h2><b>Aula Invernadero en Nicaragua: Un modelo de ense\u00f1anza con impacto real<\/b><\/h2>\n<p><span style=\"font-weight: 400;\">La puesta en marcha del <\/span><b>Aula Invernadero en Nicaragua<\/b><span style=\"font-weight: 400;\"> ha sido mucho m\u00e1s que una mejora de infraestructuras. Se trata de una herramienta educativa que combina innovaci\u00f3n, sostenibilidad y transferencia de conocimiento.<\/span><\/p>\n<p><span style=\"font-weight: 400;\">Gracias a la implicaci\u00f3n del equipo docente y t\u00e9cnico, el alumnado ha podido acceder a una experiencia formativa completa que vincula teor\u00eda y pr\u00e1ctica, al tiempo que se promueve un enfoque de agricultura regenerativa y responsable con los recursos naturales.<\/span><\/p>\n<h2><b>Cooperaci\u00f3n internacional al servicio del desarrollo rural<\/b><\/h2>\n<p><span style=\"font-weight: 400;\">Este proyecto demuestra el valor de la cooperaci\u00f3n universitaria cuando se orienta a la acci\u00f3n y al fortalecimiento de comunidades locales. La instalaci\u00f3n del Aula Invernadero en Nicaragua marca el inicio de una serie de acciones similares en otros pa\u00edses centroamericanos, como <a href=\"https:\/\/www2.ual.es\/proyecto_aecid_UAL-ENCA\/guatemala-2\/\" target=\"_blank\" rel=\"noopener\"><strong>Guatemala<\/strong><\/a> y <a href=\"https:\/\/www2.ual.es\/proyecto_aecid_UAL-ENCA\/costa-rica\/\" target=\"_blank\" rel=\"noopener\"><strong>Costa Rica<\/strong><\/a>, siempre con el objetivo de formar profesionales capaces de liderar la transici\u00f3n hacia modelos agr\u00edcolas m\u00e1s sostenibles.<\/span><\/p>\n<p>[\/et_pb_text][et_pb_image src=\u00bbhttps:\/\/www2.ual.es\/proyecto_aecid_UAL-ENCA\/wp-content\/uploads\/2025\/07\/El-Aula-Invernadero-en-Nicaragua-una-experiencia-formativa-en-agricultura-sostenible-2.webp\u00bb alt=\u00bbEl Aula Invernadero en Nicaragua una experiencia formativa en agricultura sostenible &#8211; Riego localizado\u00bb title_text=\u00bbEl Aula Invernadero en Nicaragua una experiencia formativa en agricultura sostenible 2&#8243; align=\u00bbcenter\u00bb _builder_version=\u00bb4.27.4&#8243; _module_preset=\u00bbdefault\u00bb hover_enabled=\u00bb0&#8243; global_colors_info=\u00bb{}\u00bb width=\u00bb70%\u00bb sticky_enabled=\u00bb0&#8243;][\/et_pb_image][\/et_pb_column][\/et_pb_row][\/et_pb_section]<\/p>\n","protected":false},"excerpt":{"rendered":"<p>Como parte del proyecto de Cooperaci\u00f3n Internacional al Desarrollo liderado por la Universidad de Almer\u00eda, se ha completado con \u00e9xito la instalaci\u00f3n de un Aula Invernadero en Nicaragua. Esta infraestructura est\u00e1 orientada a la formaci\u00f3n pr\u00e1ctica de estudiantes en t\u00e9cnicas de agricultura sostenible y uso eficiente del agua, contribuyendo directamente al desarrollo rural y al [&hellip;]<\/p>\n","protected":false},"author":1,"featured_media":1978,"comment_status":"closed","ping_status":"closed","sticky":false,"template":"","format":"standard","meta":{"_et_pb_use_builder":"on","_et_pb_old_content":"","_et_gb_content_width":"1080","footnotes":""},"categories":[7],"tags":[],"class_list":["post-1973","post","type-post","status-publish","format-standard","has-post-thumbnail","hentry","category-nicaragua"],"yoast_head":"<!-- This site is optimized with the Yoast SEO plugin v27.4 - https:\/\/yoast.com\/product\/yoast-seo-wordpress\/ -->\n<title>El Aula Invernadero en Nicaragua: una experiencia formativa en agricultura sostenible - UAL-ENCA<\/title>\n<meta name=\"description\" content=\"Como parte del proyecto de Cooperaci\u00f3n Internacional al Desarrollo liderado por la Universidad de Almer\u00eda, se ha completado con \u00e9xito la instalaci\u00f3n de un Aula Invernadero en Nicaragua.\" \/>\n<meta name=\"robots\" content=\"index, follow, max-snippet:-1, max-image-preview:large, max-video-preview:-1\" \/>\n<link rel=\"canonical\" href=\"https:\/\/www2.ual.es\/proyecto_aecid_UAL-ENCA\/2025\/07\/21\/el-aula-invernadero-en-nicaragua-una-experiencia-formativa-en-agricultura-sostenible\/\" \/>\n<meta property=\"og:locale\" content=\"es_ES\" \/>\n<meta property=\"og:type\" content=\"article\" \/>\n<meta property=\"og:title\" content=\"El Aula Invernadero en Nicaragua: una experiencia formativa en agricultura sostenible - UAL-ENCA\" \/>\n<meta property=\"og:description\" content=\"Como parte del proyecto de Cooperaci\u00f3n Internacional al Desarrollo liderado por la Universidad de Almer\u00eda, se ha completado con \u00e9xito la instalaci\u00f3n de un Aula Invernadero en Nicaragua.\" \/>\n<meta property=\"og:url\" content=\"https:\/\/www2.ual.es\/proyecto_aecid_UAL-ENCA\/2025\/07\/21\/el-aula-invernadero-en-nicaragua-una-experiencia-formativa-en-agricultura-sostenible\/\" \/>\n<meta property=\"og:site_name\" content=\"UAL-ENCA\" \/>\n<meta property=\"article:publisher\" content=\"https:\/\/www.facebook.com\/colaboracion.UAL\" \/>\n<meta property=\"article:published_time\" content=\"2025-07-21T08:00:00+00:00\" \/>\n<meta property=\"article:modified_time\" content=\"2025-07-21T09:46:47+00:00\" \/>\n<meta property=\"og:image\" content=\"https:\/\/www2.ual.es\/proyecto_aecid_UAL-ENCA\/wp-content\/uploads\/2025\/07\/El-Aula-Invernadero-en-Nicaragua-una-experiencia-formativa-en-agricultura-sostenible.webp\" \/>\n\t<meta property=\"og:image:width\" content=\"1075\" \/>\n\t<meta property=\"og:image:height\" content=\"677\" \/>\n\t<meta property=\"og:image:type\" content=\"image\/webp\" \/>\n<meta name=\"author\" content=\"enca-admin\" \/>\n<meta name=\"twitter:card\" content=\"summary_large_image\" \/>\n<meta name=\"twitter:label1\" content=\"Escrito por\" \/>\n\t<meta name=\"twitter:data1\" content=\"enca-admin\" \/>\n\t<meta name=\"twitter:label2\" content=\"Tiempo de lectura\" \/>\n\t<meta name=\"twitter:data2\" content=\"3 minutos\" \/>\n<script type=\"application\/ld+json\" class=\"yoast-schema-graph\">{\"@context\":\"https:\\\/\\\/schema.org\",\"@graph\":[{\"@type\":\"Article\",\"@id\":\"https:\\\/\\\/www2.ual.es\\\/proyecto_aecid_UAL-ENCA\\\/2025\\\/07\\\/21\\\/el-aula-invernadero-en-nicaragua-una-experiencia-formativa-en-agricultura-sostenible\\\/#article\",\"isPartOf\":{\"@id\":\"https:\\\/\\\/www2.ual.es\\\/proyecto_aecid_UAL-ENCA\\\/2025\\\/07\\\/21\\\/el-aula-invernadero-en-nicaragua-una-experiencia-formativa-en-agricultura-sostenible\\\/\"},\"author\":{\"name\":\"enca-admin\",\"@id\":\"https:\\\/\\\/www2.ual.es\\\/proyecto_aecid_UAL-ENCA\\\/#\\\/schema\\\/person\\\/972e4dd3b6cef18cd958398d0be27f80\"},\"headline\":\"El Aula Invernadero en Nicaragua: una experiencia formativa en agricultura sostenible\",\"datePublished\":\"2025-07-21T08:00:00+00:00\",\"dateModified\":\"2025-07-21T09:46:47+00:00\",\"mainEntityOfPage\":{\"@id\":\"https:\\\/\\\/www2.ual.es\\\/proyecto_aecid_UAL-ENCA\\\/2025\\\/07\\\/21\\\/el-aula-invernadero-en-nicaragua-una-experiencia-formativa-en-agricultura-sostenible\\\/\"},\"wordCount\":543,\"publisher\":{\"@id\":\"https:\\\/\\\/www2.ual.es\\\/proyecto_aecid_UAL-ENCA\\\/#organization\"},\"image\":{\"@id\":\"https:\\\/\\\/www2.ual.es\\\/proyecto_aecid_UAL-ENCA\\\/2025\\\/07\\\/21\\\/el-aula-invernadero-en-nicaragua-una-experiencia-formativa-en-agricultura-sostenible\\\/#primaryimage\"},\"thumbnailUrl\":\"https:\\\/\\\/www2.ual.es\\\/proyecto_aecid_UAL-ENCA\\\/wp-content\\\/uploads\\\/2025\\\/07\\\/El-Aula-Invernadero-en-Nicaragua-una-experiencia-formativa-en-agricultura-sostenible.webp\",\"articleSection\":[\"Nicaragua\"],\"inLanguage\":\"es\"},{\"@type\":\"WebPage\",\"@id\":\"https:\\\/\\\/www2.ual.es\\\/proyecto_aecid_UAL-ENCA\\\/2025\\\/07\\\/21\\\/el-aula-invernadero-en-nicaragua-una-experiencia-formativa-en-agricultura-sostenible\\\/\",\"url\":\"https:\\\/\\\/www2.ual.es\\\/proyecto_aecid_UAL-ENCA\\\/2025\\\/07\\\/21\\\/el-aula-invernadero-en-nicaragua-una-experiencia-formativa-en-agricultura-sostenible\\\/\",\"name\":\"El Aula Invernadero en Nicaragua: una experiencia formativa en agricultura sostenible - UAL-ENCA\",\"isPartOf\":{\"@id\":\"https:\\\/\\\/www2.ual.es\\\/proyecto_aecid_UAL-ENCA\\\/#website\"},\"primaryImageOfPage\":{\"@id\":\"https:\\\/\\\/www2.ual.es\\\/proyecto_aecid_UAL-ENCA\\\/2025\\\/07\\\/21\\\/el-aula-invernadero-en-nicaragua-una-experiencia-formativa-en-agricultura-sostenible\\\/#primaryimage\"},\"image\":{\"@id\":\"https:\\\/\\\/www2.ual.es\\\/proyecto_aecid_UAL-ENCA\\\/2025\\\/07\\\/21\\\/el-aula-invernadero-en-nicaragua-una-experiencia-formativa-en-agricultura-sostenible\\\/#primaryimage\"},\"thumbnailUrl\":\"https:\\\/\\\/www2.ual.es\\\/proyecto_aecid_UAL-ENCA\\\/wp-content\\\/uploads\\\/2025\\\/07\\\/El-Aula-Invernadero-en-Nicaragua-una-experiencia-formativa-en-agricultura-sostenible.webp\",\"datePublished\":\"2025-07-21T08:00:00+00:00\",\"dateModified\":\"2025-07-21T09:46:47+00:00\",\"description\":\"Como parte del proyecto de Cooperaci\u00f3n Internacional al Desarrollo liderado por la Universidad de Almer\u00eda, se ha completado con \u00e9xito la instalaci\u00f3n de un Aula Invernadero en Nicaragua.\",\"breadcrumb\":{\"@id\":\"https:\\\/\\\/www2.ual.es\\\/proyecto_aecid_UAL-ENCA\\\/2025\\\/07\\\/21\\\/el-aula-invernadero-en-nicaragua-una-experiencia-formativa-en-agricultura-sostenible\\\/#breadcrumb\"},\"inLanguage\":\"es\",\"potentialAction\":[{\"@type\":\"ReadAction\",\"target\":[\"https:\\\/\\\/www2.ual.es\\\/proyecto_aecid_UAL-ENCA\\\/2025\\\/07\\\/21\\\/el-aula-invernadero-en-nicaragua-una-experiencia-formativa-en-agricultura-sostenible\\\/\"]}]},{\"@type\":\"ImageObject\",\"inLanguage\":\"es\",\"@id\":\"https:\\\/\\\/www2.ual.es\\\/proyecto_aecid_UAL-ENCA\\\/2025\\\/07\\\/21\\\/el-aula-invernadero-en-nicaragua-una-experiencia-formativa-en-agricultura-sostenible\\\/#primaryimage\",\"url\":\"https:\\\/\\\/www2.ual.es\\\/proyecto_aecid_UAL-ENCA\\\/wp-content\\\/uploads\\\/2025\\\/07\\\/El-Aula-Invernadero-en-Nicaragua-una-experiencia-formativa-en-agricultura-sostenible.webp\",\"contentUrl\":\"https:\\\/\\\/www2.ual.es\\\/proyecto_aecid_UAL-ENCA\\\/wp-content\\\/uploads\\\/2025\\\/07\\\/El-Aula-Invernadero-en-Nicaragua-una-experiencia-formativa-en-agricultura-sostenible.webp\",\"width\":1075,\"height\":677,\"caption\":\"Aula Invernadero en Nicaragua una experiencia formativa en agricultura sostenible\"},{\"@type\":\"BreadcrumbList\",\"@id\":\"https:\\\/\\\/www2.ual.es\\\/proyecto_aecid_UAL-ENCA\\\/2025\\\/07\\\/21\\\/el-aula-invernadero-en-nicaragua-una-experiencia-formativa-en-agricultura-sostenible\\\/#breadcrumb\",\"itemListElement\":[{\"@type\":\"ListItem\",\"position\":1,\"name\":\"Portada\",\"item\":\"https:\\\/\\\/www2.ual.es\\\/proyecto_aecid_UAL-ENCA\\\/\"},{\"@type\":\"ListItem\",\"position\":2,\"name\":\"El Aula Invernadero en Nicaragua: una experiencia formativa en agricultura sostenible\"}]},{\"@type\":\"WebSite\",\"@id\":\"https:\\\/\\\/www2.ual.es\\\/proyecto_aecid_UAL-ENCA\\\/#website\",\"url\":\"https:\\\/\\\/www2.ual.es\\\/proyecto_aecid_UAL-ENCA\\\/\",\"name\":\"Colaboraci\u00f3n UAL\",\"description\":\"Proyecto UAL-ENCA\",\"publisher\":{\"@id\":\"https:\\\/\\\/www2.ual.es\\\/proyecto_aecid_UAL-ENCA\\\/#organization\"},\"potentialAction\":[{\"@type\":\"SearchAction\",\"target\":{\"@type\":\"EntryPoint\",\"urlTemplate\":\"https:\\\/\\\/www2.ual.es\\\/proyecto_aecid_UAL-ENCA\\\/?s={search_term_string}\"},\"query-input\":{\"@type\":\"PropertyValueSpecification\",\"valueRequired\":true,\"valueName\":\"search_term_string\"}}],\"inLanguage\":\"es\"},{\"@type\":\"Organization\",\"@id\":\"https:\\\/\\\/www2.ual.es\\\/proyecto_aecid_UAL-ENCA\\\/#organization\",\"name\":\"Colaboraci\u00f3n UAL\",\"url\":\"https:\\\/\\\/www2.ual.es\\\/proyecto_aecid_UAL-ENCA\\\/\",\"logo\":{\"@type\":\"ImageObject\",\"inLanguage\":\"es\",\"@id\":\"https:\\\/\\\/www2.ual.es\\\/proyecto_aecid_UAL-ENCA\\\/#\\\/schema\\\/logo\\\/image\\\/\",\"url\":\"https:\\\/\\\/www2.ual.es\\\/proyecto_aecid_UAL-ENCA\\\/wp-content\\\/uploads\\\/2025\\\/04\\\/cropped-logoUniversidad.png\",\"contentUrl\":\"https:\\\/\\\/www2.ual.es\\\/proyecto_aecid_UAL-ENCA\\\/wp-content\\\/uploads\\\/2025\\\/04\\\/cropped-logoUniversidad.png\",\"width\":512,\"height\":512,\"caption\":\"Colaboraci\u00f3n UAL\"},\"image\":{\"@id\":\"https:\\\/\\\/www2.ual.es\\\/proyecto_aecid_UAL-ENCA\\\/#\\\/schema\\\/logo\\\/image\\\/\"},\"sameAs\":[\"https:\\\/\\\/www.facebook.com\\\/colaboracion.UAL\",\"https:\\\/\\\/www.instagram.com\\\/colaboracion.ual\",\"https:\\\/\\\/www.tiktok.com\\\/@colaboracion.ual\"]},{\"@type\":\"Person\",\"@id\":\"https:\\\/\\\/www2.ual.es\\\/proyecto_aecid_UAL-ENCA\\\/#\\\/schema\\\/person\\\/972e4dd3b6cef18cd958398d0be27f80\",\"name\":\"enca-admin\",\"image\":{\"@type\":\"ImageObject\",\"inLanguage\":\"es\",\"@id\":\"https:\\\/\\\/secure.gravatar.com\\\/avatar\\\/d3f557e3081c5b56eb83c595e7c177c2d80c9d4a7da37300e7785e1bef6fa5fb?s=96&d=mm&r=g\",\"url\":\"https:\\\/\\\/secure.gravatar.com\\\/avatar\\\/d3f557e3081c5b56eb83c595e7c177c2d80c9d4a7da37300e7785e1bef6fa5fb?s=96&d=mm&r=g\",\"contentUrl\":\"https:\\\/\\\/secure.gravatar.com\\\/avatar\\\/d3f557e3081c5b56eb83c595e7c177c2d80c9d4a7da37300e7785e1bef6fa5fb?s=96&d=mm&r=g\",\"caption\":\"enca-admin\"},\"sameAs\":[\"http:\\\/\\\/www2.ual.es\\\/proyecto_aecid_UAL-ENCA\"],\"url\":\"https:\\\/\\\/www2.ual.es\\\/proyecto_aecid_UAL-ENCA\\\/author\\\/enca-admin\\\/\"}]}<\/script>\n<!-- \/ Yoast SEO plugin. -->","yoast_head_json":{"title":"El Aula Invernadero en Nicaragua: una experiencia formativa en agricultura sostenible - UAL-ENCA","description":"Como parte del proyecto de Cooperaci\u00f3n Internacional al Desarrollo liderado por la Universidad de Almer\u00eda, se ha completado con \u00e9xito la instalaci\u00f3n de un Aula Invernadero en Nicaragua.","robots":{"index":"index","follow":"follow","max-snippet":"max-snippet:-1","max-image-preview":"max-image-preview:large","max-video-preview":"max-video-preview:-1"},"canonical":"https:\/\/www2.ual.es\/proyecto_aecid_UAL-ENCA\/2025\/07\/21\/el-aula-invernadero-en-nicaragua-una-experiencia-formativa-en-agricultura-sostenible\/","og_locale":"es_ES","og_type":"article","og_title":"El Aula Invernadero en Nicaragua: una experiencia formativa en agricultura sostenible - UAL-ENCA","og_description":"Como parte del proyecto de Cooperaci\u00f3n Internacional al Desarrollo liderado por la Universidad de Almer\u00eda, se ha completado con \u00e9xito la instalaci\u00f3n de un Aula Invernadero en Nicaragua.","og_url":"https:\/\/www2.ual.es\/proyecto_aecid_UAL-ENCA\/2025\/07\/21\/el-aula-invernadero-en-nicaragua-una-experiencia-formativa-en-agricultura-sostenible\/","og_site_name":"UAL-ENCA","article_publisher":"https:\/\/www.facebook.com\/colaboracion.UAL","article_published_time":"2025-07-21T08:00:00+00:00","article_modified_time":"2025-07-21T09:46:47+00:00","og_image":[{"width":1075,"height":677,"url":"https:\/\/www2.ual.es\/proyecto_aecid_UAL-ENCA\/wp-content\/uploads\/2025\/07\/El-Aula-Invernadero-en-Nicaragua-una-experiencia-formativa-en-agricultura-sostenible.webp","type":"image\/webp"}],"author":"enca-admin","twitter_card":"summary_large_image","twitter_misc":{"Escrito por":"enca-admin","Tiempo de lectura":"3 minutos"},"schema":{"@context":"https:\/\/schema.org","@graph":[{"@type":"Article","@id":"https:\/\/www2.ual.es\/proyecto_aecid_UAL-ENCA\/2025\/07\/21\/el-aula-invernadero-en-nicaragua-una-experiencia-formativa-en-agricultura-sostenible\/#article","isPartOf":{"@id":"https:\/\/www2.ual.es\/proyecto_aecid_UAL-ENCA\/2025\/07\/21\/el-aula-invernadero-en-nicaragua-una-experiencia-formativa-en-agricultura-sostenible\/"},"author":{"name":"enca-admin","@id":"https:\/\/www2.ual.es\/proyecto_aecid_UAL-ENCA\/#\/schema\/person\/972e4dd3b6cef18cd958398d0be27f80"},"headline":"El Aula Invernadero en Nicaragua: una experiencia formativa en agricultura sostenible","datePublished":"2025-07-21T08:00:00+00:00","dateModified":"2025-07-21T09:46:47+00:00","mainEntityOfPage":{"@id":"https:\/\/www2.ual.es\/proyecto_aecid_UAL-ENCA\/2025\/07\/21\/el-aula-invernadero-en-nicaragua-una-experiencia-formativa-en-agricultura-sostenible\/"},"wordCount":543,"publisher":{"@id":"https:\/\/www2.ual.es\/proyecto_aecid_UAL-ENCA\/#organization"},"image":{"@id":"https:\/\/www2.ual.es\/proyecto_aecid_UAL-ENCA\/2025\/07\/21\/el-aula-invernadero-en-nicaragua-una-experiencia-formativa-en-agricultura-sostenible\/#primaryimage"},"thumbnailUrl":"https:\/\/www2.ual.es\/proyecto_aecid_UAL-ENCA\/wp-content\/uploads\/2025\/07\/El-Aula-Invernadero-en-Nicaragua-una-experiencia-formativa-en-agricultura-sostenible.webp","articleSection":["Nicaragua"],"inLanguage":"es"},{"@type":"WebPage","@id":"https:\/\/www2.ual.es\/proyecto_aecid_UAL-ENCA\/2025\/07\/21\/el-aula-invernadero-en-nicaragua-una-experiencia-formativa-en-agricultura-sostenible\/","url":"https:\/\/www2.ual.es\/proyecto_aecid_UAL-ENCA\/2025\/07\/21\/el-aula-invernadero-en-nicaragua-una-experiencia-formativa-en-agricultura-sostenible\/","name":"El Aula Invernadero en Nicaragua: una experiencia formativa en agricultura sostenible - UAL-ENCA","isPartOf":{"@id":"https:\/\/www2.ual.es\/proyecto_aecid_UAL-ENCA\/#website"},"primaryImageOfPage":{"@id":"https:\/\/www2.ual.es\/proyecto_aecid_UAL-ENCA\/2025\/07\/21\/el-aula-invernadero-en-nicaragua-una-experiencia-formativa-en-agricultura-sostenible\/#primaryimage"},"image":{"@id":"https:\/\/www2.ual.es\/proyecto_aecid_UAL-ENCA\/2025\/07\/21\/el-aula-invernadero-en-nicaragua-una-experiencia-formativa-en-agricultura-sostenible\/#primaryimage"},"thumbnailUrl":"https:\/\/www2.ual.es\/proyecto_aecid_UAL-ENCA\/wp-content\/uploads\/2025\/07\/El-Aula-Invernadero-en-Nicaragua-una-experiencia-formativa-en-agricultura-sostenible.webp","datePublished":"2025-07-21T08:00:00+00:00","dateModified":"2025-07-21T09:46:47+00:00","description":"Como parte del proyecto de Cooperaci\u00f3n Internacional al Desarrollo liderado por la Universidad de Almer\u00eda, se ha completado con \u00e9xito la instalaci\u00f3n de un Aula Invernadero en Nicaragua.","breadcrumb":{"@id":"https:\/\/www2.ual.es\/proyecto_aecid_UAL-ENCA\/2025\/07\/21\/el-aula-invernadero-en-nicaragua-una-experiencia-formativa-en-agricultura-sostenible\/#breadcrumb"},"inLanguage":"es","potentialAction":[{"@type":"ReadAction","target":["https:\/\/www2.ual.es\/proyecto_aecid_UAL-ENCA\/2025\/07\/21\/el-aula-invernadero-en-nicaragua-una-experiencia-formativa-en-agricultura-sostenible\/"]}]},{"@type":"ImageObject","inLanguage":"es","@id":"https:\/\/www2.ual.es\/proyecto_aecid_UAL-ENCA\/2025\/07\/21\/el-aula-invernadero-en-nicaragua-una-experiencia-formativa-en-agricultura-sostenible\/#primaryimage","url":"https:\/\/www2.ual.es\/proyecto_aecid_UAL-ENCA\/wp-content\/uploads\/2025\/07\/El-Aula-Invernadero-en-Nicaragua-una-experiencia-formativa-en-agricultura-sostenible.webp","contentUrl":"https:\/\/www2.ual.es\/proyecto_aecid_UAL-ENCA\/wp-content\/uploads\/2025\/07\/El-Aula-Invernadero-en-Nicaragua-una-experiencia-formativa-en-agricultura-sostenible.webp","width":1075,"height":677,"caption":"Aula Invernadero en Nicaragua una experiencia formativa en agricultura sostenible"},{"@type":"BreadcrumbList","@id":"https:\/\/www2.ual.es\/proyecto_aecid_UAL-ENCA\/2025\/07\/21\/el-aula-invernadero-en-nicaragua-una-experiencia-formativa-en-agricultura-sostenible\/#breadcrumb","itemListElement":[{"@type":"ListItem","position":1,"name":"Portada","item":"https:\/\/www2.ual.es\/proyecto_aecid_UAL-ENCA\/"},{"@type":"ListItem","position":2,"name":"El Aula Invernadero en Nicaragua: una experiencia formativa en agricultura sostenible"}]},{"@type":"WebSite","@id":"https:\/\/www2.ual.es\/proyecto_aecid_UAL-ENCA\/#website","url":"https:\/\/www2.ual.es\/proyecto_aecid_UAL-ENCA\/","name":"Colaboraci\u00f3n UAL","description":"Proyecto UAL-ENCA","publisher":{"@id":"https:\/\/www2.ual.es\/proyecto_aecid_UAL-ENCA\/#organization"},"potentialAction":[{"@type":"SearchAction","target":{"@type":"EntryPoint","urlTemplate":"https:\/\/www2.ual.es\/proyecto_aecid_UAL-ENCA\/?s={search_term_string}"},"query-input":{"@type":"PropertyValueSpecification","valueRequired":true,"valueName":"search_term_string"}}],"inLanguage":"es"},{"@type":"Organization","@id":"https:\/\/www2.ual.es\/proyecto_aecid_UAL-ENCA\/#organization","name":"Colaboraci\u00f3n UAL","url":"https:\/\/www2.ual.es\/proyecto_aecid_UAL-ENCA\/","logo":{"@type":"ImageObject","inLanguage":"es","@id":"https:\/\/www2.ual.es\/proyecto_aecid_UAL-ENCA\/#\/schema\/logo\/image\/","url":"https:\/\/www2.ual.es\/proyecto_aecid_UAL-ENCA\/wp-content\/uploads\/2025\/04\/cropped-logoUniversidad.png","contentUrl":"https:\/\/www2.ual.es\/proyecto_aecid_UAL-ENCA\/wp-content\/uploads\/2025\/04\/cropped-logoUniversidad.png","width":512,"height":512,"caption":"Colaboraci\u00f3n UAL"},"image":{"@id":"https:\/\/www2.ual.es\/proyecto_aecid_UAL-ENCA\/#\/schema\/logo\/image\/"},"sameAs":["https:\/\/www.facebook.com\/colaboracion.UAL","https:\/\/www.instagram.com\/colaboracion.ual","https:\/\/www.tiktok.com\/@colaboracion.ual"]},{"@type":"Person","@id":"https:\/\/www2.ual.es\/proyecto_aecid_UAL-ENCA\/#\/schema\/person\/972e4dd3b6cef18cd958398d0be27f80","name":"enca-admin","image":{"@type":"ImageObject","inLanguage":"es","@id":"https:\/\/secure.gravatar.com\/avatar\/d3f557e3081c5b56eb83c595e7c177c2d80c9d4a7da37300e7785e1bef6fa5fb?s=96&d=mm&r=g","url":"https:\/\/secure.gravatar.com\/avatar\/d3f557e3081c5b56eb83c595e7c177c2d80c9d4a7da37300e7785e1bef6fa5fb?s=96&d=mm&r=g","contentUrl":"https:\/\/secure.gravatar.com\/avatar\/d3f557e3081c5b56eb83c595e7c177c2d80c9d4a7da37300e7785e1bef6fa5fb?s=96&d=mm&r=g","caption":"enca-admin"},"sameAs":["http:\/\/www2.ual.es\/proyecto_aecid_UAL-ENCA"],"url":"https:\/\/www2.ual.es\/proyecto_aecid_UAL-ENCA\/author\/enca-admin\/"}]}},"_links":{"self":[{"href":"https:\/\/www2.ual.es\/proyecto_aecid_UAL-ENCA\/wp-json\/wp\/v2\/posts\/1973","targetHints":{"allow":["GET"]}}],"collection":[{"href":"https:\/\/www2.ual.es\/proyecto_aecid_UAL-ENCA\/wp-json\/wp\/v2\/posts"}],"about":[{"href":"https:\/\/www2.ual.es\/proyecto_aecid_UAL-ENCA\/wp-json\/wp\/v2\/types\/post"}],"author":[{"embeddable":true,"href":"https:\/\/www2.ual.es\/proyecto_aecid_UAL-ENCA\/wp-json\/wp\/v2\/users\/1"}],"replies":[{"embeddable":true,"href":"https:\/\/www2.ual.es\/proyecto_aecid_UAL-ENCA\/wp-json\/wp\/v2\/comments?post=1973"}],"version-history":[{"count":7,"href":"https:\/\/www2.ual.es\/proyecto_aecid_UAL-ENCA\/wp-json\/wp\/v2\/posts\/1973\/revisions"}],"predecessor-version":[{"id":1997,"href":"https:\/\/www2.ual.es\/proyecto_aecid_UAL-ENCA\/wp-json\/wp\/v2\/posts\/1973\/revisions\/1997"}],"wp:featuredmedia":[{"embeddable":true,"href":"https:\/\/www2.ual.es\/proyecto_aecid_UAL-ENCA\/wp-json\/wp\/v2\/media\/1978"}],"wp:attachment":[{"href":"https:\/\/www2.ual.es\/proyecto_aecid_UAL-ENCA\/wp-json\/wp\/v2\/media?parent=1973"}],"wp:term":[{"taxonomy":"category","embeddable":true,"href":"https:\/\/www2.ual.es\/proyecto_aecid_UAL-ENCA\/wp-json\/wp\/v2\/categories?post=1973"},{"taxonomy":"post_tag","embeddable":true,"href":"https:\/\/www2.ual.es\/proyecto_aecid_UAL-ENCA\/wp-json\/wp\/v2\/tags?post=1973"}],"curies":[{"name":"wp","href":"https:\/\/api.w.org\/{rel}","templated":true}]}}