{"id":1928,"date":"2025-07-15T14:06:46","date_gmt":"2025-07-15T12:06:46","guid":{"rendered":"https:\/\/www2.ual.es\/proyecto_aecid_UAL-ENCA\/?p=1928"},"modified":"2025-07-15T14:10:22","modified_gmt":"2025-07-15T12:10:22","slug":"cooperacion-agricola-desde-almeria-a-guatemala-nueva-fase-en-la-enca","status":"publish","type":"post","link":"https:\/\/www2.ual.es\/proyecto_aecid_UAL-ENCA\/2025\/07\/15\/cooperacion-agricola-desde-almeria-a-guatemala-nueva-fase-en-la-enca\/","title":{"rendered":"Cooperaci\u00f3n agr\u00edcola desde Almer\u00eda a Guatemala: nueva fase en la ENCA"},"content":{"rendered":"\n[et_pb_section fb_built=\u00bb1&#8243; _builder_version=\u00bb4.27.4&#8243; _module_preset=\u00bbdefault\u00bb global_colors_info=\u00bb{}\u00bb][et_pb_row _builder_version=\u00bb4.27.4&#8243; _module_preset=\u00bbdefault\u00bb global_colors_info=\u00bb{}\u00bb][et_pb_column type=\u00bb4_4&#8243; _builder_version=\u00bb4.27.4&#8243; _module_preset=\u00bbdefault\u00bb global_colors_info=\u00bb{}\u00bb][et_pb_text _builder_version=\u00bb4.27.4&#8243; _module_preset=\u00bbdefault\u00bb custom_margin=\u00bb||0px||false|false\u00bb custom_padding=\u00bb||0px||false|false\u00bb link_option_url_new_window=\u00bbon\u00bb hover_enabled=\u00bb0&#8243; global_colors_info=\u00bb{}\u00bb sticky_enabled=\u00bb0&#8243;]<p><span>La Escuela Nacional Central de Agricultura (ENCA) contin\u00faa fortaleciendo su compromiso con una <strong>agricultura sostenible en Guatemala<\/strong> mediante acciones concretas de <strong>cooperaci\u00f3n agr\u00edcola internacional<\/strong>, gracias a la alianza estrat\u00e9gica con la Universidad de Almer\u00eda (UAL), la Agencia Espa\u00f1ola de Cooperaci\u00f3n Internacional para el Desarrollo (AECID) y la empresa SERCOM.<\/span><\/p>[\/et_pb_text][et_pb_image src=\u00bbhttps:\/\/www2.ual.es\/proyecto_aecid_UAL-ENCA\/wp-content\/uploads\/2025\/07\/10.jpg\u00bb title_text=\u00bb10&#8243; align=\u00bbcenter\u00bb _builder_version=\u00bb4.27.4&#8243; _module_preset=\u00bbdefault\u00bb width=\u00bb65%\u00bb global_colors_info=\u00bb{}\u00bb][\/et_pb_image][et_pb_text _builder_version=\u00bb4.27.4&#8243; _module_preset=\u00bbdefault\u00bb custom_margin=\u00bb||0px||false|false\u00bb custom_padding=\u00bb||0px||false|false\u00bb link_option_url_new_window=\u00bbon\u00bb global_colors_info=\u00bb{}\u00bb]<p><span>En el marco del proyecto <strong>\u201c<\/strong><a href=\"https:\/\/www2.ual.es\/proyecto_aecid_UAL-ENCA\/2025\/04\/14\/enca-capacitando-a-la-nueva-generacion-de-agricultores-sostenibles-en-guatemala\/\" target=\"_blank\" rel=\"noopener\"><strong>Innovaci\u00f3n Agr\u00edcola y Cooperaci\u00f3n Sur-Sur: Capacitaci\u00f3n y Tecnolog\u00eda en Invernaderos Sostenibles en Guatemala<\/strong><\/a><strong>\u201d<\/strong>, el pasado 2 de julio la ENCA recibi\u00f3 en sus instalaciones a Ignacio Rodr\u00edguez Gracia, representante de la Universidad de Almer\u00eda, y Antonio P\u00e9rez, de la empresa Agrol\u00f3gico S.A. Esta visita institucional marca un paso clave en el seguimiento del proyecto y en la implementaci\u00f3n de soluciones reales para el desarrollo y cooperaci\u00f3n agr\u00edcola de la regi\u00f3n.<\/span><\/p>\n<h4><\/h4>[\/et_pb_text][et_pb_image src=\u00bbhttps:\/\/www2.ual.es\/proyecto_aecid_UAL-ENCA\/wp-content\/uploads\/2025\/07\/6.jpg\u00bb title_text=\u00bb6&#8243; align=\u00bbcenter\u00bb _builder_version=\u00bb4.27.4&#8243; _module_preset=\u00bbdefault\u00bb width=\u00bb70%\u00bb global_colors_info=\u00bb{}\u00bb][\/et_pb_image][et_pb_text _builder_version=\u00bb4.27.4&#8243; _module_preset=\u00bbdefault\u00bb custom_margin=\u00bb||0px||false|false\u00bb custom_padding=\u00bb||0px||false|false\u00bb global_colors_info=\u00bb{}\u00bb]<p><span><\/span><\/p>\n<p><span>Uno de los puntos centrales de esta jornada fue la <strong>formalizaci\u00f3n de una donaci\u00f3n de libros acad\u00e9micos<\/strong> por parte de la UAL, destinada a enriquecer el acceso al conocimiento dentro de la comunidad educativa de la ENCA. La actividad reuni\u00f3 a miembros del Consejo Directivo, representantes del CONCOOR AMPLIADO y estudiantes de la Asociaci\u00f3n de Estudiantes de la ENCA (ADEENCA), quienes participaron tambi\u00e9n en un recorrido por el \u00e1rea de Consulados, espacio donde se instalar\u00e1n las futuras <strong>aulas invernadero modelo<\/strong>.<\/span><\/p>\n<p><span><\/span><\/p>[\/et_pb_text][et_pb_image src=\u00bbhttps:\/\/www2.ual.es\/proyecto_aecid_UAL-ENCA\/wp-content\/uploads\/2025\/07\/8.jpg\u00bb title_text=\u00bb8&#8243; align=\u00bbcenter\u00bb _builder_version=\u00bb4.27.4&#8243; _module_preset=\u00bbdefault\u00bb width=\u00bb60%\u00bb custom_margin=\u00bb||||false|false\u00bb custom_padding=\u00bb||||false|false\u00bb global_colors_info=\u00bb{}\u00bb][\/et_pb_image][et_pb_text _builder_version=\u00bb4.27.4&#8243; _module_preset=\u00bbdefault\u00bb global_colors_info=\u00bb{}\u00bb]<p><span>Estos <strong>invernaderos tecnificados<\/strong> no son simplemente estructuras f\u00edsicas: representan un salto cualitativo en la formaci\u00f3n pr\u00e1ctica de estudiantes y peque\u00f1os productores, al permitirles aprender sobre t\u00e9cnicas modernas, sostenibles y adaptadas al contexto clim\u00e1tico actual.<\/span><\/p>\n<p><span>La jornada concluy\u00f3 con un refrigerio elaborado con productos cultivados por los propios estudiantes, s\u00edmbolo de la filosof\u00eda institucional de la ENCA: <strong>\u201cAprender Haciendo\u201d<\/strong>. Esta colaboraci\u00f3n fortalece nuestras capacidades institucionales, enriquece la formaci\u00f3n de los estudiantes y nos impulsa a seguir construyendo un futuro agr\u00edcola m\u00e1s justo, tecnol\u00f3gico y resiliente para toda la regi\u00f3n guatemalteca.<\/span><\/p>[\/et_pb_text][et_pb_image src=\u00bbhttps:\/\/www2.ual.es\/proyecto_aecid_UAL-ENCA\/wp-content\/uploads\/2025\/07\/12.jpg\u00bb alt=\u00bbTecnolog\u00eda agr\u00edcola para mejorar el cultivo de uva en Cartago, Costa Rica\u00bb title_text=\u00bb12&#8243; align=\u00bbcenter\u00bb _builder_version=\u00bb4.27.4&#8243; _module_preset=\u00bbdefault\u00bb width=\u00bb70%\u00bb module_alignment=\u00bbcenter\u00bb global_colors_info=\u00bb{}\u00bb][\/et_pb_image][\/et_pb_column][\/et_pb_row][et_pb_row _builder_version=\u00bb4.27.4&#8243; _module_preset=\u00bbdefault\u00bb global_colors_info=\u00bb{}\u00bb][et_pb_column type=\u00bb4_4&#8243; _builder_version=\u00bb4.27.4&#8243; _module_preset=\u00bbdefault\u00bb global_colors_info=\u00bb{}\u00bb][et_pb_text _builder_version=\u00bb4.27.4&#8243; _module_preset=\u00bbdefault\u00bb custom_margin=\u00bb||0px||false|false\u00bb global_colors_info=\u00bb{}\u00bb]<p><strong>\u00a1<span data-teams=\"true\">Encuentra a la ENCA en redes sociales y s\u00edguenos!<\/span><\/strong><\/p>[\/et_pb_text][et_pb_social_media_follow _builder_version=\u00bb4.27.4&#8243; _module_preset=\u00bbdefault\u00bb global_colors_info=\u00bb{}\u00bb][et_pb_social_media_follow_network social_network=\u00bbfacebook\u00bb url=\u00bbhttps:\/\/www.facebook.com\/ENCAGT\u00bb _builder_version=\u00bb4.27.4&#8243; _module_preset=\u00bbdefault\u00bb background_color=\u00bb#3b5998&#8243; global_colors_info=\u00bb{}\u00bb follow_button=\u00bboff\u00bb url_new_window=\u00bbon\u00bb]facebook[\/et_pb_social_media_follow_network][et_pb_social_media_follow_network social_network=\u00bbtwitter\u00bb url=\u00bbhttps:\/\/x.com\/enca_gt\u00bb _builder_version=\u00bb4.27.4&#8243; _module_preset=\u00bbdefault\u00bb background_color=\u00bb#000000&#8243; global_colors_info=\u00bb{}\u00bb follow_button=\u00bboff\u00bb url_new_window=\u00bbon\u00bb]X[\/et_pb_social_media_follow_network][et_pb_social_media_follow_network social_network=\u00bbinstagram\u00bb url=\u00bbhttps:\/\/www.instagram.com\/enca.gt\u00bb _builder_version=\u00bb4.27.4&#8243; _module_preset=\u00bbdefault\u00bb background_color=\u00bb#E02B20&#8243; background_enable_color=\u00bbon\u00bb global_colors_info=\u00bb{}\u00bb follow_button=\u00bboff\u00bb url_new_window=\u00bbon\u00bb]instagram[\/et_pb_social_media_follow_network][et_pb_social_media_follow_network social_network=\u00bbtiktok\u00bb url=\u00bbhttps:\/\/www.tiktok.com\/@enca_gt\u00bb _builder_version=\u00bb4.27.4&#8243; _module_preset=\u00bbdefault\u00bb background_color=\u00bb#000000&#8243; background_enable_color=\u00bbon\u00bb global_colors_info=\u00bb{}\u00bb follow_button=\u00bboff\u00bb url_new_window=\u00bbon\u00bb]tiktok[\/et_pb_social_media_follow_network][\/et_pb_social_media_follow][\/et_pb_column][\/et_pb_row][\/et_pb_section]\n","protected":false},"excerpt":{"rendered":"<p>La Escuela Nacional Central de Agricultura (ENCA) contin\u00faa fortaleciendo su compromiso con una agricultura sostenible en Guatemala mediante acciones concretas de cooperaci\u00f3n agr\u00edcola internacional, gracias a la alianza estrat\u00e9gica con la Universidad de Almer\u00eda (UAL), la Agencia Espa\u00f1ola de Cooperaci\u00f3n Internacional para el Desarrollo (AECID) y la empresa SERCOM.En el marco del proyecto \u201cInnovaci\u00f3n Agr\u00edcola [&hellip;]<\/p>\n","protected":false},"author":1,"featured_media":1937,"comment_status":"closed","ping_status":"closed","sticky":false,"template":"","format":"standard","meta":{"_et_pb_use_builder":"on","_et_pb_old_content":"","_et_gb_content_width":"1080","footnotes":""},"categories":[6],"tags":[],"class_list":["post-1928","post","type-post","status-publish","format-standard","has-post-thumbnail","hentry","category-guatemala"],"yoast_head":"<!-- This site is optimized with the Yoast SEO plugin v27.4 - https:\/\/yoast.com\/product\/yoast-seo-wordpress\/ -->\n<title>Cooperaci\u00f3n agr\u00edcola desde Almer\u00eda a Guatemala: nueva fase en la ENCA - UAL-ENCA<\/title>\n<meta name=\"description\" content=\"La ENCA contin\u00faa fortaleciendo su compromiso con una agricultura sostenible en Guatemala con acciones de cooperaci\u00f3n agr\u00edcola internacional.\" \/>\n<meta name=\"robots\" content=\"index, follow, max-snippet:-1, max-image-preview:large, max-video-preview:-1\" \/>\n<link rel=\"canonical\" href=\"https:\/\/www2.ual.es\/proyecto_aecid_UAL-ENCA\/2025\/07\/15\/cooperacion-agricola-desde-almeria-a-guatemala-nueva-fase-en-la-enca\/\" \/>\n<meta property=\"og:locale\" content=\"es_ES\" \/>\n<meta property=\"og:type\" content=\"article\" \/>\n<meta property=\"og:title\" content=\"Cooperaci\u00f3n agr\u00edcola desde Almer\u00eda a Guatemala: nueva fase en la ENCA - UAL-ENCA\" \/>\n<meta property=\"og:description\" content=\"La ENCA contin\u00faa fortaleciendo su compromiso con una agricultura sostenible en Guatemala con acciones de cooperaci\u00f3n agr\u00edcola internacional.\" \/>\n<meta property=\"og:url\" content=\"https:\/\/www2.ual.es\/proyecto_aecid_UAL-ENCA\/2025\/07\/15\/cooperacion-agricola-desde-almeria-a-guatemala-nueva-fase-en-la-enca\/\" \/>\n<meta property=\"og:site_name\" content=\"UAL-ENCA\" \/>\n<meta property=\"article:publisher\" content=\"https:\/\/www.facebook.com\/colaboracion.UAL\" \/>\n<meta property=\"article:published_time\" content=\"2025-07-15T12:06:46+00:00\" \/>\n<meta property=\"article:modified_time\" content=\"2025-07-15T12:10:22+00:00\" \/>\n<meta property=\"og:image\" content=\"https:\/\/www2.ual.es\/proyecto_aecid_UAL-ENCA\/wp-content\/uploads\/2025\/07\/1.jpg\" \/>\n\t<meta property=\"og:image:width\" content=\"850\" \/>\n\t<meta property=\"og:image:height\" content=\"538\" \/>\n\t<meta property=\"og:image:type\" content=\"image\/jpeg\" \/>\n<meta name=\"author\" content=\"enca-admin\" \/>\n<meta name=\"twitter:card\" content=\"summary_large_image\" \/>\n<meta name=\"twitter:label1\" content=\"Escrito por\" \/>\n\t<meta name=\"twitter:data1\" content=\"enca-admin\" \/>\n\t<meta name=\"twitter:label2\" content=\"Tiempo de lectura\" \/>\n\t<meta name=\"twitter:data2\" content=\"3 minutos\" \/>\n<script type=\"application\/ld+json\" class=\"yoast-schema-graph\">{\"@context\":\"https:\\\/\\\/schema.org\",\"@graph\":[{\"@type\":\"Article\",\"@id\":\"https:\\\/\\\/www2.ual.es\\\/proyecto_aecid_UAL-ENCA\\\/2025\\\/07\\\/15\\\/cooperacion-agricola-desde-almeria-a-guatemala-nueva-fase-en-la-enca\\\/#article\",\"isPartOf\":{\"@id\":\"https:\\\/\\\/www2.ual.es\\\/proyecto_aecid_UAL-ENCA\\\/2025\\\/07\\\/15\\\/cooperacion-agricola-desde-almeria-a-guatemala-nueva-fase-en-la-enca\\\/\"},\"author\":{\"name\":\"enca-admin\",\"@id\":\"https:\\\/\\\/www2.ual.es\\\/proyecto_aecid_UAL-ENCA\\\/#\\\/schema\\\/person\\\/972e4dd3b6cef18cd958398d0be27f80\"},\"headline\":\"Cooperaci\u00f3n agr\u00edcola desde Almer\u00eda a Guatemala: nueva fase en la ENCA\",\"datePublished\":\"2025-07-15T12:06:46+00:00\",\"dateModified\":\"2025-07-15T12:10:22+00:00\",\"mainEntityOfPage\":{\"@id\":\"https:\\\/\\\/www2.ual.es\\\/proyecto_aecid_UAL-ENCA\\\/2025\\\/07\\\/15\\\/cooperacion-agricola-desde-almeria-a-guatemala-nueva-fase-en-la-enca\\\/\"},\"wordCount\":885,\"publisher\":{\"@id\":\"https:\\\/\\\/www2.ual.es\\\/proyecto_aecid_UAL-ENCA\\\/#organization\"},\"image\":{\"@id\":\"https:\\\/\\\/www2.ual.es\\\/proyecto_aecid_UAL-ENCA\\\/2025\\\/07\\\/15\\\/cooperacion-agricola-desde-almeria-a-guatemala-nueva-fase-en-la-enca\\\/#primaryimage\"},\"thumbnailUrl\":\"https:\\\/\\\/www2.ual.es\\\/proyecto_aecid_UAL-ENCA\\\/wp-content\\\/uploads\\\/2025\\\/07\\\/1.jpg\",\"articleSection\":[\"Guatemala\"],\"inLanguage\":\"es\"},{\"@type\":\"WebPage\",\"@id\":\"https:\\\/\\\/www2.ual.es\\\/proyecto_aecid_UAL-ENCA\\\/2025\\\/07\\\/15\\\/cooperacion-agricola-desde-almeria-a-guatemala-nueva-fase-en-la-enca\\\/\",\"url\":\"https:\\\/\\\/www2.ual.es\\\/proyecto_aecid_UAL-ENCA\\\/2025\\\/07\\\/15\\\/cooperacion-agricola-desde-almeria-a-guatemala-nueva-fase-en-la-enca\\\/\",\"name\":\"Cooperaci\u00f3n agr\u00edcola desde Almer\u00eda a Guatemala: nueva fase en la ENCA - UAL-ENCA\",\"isPartOf\":{\"@id\":\"https:\\\/\\\/www2.ual.es\\\/proyecto_aecid_UAL-ENCA\\\/#website\"},\"primaryImageOfPage\":{\"@id\":\"https:\\\/\\\/www2.ual.es\\\/proyecto_aecid_UAL-ENCA\\\/2025\\\/07\\\/15\\\/cooperacion-agricola-desde-almeria-a-guatemala-nueva-fase-en-la-enca\\\/#primaryimage\"},\"image\":{\"@id\":\"https:\\\/\\\/www2.ual.es\\\/proyecto_aecid_UAL-ENCA\\\/2025\\\/07\\\/15\\\/cooperacion-agricola-desde-almeria-a-guatemala-nueva-fase-en-la-enca\\\/#primaryimage\"},\"thumbnailUrl\":\"https:\\\/\\\/www2.ual.es\\\/proyecto_aecid_UAL-ENCA\\\/wp-content\\\/uploads\\\/2025\\\/07\\\/1.jpg\",\"datePublished\":\"2025-07-15T12:06:46+00:00\",\"dateModified\":\"2025-07-15T12:10:22+00:00\",\"description\":\"La ENCA contin\u00faa fortaleciendo su compromiso con una agricultura sostenible en Guatemala con acciones de cooperaci\u00f3n agr\u00edcola internacional.\",\"breadcrumb\":{\"@id\":\"https:\\\/\\\/www2.ual.es\\\/proyecto_aecid_UAL-ENCA\\\/2025\\\/07\\\/15\\\/cooperacion-agricola-desde-almeria-a-guatemala-nueva-fase-en-la-enca\\\/#breadcrumb\"},\"inLanguage\":\"es\",\"potentialAction\":[{\"@type\":\"ReadAction\",\"target\":[\"https:\\\/\\\/www2.ual.es\\\/proyecto_aecid_UAL-ENCA\\\/2025\\\/07\\\/15\\\/cooperacion-agricola-desde-almeria-a-guatemala-nueva-fase-en-la-enca\\\/\"]}]},{\"@type\":\"ImageObject\",\"inLanguage\":\"es\",\"@id\":\"https:\\\/\\\/www2.ual.es\\\/proyecto_aecid_UAL-ENCA\\\/2025\\\/07\\\/15\\\/cooperacion-agricola-desde-almeria-a-guatemala-nueva-fase-en-la-enca\\\/#primaryimage\",\"url\":\"https:\\\/\\\/www2.ual.es\\\/proyecto_aecid_UAL-ENCA\\\/wp-content\\\/uploads\\\/2025\\\/07\\\/1.jpg\",\"contentUrl\":\"https:\\\/\\\/www2.ual.es\\\/proyecto_aecid_UAL-ENCA\\\/wp-content\\\/uploads\\\/2025\\\/07\\\/1.jpg\",\"width\":850,\"height\":538,\"caption\":\"Tecnolog\u00eda agr\u00edcola\"},{\"@type\":\"BreadcrumbList\",\"@id\":\"https:\\\/\\\/www2.ual.es\\\/proyecto_aecid_UAL-ENCA\\\/2025\\\/07\\\/15\\\/cooperacion-agricola-desde-almeria-a-guatemala-nueva-fase-en-la-enca\\\/#breadcrumb\",\"itemListElement\":[{\"@type\":\"ListItem\",\"position\":1,\"name\":\"Portada\",\"item\":\"https:\\\/\\\/www2.ual.es\\\/proyecto_aecid_UAL-ENCA\\\/\"},{\"@type\":\"ListItem\",\"position\":2,\"name\":\"Cooperaci\u00f3n agr\u00edcola desde Almer\u00eda a Guatemala: nueva fase en la ENCA\"}]},{\"@type\":\"WebSite\",\"@id\":\"https:\\\/\\\/www2.ual.es\\\/proyecto_aecid_UAL-ENCA\\\/#website\",\"url\":\"https:\\\/\\\/www2.ual.es\\\/proyecto_aecid_UAL-ENCA\\\/\",\"name\":\"Colaboraci\u00f3n UAL\",\"description\":\"Proyecto UAL-ENCA\",\"publisher\":{\"@id\":\"https:\\\/\\\/www2.ual.es\\\/proyecto_aecid_UAL-ENCA\\\/#organization\"},\"potentialAction\":[{\"@type\":\"SearchAction\",\"target\":{\"@type\":\"EntryPoint\",\"urlTemplate\":\"https:\\\/\\\/www2.ual.es\\\/proyecto_aecid_UAL-ENCA\\\/?s={search_term_string}\"},\"query-input\":{\"@type\":\"PropertyValueSpecification\",\"valueRequired\":true,\"valueName\":\"search_term_string\"}}],\"inLanguage\":\"es\"},{\"@type\":\"Organization\",\"@id\":\"https:\\\/\\\/www2.ual.es\\\/proyecto_aecid_UAL-ENCA\\\/#organization\",\"name\":\"Colaboraci\u00f3n UAL\",\"url\":\"https:\\\/\\\/www2.ual.es\\\/proyecto_aecid_UAL-ENCA\\\/\",\"logo\":{\"@type\":\"ImageObject\",\"inLanguage\":\"es\",\"@id\":\"https:\\\/\\\/www2.ual.es\\\/proyecto_aecid_UAL-ENCA\\\/#\\\/schema\\\/logo\\\/image\\\/\",\"url\":\"https:\\\/\\\/www2.ual.es\\\/proyecto_aecid_UAL-ENCA\\\/wp-content\\\/uploads\\\/2025\\\/04\\\/cropped-logoUniversidad.png\",\"contentUrl\":\"https:\\\/\\\/www2.ual.es\\\/proyecto_aecid_UAL-ENCA\\\/wp-content\\\/uploads\\\/2025\\\/04\\\/cropped-logoUniversidad.png\",\"width\":512,\"height\":512,\"caption\":\"Colaboraci\u00f3n UAL\"},\"image\":{\"@id\":\"https:\\\/\\\/www2.ual.es\\\/proyecto_aecid_UAL-ENCA\\\/#\\\/schema\\\/logo\\\/image\\\/\"},\"sameAs\":[\"https:\\\/\\\/www.facebook.com\\\/colaboracion.UAL\",\"https:\\\/\\\/www.instagram.com\\\/colaboracion.ual\",\"https:\\\/\\\/www.tiktok.com\\\/@colaboracion.ual\"]},{\"@type\":\"Person\",\"@id\":\"https:\\\/\\\/www2.ual.es\\\/proyecto_aecid_UAL-ENCA\\\/#\\\/schema\\\/person\\\/972e4dd3b6cef18cd958398d0be27f80\",\"name\":\"enca-admin\",\"image\":{\"@type\":\"ImageObject\",\"inLanguage\":\"es\",\"@id\":\"https:\\\/\\\/secure.gravatar.com\\\/avatar\\\/d3f557e3081c5b56eb83c595e7c177c2d80c9d4a7da37300e7785e1bef6fa5fb?s=96&d=mm&r=g\",\"url\":\"https:\\\/\\\/secure.gravatar.com\\\/avatar\\\/d3f557e3081c5b56eb83c595e7c177c2d80c9d4a7da37300e7785e1bef6fa5fb?s=96&d=mm&r=g\",\"contentUrl\":\"https:\\\/\\\/secure.gravatar.com\\\/avatar\\\/d3f557e3081c5b56eb83c595e7c177c2d80c9d4a7da37300e7785e1bef6fa5fb?s=96&d=mm&r=g\",\"caption\":\"enca-admin\"},\"sameAs\":[\"http:\\\/\\\/www2.ual.es\\\/proyecto_aecid_UAL-ENCA\"],\"url\":\"https:\\\/\\\/www2.ual.es\\\/proyecto_aecid_UAL-ENCA\\\/author\\\/enca-admin\\\/\"}]}<\/script>\n<!-- \/ Yoast SEO plugin. -->","yoast_head_json":{"title":"Cooperaci\u00f3n agr\u00edcola desde Almer\u00eda a Guatemala: nueva fase en la ENCA - UAL-ENCA","description":"La ENCA contin\u00faa fortaleciendo su compromiso con una agricultura sostenible en Guatemala con acciones de cooperaci\u00f3n agr\u00edcola internacional.","robots":{"index":"index","follow":"follow","max-snippet":"max-snippet:-1","max-image-preview":"max-image-preview:large","max-video-preview":"max-video-preview:-1"},"canonical":"https:\/\/www2.ual.es\/proyecto_aecid_UAL-ENCA\/2025\/07\/15\/cooperacion-agricola-desde-almeria-a-guatemala-nueva-fase-en-la-enca\/","og_locale":"es_ES","og_type":"article","og_title":"Cooperaci\u00f3n agr\u00edcola desde Almer\u00eda a Guatemala: nueva fase en la ENCA - UAL-ENCA","og_description":"La ENCA contin\u00faa fortaleciendo su compromiso con una agricultura sostenible en Guatemala con acciones de cooperaci\u00f3n agr\u00edcola internacional.","og_url":"https:\/\/www2.ual.es\/proyecto_aecid_UAL-ENCA\/2025\/07\/15\/cooperacion-agricola-desde-almeria-a-guatemala-nueva-fase-en-la-enca\/","og_site_name":"UAL-ENCA","article_publisher":"https:\/\/www.facebook.com\/colaboracion.UAL","article_published_time":"2025-07-15T12:06:46+00:00","article_modified_time":"2025-07-15T12:10:22+00:00","og_image":[{"width":850,"height":538,"url":"https:\/\/www2.ual.es\/proyecto_aecid_UAL-ENCA\/wp-content\/uploads\/2025\/07\/1.jpg","type":"image\/jpeg"}],"author":"enca-admin","twitter_card":"summary_large_image","twitter_misc":{"Escrito por":"enca-admin","Tiempo de lectura":"3 minutos"},"schema":{"@context":"https:\/\/schema.org","@graph":[{"@type":"Article","@id":"https:\/\/www2.ual.es\/proyecto_aecid_UAL-ENCA\/2025\/07\/15\/cooperacion-agricola-desde-almeria-a-guatemala-nueva-fase-en-la-enca\/#article","isPartOf":{"@id":"https:\/\/www2.ual.es\/proyecto_aecid_UAL-ENCA\/2025\/07\/15\/cooperacion-agricola-desde-almeria-a-guatemala-nueva-fase-en-la-enca\/"},"author":{"name":"enca-admin","@id":"https:\/\/www2.ual.es\/proyecto_aecid_UAL-ENCA\/#\/schema\/person\/972e4dd3b6cef18cd958398d0be27f80"},"headline":"Cooperaci\u00f3n agr\u00edcola desde Almer\u00eda a Guatemala: nueva fase en la ENCA","datePublished":"2025-07-15T12:06:46+00:00","dateModified":"2025-07-15T12:10:22+00:00","mainEntityOfPage":{"@id":"https:\/\/www2.ual.es\/proyecto_aecid_UAL-ENCA\/2025\/07\/15\/cooperacion-agricola-desde-almeria-a-guatemala-nueva-fase-en-la-enca\/"},"wordCount":885,"publisher":{"@id":"https:\/\/www2.ual.es\/proyecto_aecid_UAL-ENCA\/#organization"},"image":{"@id":"https:\/\/www2.ual.es\/proyecto_aecid_UAL-ENCA\/2025\/07\/15\/cooperacion-agricola-desde-almeria-a-guatemala-nueva-fase-en-la-enca\/#primaryimage"},"thumbnailUrl":"https:\/\/www2.ual.es\/proyecto_aecid_UAL-ENCA\/wp-content\/uploads\/2025\/07\/1.jpg","articleSection":["Guatemala"],"inLanguage":"es"},{"@type":"WebPage","@id":"https:\/\/www2.ual.es\/proyecto_aecid_UAL-ENCA\/2025\/07\/15\/cooperacion-agricola-desde-almeria-a-guatemala-nueva-fase-en-la-enca\/","url":"https:\/\/www2.ual.es\/proyecto_aecid_UAL-ENCA\/2025\/07\/15\/cooperacion-agricola-desde-almeria-a-guatemala-nueva-fase-en-la-enca\/","name":"Cooperaci\u00f3n agr\u00edcola desde Almer\u00eda a Guatemala: nueva fase en la ENCA - UAL-ENCA","isPartOf":{"@id":"https:\/\/www2.ual.es\/proyecto_aecid_UAL-ENCA\/#website"},"primaryImageOfPage":{"@id":"https:\/\/www2.ual.es\/proyecto_aecid_UAL-ENCA\/2025\/07\/15\/cooperacion-agricola-desde-almeria-a-guatemala-nueva-fase-en-la-enca\/#primaryimage"},"image":{"@id":"https:\/\/www2.ual.es\/proyecto_aecid_UAL-ENCA\/2025\/07\/15\/cooperacion-agricola-desde-almeria-a-guatemala-nueva-fase-en-la-enca\/#primaryimage"},"thumbnailUrl":"https:\/\/www2.ual.es\/proyecto_aecid_UAL-ENCA\/wp-content\/uploads\/2025\/07\/1.jpg","datePublished":"2025-07-15T12:06:46+00:00","dateModified":"2025-07-15T12:10:22+00:00","description":"La ENCA contin\u00faa fortaleciendo su compromiso con una agricultura sostenible en Guatemala con acciones de cooperaci\u00f3n agr\u00edcola internacional.","breadcrumb":{"@id":"https:\/\/www2.ual.es\/proyecto_aecid_UAL-ENCA\/2025\/07\/15\/cooperacion-agricola-desde-almeria-a-guatemala-nueva-fase-en-la-enca\/#breadcrumb"},"inLanguage":"es","potentialAction":[{"@type":"ReadAction","target":["https:\/\/www2.ual.es\/proyecto_aecid_UAL-ENCA\/2025\/07\/15\/cooperacion-agricola-desde-almeria-a-guatemala-nueva-fase-en-la-enca\/"]}]},{"@type":"ImageObject","inLanguage":"es","@id":"https:\/\/www2.ual.es\/proyecto_aecid_UAL-ENCA\/2025\/07\/15\/cooperacion-agricola-desde-almeria-a-guatemala-nueva-fase-en-la-enca\/#primaryimage","url":"https:\/\/www2.ual.es\/proyecto_aecid_UAL-ENCA\/wp-content\/uploads\/2025\/07\/1.jpg","contentUrl":"https:\/\/www2.ual.es\/proyecto_aecid_UAL-ENCA\/wp-content\/uploads\/2025\/07\/1.jpg","width":850,"height":538,"caption":"Tecnolog\u00eda agr\u00edcola"},{"@type":"BreadcrumbList","@id":"https:\/\/www2.ual.es\/proyecto_aecid_UAL-ENCA\/2025\/07\/15\/cooperacion-agricola-desde-almeria-a-guatemala-nueva-fase-en-la-enca\/#breadcrumb","itemListElement":[{"@type":"ListItem","position":1,"name":"Portada","item":"https:\/\/www2.ual.es\/proyecto_aecid_UAL-ENCA\/"},{"@type":"ListItem","position":2,"name":"Cooperaci\u00f3n agr\u00edcola desde Almer\u00eda a Guatemala: nueva fase en la ENCA"}]},{"@type":"WebSite","@id":"https:\/\/www2.ual.es\/proyecto_aecid_UAL-ENCA\/#website","url":"https:\/\/www2.ual.es\/proyecto_aecid_UAL-ENCA\/","name":"Colaboraci\u00f3n UAL","description":"Proyecto UAL-ENCA","publisher":{"@id":"https:\/\/www2.ual.es\/proyecto_aecid_UAL-ENCA\/#organization"},"potentialAction":[{"@type":"SearchAction","target":{"@type":"EntryPoint","urlTemplate":"https:\/\/www2.ual.es\/proyecto_aecid_UAL-ENCA\/?s={search_term_string}"},"query-input":{"@type":"PropertyValueSpecification","valueRequired":true,"valueName":"search_term_string"}}],"inLanguage":"es"},{"@type":"Organization","@id":"https:\/\/www2.ual.es\/proyecto_aecid_UAL-ENCA\/#organization","name":"Colaboraci\u00f3n UAL","url":"https:\/\/www2.ual.es\/proyecto_aecid_UAL-ENCA\/","logo":{"@type":"ImageObject","inLanguage":"es","@id":"https:\/\/www2.ual.es\/proyecto_aecid_UAL-ENCA\/#\/schema\/logo\/image\/","url":"https:\/\/www2.ual.es\/proyecto_aecid_UAL-ENCA\/wp-content\/uploads\/2025\/04\/cropped-logoUniversidad.png","contentUrl":"https:\/\/www2.ual.es\/proyecto_aecid_UAL-ENCA\/wp-content\/uploads\/2025\/04\/cropped-logoUniversidad.png","width":512,"height":512,"caption":"Colaboraci\u00f3n UAL"},"image":{"@id":"https:\/\/www2.ual.es\/proyecto_aecid_UAL-ENCA\/#\/schema\/logo\/image\/"},"sameAs":["https:\/\/www.facebook.com\/colaboracion.UAL","https:\/\/www.instagram.com\/colaboracion.ual","https:\/\/www.tiktok.com\/@colaboracion.ual"]},{"@type":"Person","@id":"https:\/\/www2.ual.es\/proyecto_aecid_UAL-ENCA\/#\/schema\/person\/972e4dd3b6cef18cd958398d0be27f80","name":"enca-admin","image":{"@type":"ImageObject","inLanguage":"es","@id":"https:\/\/secure.gravatar.com\/avatar\/d3f557e3081c5b56eb83c595e7c177c2d80c9d4a7da37300e7785e1bef6fa5fb?s=96&d=mm&r=g","url":"https:\/\/secure.gravatar.com\/avatar\/d3f557e3081c5b56eb83c595e7c177c2d80c9d4a7da37300e7785e1bef6fa5fb?s=96&d=mm&r=g","contentUrl":"https:\/\/secure.gravatar.com\/avatar\/d3f557e3081c5b56eb83c595e7c177c2d80c9d4a7da37300e7785e1bef6fa5fb?s=96&d=mm&r=g","caption":"enca-admin"},"sameAs":["http:\/\/www2.ual.es\/proyecto_aecid_UAL-ENCA"],"url":"https:\/\/www2.ual.es\/proyecto_aecid_UAL-ENCA\/author\/enca-admin\/"}]}},"_links":{"self":[{"href":"https:\/\/www2.ual.es\/proyecto_aecid_UAL-ENCA\/wp-json\/wp\/v2\/posts\/1928","targetHints":{"allow":["GET"]}}],"collection":[{"href":"https:\/\/www2.ual.es\/proyecto_aecid_UAL-ENCA\/wp-json\/wp\/v2\/posts"}],"about":[{"href":"https:\/\/www2.ual.es\/proyecto_aecid_UAL-ENCA\/wp-json\/wp\/v2\/types\/post"}],"author":[{"embeddable":true,"href":"https:\/\/www2.ual.es\/proyecto_aecid_UAL-ENCA\/wp-json\/wp\/v2\/users\/1"}],"replies":[{"embeddable":true,"href":"https:\/\/www2.ual.es\/proyecto_aecid_UAL-ENCA\/wp-json\/wp\/v2\/comments?post=1928"}],"version-history":[{"count":7,"href":"https:\/\/www2.ual.es\/proyecto_aecid_UAL-ENCA\/wp-json\/wp\/v2\/posts\/1928\/revisions"}],"predecessor-version":[{"id":1971,"href":"https:\/\/www2.ual.es\/proyecto_aecid_UAL-ENCA\/wp-json\/wp\/v2\/posts\/1928\/revisions\/1971"}],"wp:featuredmedia":[{"embeddable":true,"href":"https:\/\/www2.ual.es\/proyecto_aecid_UAL-ENCA\/wp-json\/wp\/v2\/media\/1937"}],"wp:attachment":[{"href":"https:\/\/www2.ual.es\/proyecto_aecid_UAL-ENCA\/wp-json\/wp\/v2\/media?parent=1928"}],"wp:term":[{"taxonomy":"category","embeddable":true,"href":"https:\/\/www2.ual.es\/proyecto_aecid_UAL-ENCA\/wp-json\/wp\/v2\/categories?post=1928"},{"taxonomy":"post_tag","embeddable":true,"href":"https:\/\/www2.ual.es\/proyecto_aecid_UAL-ENCA\/wp-json\/wp\/v2\/tags?post=1928"}],"curies":[{"name":"wp","href":"https:\/\/api.w.org\/{rel}","templated":true}]}}