{"id":1911,"date":"2025-07-14T09:56:45","date_gmt":"2025-07-14T07:56:45","guid":{"rendered":"https:\/\/www2.ual.es\/proyecto_aecid_UAL-ENCA\/?p=1911"},"modified":"2025-07-15T14:09:49","modified_gmt":"2025-07-15T12:09:49","slug":"tecnologia-agricola-para-mejorar-el-cultivo-de-uva-en-cartago-costarica","status":"publish","type":"post","link":"https:\/\/www2.ual.es\/proyecto_aecid_UAL-ENCA\/2025\/07\/14\/tecnologia-agricola-para-mejorar-el-cultivo-de-uva-en-cartago-costarica\/","title":{"rendered":"Tecnolog\u00eda agr\u00edcola para mejorar el cultivo de uva en Cartago, Costa Rica"},"content":{"rendered":"\n[et_pb_section fb_built=\u00bb1&#8243; _builder_version=\u00bb4.27.4&#8243; _module_preset=\u00bbdefault\u00bb custom_margin=\u00bb||||false|false\u00bb custom_padding=\u00bb0px||||false|false\u00bb global_colors_info=\u00bb{}\u00bb][et_pb_row _builder_version=\u00bb4.27.4&#8243; _module_preset=\u00bbdefault\u00bb global_colors_info=\u00bb{}\u00bb][et_pb_column type=\u00bb4_4&#8243; _builder_version=\u00bb4.27.4&#8243; _module_preset=\u00bbdefault\u00bb global_colors_info=\u00bb{}\u00bb][et_pb_text _builder_version=\u00bb4.27.4&#8243; _module_preset=\u00bbdefault\u00bb custom_margin=\u00bb||0px||false|false\u00bb custom_padding=\u00bb||0px||false|false\u00bb link_option_url_new_window=\u00bbon\u00bb global_colors_info=\u00bb{}\u00bb]<p><span>El <strong>cultivo de uva en Cartago<\/strong>, Costa Rica, est\u00e1 dando un paso firme hacia la innovaci\u00f3n gracias a un proyecto que busca <strong>facilitar la adopci\u00f3n de pr\u00e1cticas tecnol\u00f3gicas avanzadas<\/strong>. El objetivo es claro: aumentar la productividad y calidad de la uva mediante un completo <strong>paquete de transferencia tecnol\u00f3gica<\/strong>, dise\u00f1ado espec\u00edficamente para el cultivo en <strong>ambiente protegido<\/strong>.<\/span><\/p>\n<p><span>Mientras se sigue avanzando en la preparaci\u00f3n de terreno e instalaciones para el desarrollo del \u201c<a href=\"https:\/\/www2.ual.es\/proyecto_aecid_UAL-ENCA\/2025\/04\/01\/empoderamiento-y-sostenibilidad-agricola-innovacion-y-cooperacion-internacional-para-un-futuro-mas-verde\/\" target=\"_blank\" rel=\"noopener\"><strong>Proyecto Empoderamiento y Sostenibilidad en la Agricultura: Desarrollo de Capacidades Institucionales y Tecnol\u00f3gicas<\/strong><\/a>\u201d el TEC sigue trabajando en m\u00faltiples <a href=\"https:\/\/www2.ual.es\/proyecto_aecid_UAL-ENCA\/2025\/06\/18\/resultados-de-los-proyectos-del-tec-innovacion-agricola-en-costa-rica\/\"><strong>proyectos como estos<\/strong><\/a>, innovando en el terreno agr\u00edcola del pa\u00eds. Os contamos m\u00e1s sobre el proyecto de <strong>Cultivo de uva en Cartago.<\/strong><\/span><\/p>\n<h4><\/h4>\n<h4><\/h4>[\/et_pb_text][et_pb_image src=\u00bbhttps:\/\/www2.ual.es\/proyecto_aecid_UAL-ENCA\/wp-content\/uploads\/2025\/07\/Tecnologia-agricola-para-mejorar-el-cultivo-de-uva-en-Cartago-Costa-Rica-1.png\u00bb title_text=\u00bbTecnolog\u00eda agr\u00edcola para mejorar el cultivo de uva en Cartago, Costa Rica\u00bb align=\u00bbcenter\u00bb _builder_version=\u00bb4.27.4&#8243; _module_preset=\u00bbdefault\u00bb width=\u00bb70%\u00bb global_colors_info=\u00bb{}\u00bb][\/et_pb_image][et_pb_text _builder_version=\u00bb4.27.4&#8243; _module_preset=\u00bbdefault\u00bb custom_margin=\u00bb||0px||false|false\u00bb custom_padding=\u00bb||0px||false|false\u00bb global_colors_info=\u00bb{}\u00bb]<p>&nbsp;<\/p>\n<h3><b>Cultivo de uva en Cartago: Un enfoque adaptado al entorno<\/b><b><\/b><\/h3>\n<p><span>Este paquete tecnol\u00f3gico se implementa considerando las condiciones geogr\u00e1ficas y clim\u00e1ticas de la regi\u00f3n, optimizando los recursos disponibles y promoviendo la capacitaci\u00f3n t\u00e9cnica de los agricultores locales. El proyecto, actualmente en marcha, se desarrolla en distintas fases que garantizan una aplicaci\u00f3n progresiva y eficiente.<\/span><span><\/span><span><\/span><\/p>\n<p><span><\/span><\/p>\n<h3><b><strong><span>Etapas del proyecto del Cultivo de uva en Cartago<\/span><\/strong><\/b><\/h3>\n<h4><\/h4>\n<h4><\/h4>[\/et_pb_text][et_pb_image src=\u00bbhttps:\/\/www2.ual.es\/proyecto_aecid_UAL-ENCA\/wp-content\/uploads\/2025\/07\/Tecnologia-agricola-para-mejorar-el-cultivo-de-uva-en-Cartago-Costa-Rica.jpg\u00bb title_text=\u00bbBlog UAL OK tama\u00f1o &#8211; 4&#8243; align=\u00bbcenter\u00bb _builder_version=\u00bb4.27.4&#8243; _module_preset=\u00bbdefault\u00bb custom_margin=\u00bb||0px||false|false\u00bb custom_padding=\u00bb||0px||false|false\u00bb global_colors_info=\u00bb{}\u00bb][\/et_pb_image][et_pb_text _builder_version=\u00bb4.27.4&#8243; _module_preset=\u00bbdefault\u00bb global_colors_info=\u00bb{}\u00bb]<h3><\/h3>\n<h4><\/h4>\n<h4><strong>1. Caracterizaci\u00f3n de las Unidades de Producci\u00f3n<\/strong><\/h4>\n<p><span>El primer paso ha sido realizar un <strong>diagn\u00f3stico detallado<\/strong> de cuatro unidades de producci\u00f3n. Se han analizado variables clave como el tama\u00f1o, ubicaci\u00f3n, clima, infraestructura y recursos humanos. Esta informaci\u00f3n permite dise\u00f1ar soluciones personalizadas y eficientes para cada productor.<\/span><\/p>\n<p><span><\/span><\/p>\n<h4><strong>2. Dise\u00f1o del Establecimiento del Cultivo<\/strong><\/h4>\n<p><span>A partir del diagn\u00f3stico, se ha creado un plan t\u00e9cnico para el <strong>establecimiento del cultivo de uva en ambiente protegido<\/strong>. Este dise\u00f1o incluye:<\/span><\/p>\n<p><span><\/span><\/p>\n<ul>\n<li style=\"list-style-type: none;\">\n<ul>\n<li><span> <\/span><span>Selecci\u00f3n de variedades de uva adaptadas a la regi\u00f3n,<\/span><\/li>\n<li><span> <\/span><span>Configuraci\u00f3n del sistema de riego,<\/span><\/li>\n<li><span> <\/span><span>Preparaci\u00f3n del suelo,<\/span><\/li>\n<li><span>Planificaci\u00f3n de la siembra.<\/span><\/li>\n<\/ul>\n<\/li>\n<\/ul>\n<h4><strong>3. Establecimiento del Cultivo de Uva<\/strong><\/h4>\n<p><span>Esta fase se ejecuta en tres etapas:<\/span><\/p>\n<p><span><\/span><\/p>\n<ul>\n<li style=\"list-style-type: none;\">\n<ul>\n<li><span> <\/span><span>Primera etapa: implementaci\u00f3n del plan de siembra con aplicaci\u00f3n de recomendaciones t\u00e9cnicas.<\/span><\/li>\n<li><span> <\/span><span>Segunda etapa: mantenimiento del cultivo, con labores como poda, fertilizaci\u00f3n, control fitosanitario y gesti\u00f3n del riego.<\/span><\/li>\n<li><span> <\/span><span>Tercera etapa: seguimiento agron\u00f3mico y ajustes progresivos en funci\u00f3n de las condiciones observadas en campo.<\/span><\/li>\n<\/ul>\n<\/li>\n<\/ul>\n<h4><strong>4. Dise\u00f1o e Implementaci\u00f3n del Plan de Monitoreo<\/strong><\/h4>\n<p><span>Se desarrolla un <strong>sistema de monitoreo integral<\/strong> para el seguimiento continuo del cultivo, que incluye herramientas como:<\/span><\/p>\n<p><span><\/span><\/p>\n<ul>\n<li style=\"list-style-type: none;\">\n<ul>\n<li><span> <\/span><span>Sensores de humedad en el suelo,<\/span><\/li>\n<li><span> <\/span><span>Estaciones meteorol\u00f3gicas para recolecci\u00f3n de datos clim\u00e1ticos.<\/span><\/li>\n<\/ul>\n<\/li>\n<\/ul>\n<p><span>Adem\u00e1s, se capacita al personal t\u00e9cnico en la interpretaci\u00f3n de los datos y en la toma de decisiones basadas en informaci\u00f3n precisa y actualizada.<\/span><\/p>\n<p><span>Este proyecto representa un <strong>avance significativo para la agricultura de precisi\u00f3n en Costa Rica<\/strong>, y marca una ruta clara para modernizar el cultivo de uva en zonas como Cartago, combinando tecnolog\u00eda, sostenibilidad y capacitaci\u00f3n.<\/span><\/p>[\/et_pb_text][et_pb_image src=\u00bbhttps:\/\/www2.ual.es\/proyecto_aecid_UAL-ENCA\/wp-content\/uploads\/2025\/07\/Tecnologia-agricola-para-mejorar-el-cultivo-de-uva-en-Cartago-Costa-Rica-4.jpg\u00bb alt=\u00bbTecnolog\u00eda agr\u00edcola para mejorar el cultivo de uva en Cartago, Costa Rica\u00bb title_text=\u00bbTecnolog\u00eda agr\u00edcola para mejorar el cultivo de uva en Cartago, Costa Rica (4)\u00bb align=\u00bbcenter\u00bb _builder_version=\u00bb4.27.4&#8243; _module_preset=\u00bbdefault\u00bb width=\u00bb70%\u00bb module_alignment=\u00bbcenter\u00bb hover_enabled=\u00bb0&#8243; global_colors_info=\u00bb{}\u00bb sticky_enabled=\u00bb0&#8243;][\/et_pb_image][\/et_pb_column][\/et_pb_row][et_pb_row _builder_version=\u00bb4.27.4&#8243; _module_preset=\u00bbdefault\u00bb global_colors_info=\u00bb{}\u00bb][et_pb_column type=\u00bb4_4&#8243; _builder_version=\u00bb4.27.4&#8243; _module_preset=\u00bbdefault\u00bb global_colors_info=\u00bb{}\u00bb][et_pb_text _builder_version=\u00bb4.27.4&#8243; _module_preset=\u00bbdefault\u00bb custom_margin=\u00bb||0px||false|false\u00bb global_colors_info=\u00bb{}\u00bb]<p><strong>\u00a1<span data-teams=\"true\">Encuentra al TEC en redes sociales y s\u00edguenos!<\/span><\/strong><\/p>[\/et_pb_text][et_pb_social_media_follow _builder_version=\u00bb4.27.4&#8243; _module_preset=\u00bbdefault\u00bb global_colors_info=\u00bb{}\u00bb][et_pb_social_media_follow_network social_network=\u00bbfacebook\u00bb url=\u00bbhttps:\/\/www.facebook.com\/tecnologicocostarica\u00bb _builder_version=\u00bb4.27.4&#8243; _module_preset=\u00bbdefault\u00bb background_color=\u00bb#3b5998&#8243; global_colors_info=\u00bb{}\u00bb follow_button=\u00bboff\u00bb url_new_window=\u00bbon\u00bb]facebook[\/et_pb_social_media_follow_network][et_pb_social_media_follow_network social_network=\u00bbtwitter\u00bb url=\u00bbhttps:\/\/x.com\/Teccr%20&#8243; _builder_version=\u00bb4.27.4&#8243; _module_preset=\u00bbdefault\u00bb background_color=\u00bb#000000&#8243; global_colors_info=\u00bb{}\u00bb follow_button=\u00bboff\u00bb url_new_window=\u00bbon\u00bb]X[\/et_pb_social_media_follow_network][et_pb_social_media_follow_network social_network=\u00bbinstagram\u00bb url=\u00bbhttps:\/\/www.instagram.com\/teccostarica\/\u00bb _builder_version=\u00bb4.27.4&#8243; _module_preset=\u00bbdefault\u00bb background_color=\u00bb#E02B20&#8243; background_enable_color=\u00bbon\u00bb global_colors_info=\u00bb{}\u00bb follow_button=\u00bboff\u00bb url_new_window=\u00bbon\u00bb]instagram[\/et_pb_social_media_follow_network][\/et_pb_social_media_follow][\/et_pb_column][\/et_pb_row][\/et_pb_section]\n","protected":false},"excerpt":{"rendered":"<p>El cultivo de uva en Cartago, Costa Rica, est\u00e1 dando un paso firme hacia la innovaci\u00f3n gracias a un proyecto que busca facilitar la adopci\u00f3n de pr\u00e1cticas tecnol\u00f3gicas avanzadas. El objetivo es claro: aumentar la productividad y calidad de la uva mediante un completo paquete de transferencia tecnol\u00f3gica, dise\u00f1ado espec\u00edficamente para el cultivo en ambiente [&hellip;]<\/p>\n","protected":false},"author":1,"featured_media":1957,"comment_status":"closed","ping_status":"closed","sticky":false,"template":"","format":"standard","meta":{"_et_pb_use_builder":"on","_et_pb_old_content":"","_et_gb_content_width":"1080","footnotes":""},"categories":[5],"tags":[],"class_list":["post-1911","post","type-post","status-publish","format-standard","has-post-thumbnail","hentry","category-costa-rica"],"yoast_head":"<!-- This site is optimized with the Yoast SEO plugin v27.4 - https:\/\/yoast.com\/product\/yoast-seo-wordpress\/ -->\n<title>Tecnolog\u00eda agr\u00edcola para mejorar el cultivo de uva en Cartago, Costa Rica - UAL-ENCA<\/title>\n<meta name=\"description\" content=\"El cultivo de uva en Cartago, Costa Rica, est\u00e1 dando un paso firme hacia la innovaci\u00f3n y tecnolog\u00eda agr\u00edcola.\" \/>\n<meta name=\"robots\" content=\"index, follow, max-snippet:-1, max-image-preview:large, max-video-preview:-1\" \/>\n<link rel=\"canonical\" href=\"https:\/\/www2.ual.es\/proyecto_aecid_UAL-ENCA\/2025\/07\/14\/tecnologia-agricola-para-mejorar-el-cultivo-de-uva-en-cartago-costarica\/\" \/>\n<meta property=\"og:locale\" content=\"es_ES\" \/>\n<meta property=\"og:type\" content=\"article\" \/>\n<meta property=\"og:title\" content=\"Tecnolog\u00eda agr\u00edcola para mejorar el cultivo de uva en Cartago, Costa Rica - UAL-ENCA\" \/>\n<meta property=\"og:description\" content=\"El cultivo de uva en Cartago, Costa Rica, est\u00e1 dando un paso firme hacia la innovaci\u00f3n y tecnolog\u00eda agr\u00edcola.\" \/>\n<meta property=\"og:url\" content=\"https:\/\/www2.ual.es\/proyecto_aecid_UAL-ENCA\/2025\/07\/14\/tecnologia-agricola-para-mejorar-el-cultivo-de-uva-en-cartago-costarica\/\" \/>\n<meta property=\"og:site_name\" content=\"UAL-ENCA\" \/>\n<meta property=\"article:publisher\" content=\"https:\/\/www.facebook.com\/colaboracion.UAL\" \/>\n<meta property=\"article:published_time\" content=\"2025-07-14T07:56:45+00:00\" \/>\n<meta property=\"article:modified_time\" content=\"2025-07-15T12:09:49+00:00\" \/>\n<meta property=\"og:image\" content=\"https:\/\/www2.ual.es\/proyecto_aecid_UAL-ENCA\/wp-content\/uploads\/2025\/07\/Tecnologia-agricola-para-mejorar-el-cultivo-de-uva-en-Cartago-Costa-Rica-3-2.jpg\" \/>\n\t<meta property=\"og:image:width\" content=\"850\" \/>\n\t<meta property=\"og:image:height\" content=\"567\" \/>\n\t<meta property=\"og:image:type\" content=\"image\/jpeg\" \/>\n<meta name=\"author\" content=\"enca-admin\" \/>\n<meta name=\"twitter:card\" content=\"summary_large_image\" \/>\n<meta name=\"twitter:label1\" content=\"Escrito por\" \/>\n\t<meta name=\"twitter:data1\" content=\"enca-admin\" \/>\n\t<meta name=\"twitter:label2\" content=\"Tiempo de lectura\" \/>\n\t<meta name=\"twitter:data2\" content=\"3 minutos\" \/>\n<script type=\"application\/ld+json\" class=\"yoast-schema-graph\">{\"@context\":\"https:\\\/\\\/schema.org\",\"@graph\":[{\"@type\":\"Article\",\"@id\":\"https:\\\/\\\/www2.ual.es\\\/proyecto_aecid_UAL-ENCA\\\/2025\\\/07\\\/14\\\/tecnologia-agricola-para-mejorar-el-cultivo-de-uva-en-cartago-costarica\\\/#article\",\"isPartOf\":{\"@id\":\"https:\\\/\\\/www2.ual.es\\\/proyecto_aecid_UAL-ENCA\\\/2025\\\/07\\\/14\\\/tecnologia-agricola-para-mejorar-el-cultivo-de-uva-en-cartago-costarica\\\/\"},\"author\":{\"name\":\"enca-admin\",\"@id\":\"https:\\\/\\\/www2.ual.es\\\/proyecto_aecid_UAL-ENCA\\\/#\\\/schema\\\/person\\\/972e4dd3b6cef18cd958398d0be27f80\"},\"headline\":\"Tecnolog\u00eda agr\u00edcola para mejorar el cultivo de uva en Cartago, Costa Rica\",\"datePublished\":\"2025-07-14T07:56:45+00:00\",\"dateModified\":\"2025-07-15T12:09:49+00:00\",\"mainEntityOfPage\":{\"@id\":\"https:\\\/\\\/www2.ual.es\\\/proyecto_aecid_UAL-ENCA\\\/2025\\\/07\\\/14\\\/tecnologia-agricola-para-mejorar-el-cultivo-de-uva-en-cartago-costarica\\\/\"},\"wordCount\":968,\"publisher\":{\"@id\":\"https:\\\/\\\/www2.ual.es\\\/proyecto_aecid_UAL-ENCA\\\/#organization\"},\"image\":{\"@id\":\"https:\\\/\\\/www2.ual.es\\\/proyecto_aecid_UAL-ENCA\\\/2025\\\/07\\\/14\\\/tecnologia-agricola-para-mejorar-el-cultivo-de-uva-en-cartago-costarica\\\/#primaryimage\"},\"thumbnailUrl\":\"https:\\\/\\\/www2.ual.es\\\/proyecto_aecid_UAL-ENCA\\\/wp-content\\\/uploads\\\/2025\\\/07\\\/Tecnologia-agricola-para-mejorar-el-cultivo-de-uva-en-Cartago-Costa-Rica-3-2.jpg\",\"articleSection\":[\"Costa Rica\"],\"inLanguage\":\"es\"},{\"@type\":\"WebPage\",\"@id\":\"https:\\\/\\\/www2.ual.es\\\/proyecto_aecid_UAL-ENCA\\\/2025\\\/07\\\/14\\\/tecnologia-agricola-para-mejorar-el-cultivo-de-uva-en-cartago-costarica\\\/\",\"url\":\"https:\\\/\\\/www2.ual.es\\\/proyecto_aecid_UAL-ENCA\\\/2025\\\/07\\\/14\\\/tecnologia-agricola-para-mejorar-el-cultivo-de-uva-en-cartago-costarica\\\/\",\"name\":\"Tecnolog\u00eda agr\u00edcola para mejorar el cultivo de uva en Cartago, Costa Rica - UAL-ENCA\",\"isPartOf\":{\"@id\":\"https:\\\/\\\/www2.ual.es\\\/proyecto_aecid_UAL-ENCA\\\/#website\"},\"primaryImageOfPage\":{\"@id\":\"https:\\\/\\\/www2.ual.es\\\/proyecto_aecid_UAL-ENCA\\\/2025\\\/07\\\/14\\\/tecnologia-agricola-para-mejorar-el-cultivo-de-uva-en-cartago-costarica\\\/#primaryimage\"},\"image\":{\"@id\":\"https:\\\/\\\/www2.ual.es\\\/proyecto_aecid_UAL-ENCA\\\/2025\\\/07\\\/14\\\/tecnologia-agricola-para-mejorar-el-cultivo-de-uva-en-cartago-costarica\\\/#primaryimage\"},\"thumbnailUrl\":\"https:\\\/\\\/www2.ual.es\\\/proyecto_aecid_UAL-ENCA\\\/wp-content\\\/uploads\\\/2025\\\/07\\\/Tecnologia-agricola-para-mejorar-el-cultivo-de-uva-en-Cartago-Costa-Rica-3-2.jpg\",\"datePublished\":\"2025-07-14T07:56:45+00:00\",\"dateModified\":\"2025-07-15T12:09:49+00:00\",\"description\":\"El cultivo de uva en Cartago, Costa Rica, est\u00e1 dando un paso firme hacia la innovaci\u00f3n y tecnolog\u00eda agr\u00edcola.\",\"breadcrumb\":{\"@id\":\"https:\\\/\\\/www2.ual.es\\\/proyecto_aecid_UAL-ENCA\\\/2025\\\/07\\\/14\\\/tecnologia-agricola-para-mejorar-el-cultivo-de-uva-en-cartago-costarica\\\/#breadcrumb\"},\"inLanguage\":\"es\",\"potentialAction\":[{\"@type\":\"ReadAction\",\"target\":[\"https:\\\/\\\/www2.ual.es\\\/proyecto_aecid_UAL-ENCA\\\/2025\\\/07\\\/14\\\/tecnologia-agricola-para-mejorar-el-cultivo-de-uva-en-cartago-costarica\\\/\"]}]},{\"@type\":\"ImageObject\",\"inLanguage\":\"es\",\"@id\":\"https:\\\/\\\/www2.ual.es\\\/proyecto_aecid_UAL-ENCA\\\/2025\\\/07\\\/14\\\/tecnologia-agricola-para-mejorar-el-cultivo-de-uva-en-cartago-costarica\\\/#primaryimage\",\"url\":\"https:\\\/\\\/www2.ual.es\\\/proyecto_aecid_UAL-ENCA\\\/wp-content\\\/uploads\\\/2025\\\/07\\\/Tecnologia-agricola-para-mejorar-el-cultivo-de-uva-en-Cartago-Costa-Rica-3-2.jpg\",\"contentUrl\":\"https:\\\/\\\/www2.ual.es\\\/proyecto_aecid_UAL-ENCA\\\/wp-content\\\/uploads\\\/2025\\\/07\\\/Tecnologia-agricola-para-mejorar-el-cultivo-de-uva-en-Cartago-Costa-Rica-3-2.jpg\",\"width\":850,\"height\":567,\"caption\":\"tecnolog\u00eda agr\u00edcola\"},{\"@type\":\"BreadcrumbList\",\"@id\":\"https:\\\/\\\/www2.ual.es\\\/proyecto_aecid_UAL-ENCA\\\/2025\\\/07\\\/14\\\/tecnologia-agricola-para-mejorar-el-cultivo-de-uva-en-cartago-costarica\\\/#breadcrumb\",\"itemListElement\":[{\"@type\":\"ListItem\",\"position\":1,\"name\":\"Portada\",\"item\":\"https:\\\/\\\/www2.ual.es\\\/proyecto_aecid_UAL-ENCA\\\/\"},{\"@type\":\"ListItem\",\"position\":2,\"name\":\"Tecnolog\u00eda agr\u00edcola para mejorar el cultivo de uva en Cartago, Costa Rica\"}]},{\"@type\":\"WebSite\",\"@id\":\"https:\\\/\\\/www2.ual.es\\\/proyecto_aecid_UAL-ENCA\\\/#website\",\"url\":\"https:\\\/\\\/www2.ual.es\\\/proyecto_aecid_UAL-ENCA\\\/\",\"name\":\"Colaboraci\u00f3n UAL\",\"description\":\"Proyecto UAL-ENCA\",\"publisher\":{\"@id\":\"https:\\\/\\\/www2.ual.es\\\/proyecto_aecid_UAL-ENCA\\\/#organization\"},\"potentialAction\":[{\"@type\":\"SearchAction\",\"target\":{\"@type\":\"EntryPoint\",\"urlTemplate\":\"https:\\\/\\\/www2.ual.es\\\/proyecto_aecid_UAL-ENCA\\\/?s={search_term_string}\"},\"query-input\":{\"@type\":\"PropertyValueSpecification\",\"valueRequired\":true,\"valueName\":\"search_term_string\"}}],\"inLanguage\":\"es\"},{\"@type\":\"Organization\",\"@id\":\"https:\\\/\\\/www2.ual.es\\\/proyecto_aecid_UAL-ENCA\\\/#organization\",\"name\":\"Colaboraci\u00f3n UAL\",\"url\":\"https:\\\/\\\/www2.ual.es\\\/proyecto_aecid_UAL-ENCA\\\/\",\"logo\":{\"@type\":\"ImageObject\",\"inLanguage\":\"es\",\"@id\":\"https:\\\/\\\/www2.ual.es\\\/proyecto_aecid_UAL-ENCA\\\/#\\\/schema\\\/logo\\\/image\\\/\",\"url\":\"https:\\\/\\\/www2.ual.es\\\/proyecto_aecid_UAL-ENCA\\\/wp-content\\\/uploads\\\/2025\\\/04\\\/cropped-logoUniversidad.png\",\"contentUrl\":\"https:\\\/\\\/www2.ual.es\\\/proyecto_aecid_UAL-ENCA\\\/wp-content\\\/uploads\\\/2025\\\/04\\\/cropped-logoUniversidad.png\",\"width\":512,\"height\":512,\"caption\":\"Colaboraci\u00f3n UAL\"},\"image\":{\"@id\":\"https:\\\/\\\/www2.ual.es\\\/proyecto_aecid_UAL-ENCA\\\/#\\\/schema\\\/logo\\\/image\\\/\"},\"sameAs\":[\"https:\\\/\\\/www.facebook.com\\\/colaboracion.UAL\",\"https:\\\/\\\/www.instagram.com\\\/colaboracion.ual\",\"https:\\\/\\\/www.tiktok.com\\\/@colaboracion.ual\"]},{\"@type\":\"Person\",\"@id\":\"https:\\\/\\\/www2.ual.es\\\/proyecto_aecid_UAL-ENCA\\\/#\\\/schema\\\/person\\\/972e4dd3b6cef18cd958398d0be27f80\",\"name\":\"enca-admin\",\"image\":{\"@type\":\"ImageObject\",\"inLanguage\":\"es\",\"@id\":\"https:\\\/\\\/secure.gravatar.com\\\/avatar\\\/d3f557e3081c5b56eb83c595e7c177c2d80c9d4a7da37300e7785e1bef6fa5fb?s=96&d=mm&r=g\",\"url\":\"https:\\\/\\\/secure.gravatar.com\\\/avatar\\\/d3f557e3081c5b56eb83c595e7c177c2d80c9d4a7da37300e7785e1bef6fa5fb?s=96&d=mm&r=g\",\"contentUrl\":\"https:\\\/\\\/secure.gravatar.com\\\/avatar\\\/d3f557e3081c5b56eb83c595e7c177c2d80c9d4a7da37300e7785e1bef6fa5fb?s=96&d=mm&r=g\",\"caption\":\"enca-admin\"},\"sameAs\":[\"http:\\\/\\\/www2.ual.es\\\/proyecto_aecid_UAL-ENCA\"],\"url\":\"https:\\\/\\\/www2.ual.es\\\/proyecto_aecid_UAL-ENCA\\\/author\\\/enca-admin\\\/\"}]}<\/script>\n<!-- \/ Yoast SEO plugin. -->","yoast_head_json":{"title":"Tecnolog\u00eda agr\u00edcola para mejorar el cultivo de uva en Cartago, Costa Rica - UAL-ENCA","description":"El cultivo de uva en Cartago, Costa Rica, est\u00e1 dando un paso firme hacia la innovaci\u00f3n y tecnolog\u00eda agr\u00edcola.","robots":{"index":"index","follow":"follow","max-snippet":"max-snippet:-1","max-image-preview":"max-image-preview:large","max-video-preview":"max-video-preview:-1"},"canonical":"https:\/\/www2.ual.es\/proyecto_aecid_UAL-ENCA\/2025\/07\/14\/tecnologia-agricola-para-mejorar-el-cultivo-de-uva-en-cartago-costarica\/","og_locale":"es_ES","og_type":"article","og_title":"Tecnolog\u00eda agr\u00edcola para mejorar el cultivo de uva en Cartago, Costa Rica - UAL-ENCA","og_description":"El cultivo de uva en Cartago, Costa Rica, est\u00e1 dando un paso firme hacia la innovaci\u00f3n y tecnolog\u00eda agr\u00edcola.","og_url":"https:\/\/www2.ual.es\/proyecto_aecid_UAL-ENCA\/2025\/07\/14\/tecnologia-agricola-para-mejorar-el-cultivo-de-uva-en-cartago-costarica\/","og_site_name":"UAL-ENCA","article_publisher":"https:\/\/www.facebook.com\/colaboracion.UAL","article_published_time":"2025-07-14T07:56:45+00:00","article_modified_time":"2025-07-15T12:09:49+00:00","og_image":[{"width":850,"height":567,"url":"https:\/\/www2.ual.es\/proyecto_aecid_UAL-ENCA\/wp-content\/uploads\/2025\/07\/Tecnologia-agricola-para-mejorar-el-cultivo-de-uva-en-Cartago-Costa-Rica-3-2.jpg","type":"image\/jpeg"}],"author":"enca-admin","twitter_card":"summary_large_image","twitter_misc":{"Escrito por":"enca-admin","Tiempo de lectura":"3 minutos"},"schema":{"@context":"https:\/\/schema.org","@graph":[{"@type":"Article","@id":"https:\/\/www2.ual.es\/proyecto_aecid_UAL-ENCA\/2025\/07\/14\/tecnologia-agricola-para-mejorar-el-cultivo-de-uva-en-cartago-costarica\/#article","isPartOf":{"@id":"https:\/\/www2.ual.es\/proyecto_aecid_UAL-ENCA\/2025\/07\/14\/tecnologia-agricola-para-mejorar-el-cultivo-de-uva-en-cartago-costarica\/"},"author":{"name":"enca-admin","@id":"https:\/\/www2.ual.es\/proyecto_aecid_UAL-ENCA\/#\/schema\/person\/972e4dd3b6cef18cd958398d0be27f80"},"headline":"Tecnolog\u00eda agr\u00edcola para mejorar el cultivo de uva en Cartago, Costa Rica","datePublished":"2025-07-14T07:56:45+00:00","dateModified":"2025-07-15T12:09:49+00:00","mainEntityOfPage":{"@id":"https:\/\/www2.ual.es\/proyecto_aecid_UAL-ENCA\/2025\/07\/14\/tecnologia-agricola-para-mejorar-el-cultivo-de-uva-en-cartago-costarica\/"},"wordCount":968,"publisher":{"@id":"https:\/\/www2.ual.es\/proyecto_aecid_UAL-ENCA\/#organization"},"image":{"@id":"https:\/\/www2.ual.es\/proyecto_aecid_UAL-ENCA\/2025\/07\/14\/tecnologia-agricola-para-mejorar-el-cultivo-de-uva-en-cartago-costarica\/#primaryimage"},"thumbnailUrl":"https:\/\/www2.ual.es\/proyecto_aecid_UAL-ENCA\/wp-content\/uploads\/2025\/07\/Tecnologia-agricola-para-mejorar-el-cultivo-de-uva-en-Cartago-Costa-Rica-3-2.jpg","articleSection":["Costa Rica"],"inLanguage":"es"},{"@type":"WebPage","@id":"https:\/\/www2.ual.es\/proyecto_aecid_UAL-ENCA\/2025\/07\/14\/tecnologia-agricola-para-mejorar-el-cultivo-de-uva-en-cartago-costarica\/","url":"https:\/\/www2.ual.es\/proyecto_aecid_UAL-ENCA\/2025\/07\/14\/tecnologia-agricola-para-mejorar-el-cultivo-de-uva-en-cartago-costarica\/","name":"Tecnolog\u00eda agr\u00edcola para mejorar el cultivo de uva en Cartago, Costa Rica - UAL-ENCA","isPartOf":{"@id":"https:\/\/www2.ual.es\/proyecto_aecid_UAL-ENCA\/#website"},"primaryImageOfPage":{"@id":"https:\/\/www2.ual.es\/proyecto_aecid_UAL-ENCA\/2025\/07\/14\/tecnologia-agricola-para-mejorar-el-cultivo-de-uva-en-cartago-costarica\/#primaryimage"},"image":{"@id":"https:\/\/www2.ual.es\/proyecto_aecid_UAL-ENCA\/2025\/07\/14\/tecnologia-agricola-para-mejorar-el-cultivo-de-uva-en-cartago-costarica\/#primaryimage"},"thumbnailUrl":"https:\/\/www2.ual.es\/proyecto_aecid_UAL-ENCA\/wp-content\/uploads\/2025\/07\/Tecnologia-agricola-para-mejorar-el-cultivo-de-uva-en-Cartago-Costa-Rica-3-2.jpg","datePublished":"2025-07-14T07:56:45+00:00","dateModified":"2025-07-15T12:09:49+00:00","description":"El cultivo de uva en Cartago, Costa Rica, est\u00e1 dando un paso firme hacia la innovaci\u00f3n y tecnolog\u00eda agr\u00edcola.","breadcrumb":{"@id":"https:\/\/www2.ual.es\/proyecto_aecid_UAL-ENCA\/2025\/07\/14\/tecnologia-agricola-para-mejorar-el-cultivo-de-uva-en-cartago-costarica\/#breadcrumb"},"inLanguage":"es","potentialAction":[{"@type":"ReadAction","target":["https:\/\/www2.ual.es\/proyecto_aecid_UAL-ENCA\/2025\/07\/14\/tecnologia-agricola-para-mejorar-el-cultivo-de-uva-en-cartago-costarica\/"]}]},{"@type":"ImageObject","inLanguage":"es","@id":"https:\/\/www2.ual.es\/proyecto_aecid_UAL-ENCA\/2025\/07\/14\/tecnologia-agricola-para-mejorar-el-cultivo-de-uva-en-cartago-costarica\/#primaryimage","url":"https:\/\/www2.ual.es\/proyecto_aecid_UAL-ENCA\/wp-content\/uploads\/2025\/07\/Tecnologia-agricola-para-mejorar-el-cultivo-de-uva-en-Cartago-Costa-Rica-3-2.jpg","contentUrl":"https:\/\/www2.ual.es\/proyecto_aecid_UAL-ENCA\/wp-content\/uploads\/2025\/07\/Tecnologia-agricola-para-mejorar-el-cultivo-de-uva-en-Cartago-Costa-Rica-3-2.jpg","width":850,"height":567,"caption":"tecnolog\u00eda agr\u00edcola"},{"@type":"BreadcrumbList","@id":"https:\/\/www2.ual.es\/proyecto_aecid_UAL-ENCA\/2025\/07\/14\/tecnologia-agricola-para-mejorar-el-cultivo-de-uva-en-cartago-costarica\/#breadcrumb","itemListElement":[{"@type":"ListItem","position":1,"name":"Portada","item":"https:\/\/www2.ual.es\/proyecto_aecid_UAL-ENCA\/"},{"@type":"ListItem","position":2,"name":"Tecnolog\u00eda agr\u00edcola para mejorar el cultivo de uva en Cartago, Costa Rica"}]},{"@type":"WebSite","@id":"https:\/\/www2.ual.es\/proyecto_aecid_UAL-ENCA\/#website","url":"https:\/\/www2.ual.es\/proyecto_aecid_UAL-ENCA\/","name":"Colaboraci\u00f3n UAL","description":"Proyecto UAL-ENCA","publisher":{"@id":"https:\/\/www2.ual.es\/proyecto_aecid_UAL-ENCA\/#organization"},"potentialAction":[{"@type":"SearchAction","target":{"@type":"EntryPoint","urlTemplate":"https:\/\/www2.ual.es\/proyecto_aecid_UAL-ENCA\/?s={search_term_string}"},"query-input":{"@type":"PropertyValueSpecification","valueRequired":true,"valueName":"search_term_string"}}],"inLanguage":"es"},{"@type":"Organization","@id":"https:\/\/www2.ual.es\/proyecto_aecid_UAL-ENCA\/#organization","name":"Colaboraci\u00f3n UAL","url":"https:\/\/www2.ual.es\/proyecto_aecid_UAL-ENCA\/","logo":{"@type":"ImageObject","inLanguage":"es","@id":"https:\/\/www2.ual.es\/proyecto_aecid_UAL-ENCA\/#\/schema\/logo\/image\/","url":"https:\/\/www2.ual.es\/proyecto_aecid_UAL-ENCA\/wp-content\/uploads\/2025\/04\/cropped-logoUniversidad.png","contentUrl":"https:\/\/www2.ual.es\/proyecto_aecid_UAL-ENCA\/wp-content\/uploads\/2025\/04\/cropped-logoUniversidad.png","width":512,"height":512,"caption":"Colaboraci\u00f3n UAL"},"image":{"@id":"https:\/\/www2.ual.es\/proyecto_aecid_UAL-ENCA\/#\/schema\/logo\/image\/"},"sameAs":["https:\/\/www.facebook.com\/colaboracion.UAL","https:\/\/www.instagram.com\/colaboracion.ual","https:\/\/www.tiktok.com\/@colaboracion.ual"]},{"@type":"Person","@id":"https:\/\/www2.ual.es\/proyecto_aecid_UAL-ENCA\/#\/schema\/person\/972e4dd3b6cef18cd958398d0be27f80","name":"enca-admin","image":{"@type":"ImageObject","inLanguage":"es","@id":"https:\/\/secure.gravatar.com\/avatar\/d3f557e3081c5b56eb83c595e7c177c2d80c9d4a7da37300e7785e1bef6fa5fb?s=96&d=mm&r=g","url":"https:\/\/secure.gravatar.com\/avatar\/d3f557e3081c5b56eb83c595e7c177c2d80c9d4a7da37300e7785e1bef6fa5fb?s=96&d=mm&r=g","contentUrl":"https:\/\/secure.gravatar.com\/avatar\/d3f557e3081c5b56eb83c595e7c177c2d80c9d4a7da37300e7785e1bef6fa5fb?s=96&d=mm&r=g","caption":"enca-admin"},"sameAs":["http:\/\/www2.ual.es\/proyecto_aecid_UAL-ENCA"],"url":"https:\/\/www2.ual.es\/proyecto_aecid_UAL-ENCA\/author\/enca-admin\/"}]}},"_links":{"self":[{"href":"https:\/\/www2.ual.es\/proyecto_aecid_UAL-ENCA\/wp-json\/wp\/v2\/posts\/1911","targetHints":{"allow":["GET"]}}],"collection":[{"href":"https:\/\/www2.ual.es\/proyecto_aecid_UAL-ENCA\/wp-json\/wp\/v2\/posts"}],"about":[{"href":"https:\/\/www2.ual.es\/proyecto_aecid_UAL-ENCA\/wp-json\/wp\/v2\/types\/post"}],"author":[{"embeddable":true,"href":"https:\/\/www2.ual.es\/proyecto_aecid_UAL-ENCA\/wp-json\/wp\/v2\/users\/1"}],"replies":[{"embeddable":true,"href":"https:\/\/www2.ual.es\/proyecto_aecid_UAL-ENCA\/wp-json\/wp\/v2\/comments?post=1911"}],"version-history":[{"count":14,"href":"https:\/\/www2.ual.es\/proyecto_aecid_UAL-ENCA\/wp-json\/wp\/v2\/posts\/1911\/revisions"}],"predecessor-version":[{"id":1972,"href":"https:\/\/www2.ual.es\/proyecto_aecid_UAL-ENCA\/wp-json\/wp\/v2\/posts\/1911\/revisions\/1972"}],"wp:featuredmedia":[{"embeddable":true,"href":"https:\/\/www2.ual.es\/proyecto_aecid_UAL-ENCA\/wp-json\/wp\/v2\/media\/1957"}],"wp:attachment":[{"href":"https:\/\/www2.ual.es\/proyecto_aecid_UAL-ENCA\/wp-json\/wp\/v2\/media?parent=1911"}],"wp:term":[{"taxonomy":"category","embeddable":true,"href":"https:\/\/www2.ual.es\/proyecto_aecid_UAL-ENCA\/wp-json\/wp\/v2\/categories?post=1911"},{"taxonomy":"post_tag","embeddable":true,"href":"https:\/\/www2.ual.es\/proyecto_aecid_UAL-ENCA\/wp-json\/wp\/v2\/tags?post=1911"}],"curies":[{"name":"wp","href":"https:\/\/api.w.org\/{rel}","templated":true}]}}