{"id":1899,"date":"2025-07-02T08:16:39","date_gmt":"2025-07-02T06:16:39","guid":{"rendered":"https:\/\/www2.ual.es\/proyecto_aecid_UAL-ENCA\/?p=1899"},"modified":"2025-07-02T13:18:34","modified_gmt":"2025-07-02T11:18:34","slug":"aula-invernadero-tec-ual-alianza-de-cooperacion-internacional","status":"publish","type":"post","link":"https:\/\/www2.ual.es\/proyecto_aecid_UAL-ENCA\/2025\/07\/02\/aula-invernadero-tec-ual-alianza-de-cooperacion-internacional\/","title":{"rendered":"Aula invernadero TEC\u2013UAL: alianza de cooperaci\u00f3n internacional"},"content":{"rendered":"\n[et_pb_section fb_built=\u00bb1&#8243; _builder_version=\u00bb4.27.4&#8243; _module_preset=\u00bbdefault\u00bb custom_padding=\u00bb0px||||false|false\u00bb global_colors_info=\u00bb{}\u00bb][et_pb_row _builder_version=\u00bb4.27.4&#8243; _module_preset=\u00bbdefault\u00bb global_colors_info=\u00bb{}\u00bb][et_pb_column type=\u00bb4_4&#8243; _builder_version=\u00bb4.27.4&#8243; _module_preset=\u00bbdefault\u00bb global_colors_info=\u00bb{}\u00bb][et_pb_text _builder_version=\u00bb4.27.4&#8243; _module_preset=\u00bbdefault\u00bb global_colors_info=\u00bb{}\u00bb]<p><span style=\"font-weight: 400;\">En los \u00faltimos a\u00f1os, distintos <a href=\"https:\/\/www2.ual.es\/proyecto_aecid_UAL-ENCA\/2025\/06\/18\/resultados-de-los-proyectos-del-tec-innovacion-agricola-en-costa-rica\/\" target=\"_blank\" rel=\"noopener\"><strong>proyectos impulsados por el<\/strong><\/a><\/span><a href=\"https:\/\/www2.ual.es\/proyecto_aecid_UAL-ENCA\/2025\/06\/18\/resultados-de-los-proyectos-del-tec-innovacion-agricola-en-costa-rica\/\" target=\"_blank\" rel=\"noopener\"><b> Tecnol\u00f3gico de Costa Rica (TEC) <\/b><\/a><span style=\"font-weight: 400;\">han demostrado que la innovaci\u00f3n agr\u00edcola no es cosa del futuro, sino del presente. Ahora, con el respaldo de la <\/span><b>Universidad de Almer\u00eda (UAL)<\/b><span style=\"font-weight: 400;\"> y SERCOM, nace una nueva propuesta internacional: el Aula Invernadero, que funcionar\u00e1 como espacio de formaci\u00f3n, pr\u00e1ctica y validaci\u00f3n de tecnolog\u00edas aplicadas a la horticultura.<\/span><\/p>\n<h2><b>\u00bfQu\u00e9 incluye el proyecto Aula Invernadero de Emprendimiento y Sostenibilidad en la Agricultura?<\/b><\/h2>\n<p><span style=\"font-weight: 400;\">El proyecto \u201c<\/span><b>Empoderamiento y Sostenibilidad en la Agricultura: Desarrollo de Capacidades Institucionales y Tecnol\u00f3gicas\u201d <\/b><span style=\"font-weight: 400;\">contempla la construcci\u00f3n de un invernadero adaptado al entorno local, la instalaci\u00f3n de un sistema de riego localizado, colocaci\u00f3n de pl\u00e1stico mulch para control de malezas, un sistema de nebulizaci\u00f3n para regular el microclima, y la siembra y seguimiento de cultivos hort\u00edcolas. Adem\u00e1s de funcionar como espacio educativo, permitir\u00e1 validar tecnolog\u00edas de bajo costo y comparar pr\u00e1cticas entre contextos productivos.<\/span><\/p>\n<p><span style=\"font-weight: 400;\"><strong>El TEC lidera el proyecto en Costa Rica<\/strong> con su experiencia en innovaci\u00f3n agr\u00edcola, desarrollo de sensores y vinculaci\u00f3n con productores. La <strong>UAL<\/strong> aporta su conocimiento t\u00e9cnico en fertirriego, producci\u00f3n hort\u00edcola intensiva y formaci\u00f3n internacional. Por su lado <strong>SERCOM<\/strong> se encarga del equipamiento y automatizaci\u00f3n, con una amplia trayectoria en invernaderos tecnol\u00f3gicos.<\/span><\/p>\n<h2><b>Proyectos anteriores del TEC que sientan las bases<\/b><\/h2>\n<p><span style=\"font-weight: 400;\">Esta nueva aula se apoya en el camino recorrido por varios <\/span><b>proyectos desarrollados por el TEC<\/b> <span style=\"font-weight: 400;\">anteriormente. Iniciativas como <\/span><b>AGRINNOVACI\u00d3N 4.0<\/b><span style=\"font-weight: 400;\">, donde se implementaron sensores de humedad y fertirriego en invernaderos peque\u00f1os, o el desarrollo del sensor <\/span><b>EDANA<\/b><span style=\"font-weight: 400;\">, que permite automatizar el riego con tecnolog\u00eda de bajo costo, ya han demostrado que es posible aplicar soluciones t\u00e9cnicas a escala local.<\/span><\/p>\n<p><span style=\"font-weight: 400;\">Tambi\u00e9n se han evaluado combinaciones de <\/span><b>biochar y compost con riego automatizado<\/b><span style=\"font-weight: 400;\">, y se han llevado a cabo programas de <\/span><b>formaci\u00f3n para j\u00f3venes agricultores en agricultura digital<\/b><span style=\"font-weight: 400;\">, uso de drones, georreferenciaci\u00f3n y an\u00e1lisis de suelos. Todos estos elementos \u2014riego eficiente, monitoreo, innovaci\u00f3n y formaci\u00f3n\u2014 son precisamente los pilares que ahora se integran de forma estructurada en esta nueva iniciativa internacional.<\/span><\/p>\n<p><span style=\"font-weight: 400;\">Ahora, vamos un paso m\u00e1s all\u00e1 en este proyecto de cooperaci\u00f3n internacional. Este Aula Invernadero no solo ser\u00e1 un espacio f\u00edsico, sino una oportunidad concreta para que estudiantes, t\u00e9cnicos y productores puedan aprender haciendo, comparar tecnolog\u00edas y mejorar pr\u00e1cticas. Al unir experiencia local con conocimiento internacional, el <\/span><b>TEC, la UAL y SERCOM<\/b><span style=\"font-weight: 400;\"> demuestran que la cooperaci\u00f3n bien planteada puede acelerar la transici\u00f3n hacia una agricultura m\u00e1s eficiente, sostenible y adaptada a los retos actuales.<\/span><\/p>[\/et_pb_text][\/et_pb_column][\/et_pb_row][et_pb_row _builder_version=\u00bb4.27.4&#8243; _module_preset=\u00bbdefault\u00bb global_colors_info=\u00bb{}\u00bb][et_pb_column type=\u00bb4_4&#8243; _builder_version=\u00bb4.27.4&#8243; _module_preset=\u00bbdefault\u00bb global_colors_info=\u00bb{}\u00bb][et_pb_image src=\u00bbhttps:\/\/www2.ual.es\/proyecto_aecid_UAL-ENCA\/wp-content\/uploads\/2025\/06\/Intercambio-academico-para-la-sostenibilidad-entre-el-TEC-y-ENCA-2.jpg\u00bb alt=\u00bbIntercambio acade\u0301mico para la sostenibilidad entre el TEC y ENCA 2&#8243; title_text=\u00bbIntercambio acade\u0301mico para la sostenibilidad entre el TEC y ENCA 2&#8243; align=\u00bbcenter\u00bb _builder_version=\u00bb4.27.4&#8243; _module_preset=\u00bbdefault\u00bb global_colors_info=\u00bb{}\u00bb][\/et_pb_image][\/et_pb_column][\/et_pb_row][et_pb_row _builder_version=\u00bb4.27.4&#8243; _module_preset=\u00bbdefault\u00bb global_colors_info=\u00bb{}\u00bb theme_builder_area=\u00bbpost_content\u00bb][et_pb_column type=\u00bb4_4&#8243; _builder_version=\u00bb4.27.4&#8243; _module_preset=\u00bbdefault\u00bb global_colors_info=\u00bb{}\u00bb theme_builder_area=\u00bbpost_content\u00bb][et_pb_text _builder_version=\u00bb4.27.4&#8243; _module_preset=\u00bbdefault\u00bb custom_margin=\u00bb||0px||false|false\u00bb global_colors_info=\u00bb{}\u00bb theme_builder_area=\u00bbpost_content\u00bb]<p><strong>\u00a1<span data-teams=\"true\">Encuentra al TEC en redes sociales y s\u00edguenos!<\/span><\/strong><\/p>[\/et_pb_text][et_pb_social_media_follow _builder_version=\u00bb4.27.4&#8243; _module_preset=\u00bbdefault\u00bb global_colors_info=\u00bb{}\u00bb theme_builder_area=\u00bbpost_content\u00bb][et_pb_social_media_follow_network social_network=\u00bbfacebook\u00bb url=\u00bbhttps:\/\/www.facebook.com\/tecnologicocostarica\u00bb _builder_version=\u00bb4.27.4&#8243; _module_preset=\u00bbdefault\u00bb background_color=\u00bb#3b5998&#8243; global_colors_info=\u00bb{}\u00bb theme_builder_area=\u00bbpost_content\u00bb follow_button=\u00bboff\u00bb url_new_window=\u00bbon\u00bb]facebook[\/et_pb_social_media_follow_network][et_pb_social_media_follow_network social_network=\u00bbtwitter\u00bb url=\u00bbhttps:\/\/x.com\/Teccr%20&#8243; _builder_version=\u00bb4.27.4&#8243; _module_preset=\u00bbdefault\u00bb background_color=\u00bb#000000&#8243; global_colors_info=\u00bb{}\u00bb theme_builder_area=\u00bbpost_content\u00bb follow_button=\u00bboff\u00bb url_new_window=\u00bbon\u00bb]X[\/et_pb_social_media_follow_network][et_pb_social_media_follow_network social_network=\u00bbinstagram\u00bb url=\u00bbhttps:\/\/www.instagram.com\/teccostarica\/\u00bb _builder_version=\u00bb4.27.4&#8243; _module_preset=\u00bbdefault\u00bb background_color=\u00bb#E02B20&#8243; background_enable_color=\u00bbon\u00bb global_colors_info=\u00bb{}\u00bb theme_builder_area=\u00bbpost_content\u00bb follow_button=\u00bboff\u00bb url_new_window=\u00bbon\u00bb]instagram[\/et_pb_social_media_follow_network][\/et_pb_social_media_follow][\/et_pb_column][\/et_pb_row][et_pb_row _builder_version=\u00bb4.27.4&#8243; _module_preset=\u00bbdefault\u00bb global_colors_info=\u00bb{}\u00bb][et_pb_column type=\u00bb4_4&#8243; _builder_version=\u00bb4.27.4&#8243; _module_preset=\u00bbdefault\u00bb global_colors_info=\u00bb{}\u00bb][et_pb_text _builder_version=\u00bb4.27.4&#8243; _module_preset=\u00bbdefault\u00bb global_colors_info=\u00bb{}\u00bb]<p>S\u00edguenos en nuestras redes sociales y no te pierdas los avances de estos proyectos:<\/p>\n<ul>\n<li><a target=\"_blank\" href=\"https:\/\/www.facebook.com\/colaboracion.UAL\/\" rel=\"noopener\">Facebook\u00a0<\/a><\/li>\n<li><a target=\"_blank\" href=\"https:\/\/www.instagram.com\/colaboracion.ual\" rel=\"noopener\">Instagram<\/a><\/li>\n<li><a target=\"_blank\" href=\"https:\/\/www.tiktok.com\/@colaboracion.ual\" rel=\"noopener\">TikTok<\/a><\/li>\n<\/ul>[\/et_pb_text][\/et_pb_column][\/et_pb_row][\/et_pb_section]\n","protected":false},"excerpt":{"rendered":"<p>En los \u00faltimos a\u00f1os, distintos proyectos impulsados por el Tecnol\u00f3gico de Costa Rica (TEC) han demostrado que la innovaci\u00f3n agr\u00edcola no es cosa del futuro, sino del presente. Ahora, con el respaldo de la Universidad de Almer\u00eda (UAL) y SERCOM, nace una nueva propuesta internacional: el Aula Invernadero, que funcionar\u00e1 como espacio de formaci\u00f3n, pr\u00e1ctica [&hellip;]<\/p>\n","protected":false},"author":1,"featured_media":1903,"comment_status":"closed","ping_status":"closed","sticky":false,"template":"","format":"standard","meta":{"_et_pb_use_builder":"on","_et_pb_old_content":"","_et_gb_content_width":"1080","footnotes":""},"categories":[5],"tags":[],"class_list":["post-1899","post","type-post","status-publish","format-standard","has-post-thumbnail","hentry","category-costa-rica"],"yoast_head":"<!-- This site is optimized with the Yoast SEO plugin v27.4 - https:\/\/yoast.com\/product\/yoast-seo-wordpress\/ -->\n<title>Aula invernadero TEC\u2013UAL: alianza de cooperaci\u00f3n internacional - UAL-ENCA<\/title>\n<meta name=\"description\" content=\"Con el respaldo de la UAL y SERCOM, nace una nueva propuesta internacional: el Aula Invernadero, que funcionar\u00e1 como espacio de formaci\u00f3n, pr\u00e1ctica y validaci\u00f3n de tecnolog\u00edas aplicadas a la horticultura.\" \/>\n<meta name=\"robots\" content=\"index, follow, max-snippet:-1, max-image-preview:large, max-video-preview:-1\" \/>\n<link rel=\"canonical\" href=\"https:\/\/www2.ual.es\/proyecto_aecid_UAL-ENCA\/2025\/07\/02\/aula-invernadero-tec-ual-alianza-de-cooperacion-internacional\/\" \/>\n<meta property=\"og:locale\" content=\"es_ES\" \/>\n<meta property=\"og:type\" content=\"article\" \/>\n<meta property=\"og:title\" content=\"Aula invernadero TEC\u2013UAL: alianza de cooperaci\u00f3n internacional - UAL-ENCA\" \/>\n<meta property=\"og:description\" content=\"Con el respaldo de la UAL y SERCOM, nace una nueva propuesta internacional: el Aula Invernadero, que funcionar\u00e1 como espacio de formaci\u00f3n, pr\u00e1ctica y validaci\u00f3n de tecnolog\u00edas aplicadas a la horticultura.\" \/>\n<meta property=\"og:url\" content=\"https:\/\/www2.ual.es\/proyecto_aecid_UAL-ENCA\/2025\/07\/02\/aula-invernadero-tec-ual-alianza-de-cooperacion-internacional\/\" \/>\n<meta property=\"og:site_name\" content=\"UAL-ENCA\" \/>\n<meta property=\"article:publisher\" content=\"https:\/\/www.facebook.com\/colaboracion.UAL\" \/>\n<meta property=\"article:published_time\" content=\"2025-07-02T06:16:39+00:00\" \/>\n<meta property=\"article:modified_time\" content=\"2025-07-02T11:18:34+00:00\" \/>\n<meta property=\"og:image\" content=\"https:\/\/www2.ual.es\/proyecto_aecid_UAL-ENCA\/wp-content\/uploads\/2025\/07\/Aula-invernadero-TEC\u2013UAL-alianza-de-cooperacion-internacional.jpg\" \/>\n\t<meta property=\"og:image:width\" content=\"850\" \/>\n\t<meta property=\"og:image:height\" content=\"567\" \/>\n\t<meta property=\"og:image:type\" content=\"image\/jpeg\" \/>\n<meta name=\"author\" content=\"enca-admin\" \/>\n<meta name=\"twitter:card\" content=\"summary_large_image\" \/>\n<meta name=\"twitter:label1\" content=\"Escrito por\" \/>\n\t<meta name=\"twitter:data1\" content=\"enca-admin\" \/>\n\t<meta name=\"twitter:label2\" content=\"Tiempo de lectura\" \/>\n\t<meta name=\"twitter:data2\" content=\"3 minutos\" \/>\n<script type=\"application\/ld+json\" class=\"yoast-schema-graph\">{\"@context\":\"https:\\\/\\\/schema.org\",\"@graph\":[{\"@type\":\"Article\",\"@id\":\"https:\\\/\\\/www2.ual.es\\\/proyecto_aecid_UAL-ENCA\\\/2025\\\/07\\\/02\\\/aula-invernadero-tec-ual-alianza-de-cooperacion-internacional\\\/#article\",\"isPartOf\":{\"@id\":\"https:\\\/\\\/www2.ual.es\\\/proyecto_aecid_UAL-ENCA\\\/2025\\\/07\\\/02\\\/aula-invernadero-tec-ual-alianza-de-cooperacion-internacional\\\/\"},\"author\":{\"name\":\"enca-admin\",\"@id\":\"https:\\\/\\\/www2.ual.es\\\/proyecto_aecid_UAL-ENCA\\\/#\\\/schema\\\/person\\\/972e4dd3b6cef18cd958398d0be27f80\"},\"headline\":\"Aula invernadero TEC\u2013UAL: alianza de cooperaci\u00f3n internacional\",\"datePublished\":\"2025-07-02T06:16:39+00:00\",\"dateModified\":\"2025-07-02T11:18:34+00:00\",\"mainEntityOfPage\":{\"@id\":\"https:\\\/\\\/www2.ual.es\\\/proyecto_aecid_UAL-ENCA\\\/2025\\\/07\\\/02\\\/aula-invernadero-tec-ual-alianza-de-cooperacion-internacional\\\/\"},\"wordCount\":900,\"publisher\":{\"@id\":\"https:\\\/\\\/www2.ual.es\\\/proyecto_aecid_UAL-ENCA\\\/#organization\"},\"image\":{\"@id\":\"https:\\\/\\\/www2.ual.es\\\/proyecto_aecid_UAL-ENCA\\\/2025\\\/07\\\/02\\\/aula-invernadero-tec-ual-alianza-de-cooperacion-internacional\\\/#primaryimage\"},\"thumbnailUrl\":\"https:\\\/\\\/www2.ual.es\\\/proyecto_aecid_UAL-ENCA\\\/wp-content\\\/uploads\\\/2025\\\/07\\\/Aula-invernadero-TEC\u2013UAL-alianza-de-cooperacion-internacional.jpg\",\"articleSection\":[\"Costa Rica\"],\"inLanguage\":\"es\"},{\"@type\":\"WebPage\",\"@id\":\"https:\\\/\\\/www2.ual.es\\\/proyecto_aecid_UAL-ENCA\\\/2025\\\/07\\\/02\\\/aula-invernadero-tec-ual-alianza-de-cooperacion-internacional\\\/\",\"url\":\"https:\\\/\\\/www2.ual.es\\\/proyecto_aecid_UAL-ENCA\\\/2025\\\/07\\\/02\\\/aula-invernadero-tec-ual-alianza-de-cooperacion-internacional\\\/\",\"name\":\"Aula invernadero TEC\u2013UAL: alianza de cooperaci\u00f3n internacional - UAL-ENCA\",\"isPartOf\":{\"@id\":\"https:\\\/\\\/www2.ual.es\\\/proyecto_aecid_UAL-ENCA\\\/#website\"},\"primaryImageOfPage\":{\"@id\":\"https:\\\/\\\/www2.ual.es\\\/proyecto_aecid_UAL-ENCA\\\/2025\\\/07\\\/02\\\/aula-invernadero-tec-ual-alianza-de-cooperacion-internacional\\\/#primaryimage\"},\"image\":{\"@id\":\"https:\\\/\\\/www2.ual.es\\\/proyecto_aecid_UAL-ENCA\\\/2025\\\/07\\\/02\\\/aula-invernadero-tec-ual-alianza-de-cooperacion-internacional\\\/#primaryimage\"},\"thumbnailUrl\":\"https:\\\/\\\/www2.ual.es\\\/proyecto_aecid_UAL-ENCA\\\/wp-content\\\/uploads\\\/2025\\\/07\\\/Aula-invernadero-TEC\u2013UAL-alianza-de-cooperacion-internacional.jpg\",\"datePublished\":\"2025-07-02T06:16:39+00:00\",\"dateModified\":\"2025-07-02T11:18:34+00:00\",\"description\":\"Con el respaldo de la UAL y SERCOM, nace una nueva propuesta internacional: el Aula Invernadero, que funcionar\u00e1 como espacio de formaci\u00f3n, pr\u00e1ctica y validaci\u00f3n de tecnolog\u00edas aplicadas a la horticultura.\",\"breadcrumb\":{\"@id\":\"https:\\\/\\\/www2.ual.es\\\/proyecto_aecid_UAL-ENCA\\\/2025\\\/07\\\/02\\\/aula-invernadero-tec-ual-alianza-de-cooperacion-internacional\\\/#breadcrumb\"},\"inLanguage\":\"es\",\"potentialAction\":[{\"@type\":\"ReadAction\",\"target\":[\"https:\\\/\\\/www2.ual.es\\\/proyecto_aecid_UAL-ENCA\\\/2025\\\/07\\\/02\\\/aula-invernadero-tec-ual-alianza-de-cooperacion-internacional\\\/\"]}]},{\"@type\":\"ImageObject\",\"inLanguage\":\"es\",\"@id\":\"https:\\\/\\\/www2.ual.es\\\/proyecto_aecid_UAL-ENCA\\\/2025\\\/07\\\/02\\\/aula-invernadero-tec-ual-alianza-de-cooperacion-internacional\\\/#primaryimage\",\"url\":\"https:\\\/\\\/www2.ual.es\\\/proyecto_aecid_UAL-ENCA\\\/wp-content\\\/uploads\\\/2025\\\/07\\\/Aula-invernadero-TEC\u2013UAL-alianza-de-cooperacion-internacional.jpg\",\"contentUrl\":\"https:\\\/\\\/www2.ual.es\\\/proyecto_aecid_UAL-ENCA\\\/wp-content\\\/uploads\\\/2025\\\/07\\\/Aula-invernadero-TEC\u2013UAL-alianza-de-cooperacion-internacional.jpg\",\"width\":850,\"height\":567,\"caption\":\"Aula invernadero TEC\u2013UAL- alianza de cooperacio\u0301n internacional\"},{\"@type\":\"BreadcrumbList\",\"@id\":\"https:\\\/\\\/www2.ual.es\\\/proyecto_aecid_UAL-ENCA\\\/2025\\\/07\\\/02\\\/aula-invernadero-tec-ual-alianza-de-cooperacion-internacional\\\/#breadcrumb\",\"itemListElement\":[{\"@type\":\"ListItem\",\"position\":1,\"name\":\"Portada\",\"item\":\"https:\\\/\\\/www2.ual.es\\\/proyecto_aecid_UAL-ENCA\\\/\"},{\"@type\":\"ListItem\",\"position\":2,\"name\":\"Aula invernadero TEC\u2013UAL: alianza de cooperaci\u00f3n internacional\"}]},{\"@type\":\"WebSite\",\"@id\":\"https:\\\/\\\/www2.ual.es\\\/proyecto_aecid_UAL-ENCA\\\/#website\",\"url\":\"https:\\\/\\\/www2.ual.es\\\/proyecto_aecid_UAL-ENCA\\\/\",\"name\":\"Colaboraci\u00f3n UAL\",\"description\":\"Proyecto UAL-ENCA\",\"publisher\":{\"@id\":\"https:\\\/\\\/www2.ual.es\\\/proyecto_aecid_UAL-ENCA\\\/#organization\"},\"potentialAction\":[{\"@type\":\"SearchAction\",\"target\":{\"@type\":\"EntryPoint\",\"urlTemplate\":\"https:\\\/\\\/www2.ual.es\\\/proyecto_aecid_UAL-ENCA\\\/?s={search_term_string}\"},\"query-input\":{\"@type\":\"PropertyValueSpecification\",\"valueRequired\":true,\"valueName\":\"search_term_string\"}}],\"inLanguage\":\"es\"},{\"@type\":\"Organization\",\"@id\":\"https:\\\/\\\/www2.ual.es\\\/proyecto_aecid_UAL-ENCA\\\/#organization\",\"name\":\"Colaboraci\u00f3n UAL\",\"url\":\"https:\\\/\\\/www2.ual.es\\\/proyecto_aecid_UAL-ENCA\\\/\",\"logo\":{\"@type\":\"ImageObject\",\"inLanguage\":\"es\",\"@id\":\"https:\\\/\\\/www2.ual.es\\\/proyecto_aecid_UAL-ENCA\\\/#\\\/schema\\\/logo\\\/image\\\/\",\"url\":\"https:\\\/\\\/www2.ual.es\\\/proyecto_aecid_UAL-ENCA\\\/wp-content\\\/uploads\\\/2025\\\/04\\\/cropped-logoUniversidad.png\",\"contentUrl\":\"https:\\\/\\\/www2.ual.es\\\/proyecto_aecid_UAL-ENCA\\\/wp-content\\\/uploads\\\/2025\\\/04\\\/cropped-logoUniversidad.png\",\"width\":512,\"height\":512,\"caption\":\"Colaboraci\u00f3n UAL\"},\"image\":{\"@id\":\"https:\\\/\\\/www2.ual.es\\\/proyecto_aecid_UAL-ENCA\\\/#\\\/schema\\\/logo\\\/image\\\/\"},\"sameAs\":[\"https:\\\/\\\/www.facebook.com\\\/colaboracion.UAL\",\"https:\\\/\\\/www.instagram.com\\\/colaboracion.ual\",\"https:\\\/\\\/www.tiktok.com\\\/@colaboracion.ual\"]},{\"@type\":\"Person\",\"@id\":\"https:\\\/\\\/www2.ual.es\\\/proyecto_aecid_UAL-ENCA\\\/#\\\/schema\\\/person\\\/972e4dd3b6cef18cd958398d0be27f80\",\"name\":\"enca-admin\",\"image\":{\"@type\":\"ImageObject\",\"inLanguage\":\"es\",\"@id\":\"https:\\\/\\\/secure.gravatar.com\\\/avatar\\\/d3f557e3081c5b56eb83c595e7c177c2d80c9d4a7da37300e7785e1bef6fa5fb?s=96&d=mm&r=g\",\"url\":\"https:\\\/\\\/secure.gravatar.com\\\/avatar\\\/d3f557e3081c5b56eb83c595e7c177c2d80c9d4a7da37300e7785e1bef6fa5fb?s=96&d=mm&r=g\",\"contentUrl\":\"https:\\\/\\\/secure.gravatar.com\\\/avatar\\\/d3f557e3081c5b56eb83c595e7c177c2d80c9d4a7da37300e7785e1bef6fa5fb?s=96&d=mm&r=g\",\"caption\":\"enca-admin\"},\"sameAs\":[\"http:\\\/\\\/www2.ual.es\\\/proyecto_aecid_UAL-ENCA\"],\"url\":\"https:\\\/\\\/www2.ual.es\\\/proyecto_aecid_UAL-ENCA\\\/author\\\/enca-admin\\\/\"}]}<\/script>\n<!-- \/ Yoast SEO plugin. -->","yoast_head_json":{"title":"Aula invernadero TEC\u2013UAL: alianza de cooperaci\u00f3n internacional - UAL-ENCA","description":"Con el respaldo de la UAL y SERCOM, nace una nueva propuesta internacional: el Aula Invernadero, que funcionar\u00e1 como espacio de formaci\u00f3n, pr\u00e1ctica y validaci\u00f3n de tecnolog\u00edas aplicadas a la horticultura.","robots":{"index":"index","follow":"follow","max-snippet":"max-snippet:-1","max-image-preview":"max-image-preview:large","max-video-preview":"max-video-preview:-1"},"canonical":"https:\/\/www2.ual.es\/proyecto_aecid_UAL-ENCA\/2025\/07\/02\/aula-invernadero-tec-ual-alianza-de-cooperacion-internacional\/","og_locale":"es_ES","og_type":"article","og_title":"Aula invernadero TEC\u2013UAL: alianza de cooperaci\u00f3n internacional - UAL-ENCA","og_description":"Con el respaldo de la UAL y SERCOM, nace una nueva propuesta internacional: el Aula Invernadero, que funcionar\u00e1 como espacio de formaci\u00f3n, pr\u00e1ctica y validaci\u00f3n de tecnolog\u00edas aplicadas a la horticultura.","og_url":"https:\/\/www2.ual.es\/proyecto_aecid_UAL-ENCA\/2025\/07\/02\/aula-invernadero-tec-ual-alianza-de-cooperacion-internacional\/","og_site_name":"UAL-ENCA","article_publisher":"https:\/\/www.facebook.com\/colaboracion.UAL","article_published_time":"2025-07-02T06:16:39+00:00","article_modified_time":"2025-07-02T11:18:34+00:00","og_image":[{"width":850,"height":567,"url":"https:\/\/www2.ual.es\/proyecto_aecid_UAL-ENCA\/wp-content\/uploads\/2025\/07\/Aula-invernadero-TEC\u2013UAL-alianza-de-cooperacion-internacional.jpg","type":"image\/jpeg"}],"author":"enca-admin","twitter_card":"summary_large_image","twitter_misc":{"Escrito por":"enca-admin","Tiempo de lectura":"3 minutos"},"schema":{"@context":"https:\/\/schema.org","@graph":[{"@type":"Article","@id":"https:\/\/www2.ual.es\/proyecto_aecid_UAL-ENCA\/2025\/07\/02\/aula-invernadero-tec-ual-alianza-de-cooperacion-internacional\/#article","isPartOf":{"@id":"https:\/\/www2.ual.es\/proyecto_aecid_UAL-ENCA\/2025\/07\/02\/aula-invernadero-tec-ual-alianza-de-cooperacion-internacional\/"},"author":{"name":"enca-admin","@id":"https:\/\/www2.ual.es\/proyecto_aecid_UAL-ENCA\/#\/schema\/person\/972e4dd3b6cef18cd958398d0be27f80"},"headline":"Aula invernadero TEC\u2013UAL: alianza de cooperaci\u00f3n internacional","datePublished":"2025-07-02T06:16:39+00:00","dateModified":"2025-07-02T11:18:34+00:00","mainEntityOfPage":{"@id":"https:\/\/www2.ual.es\/proyecto_aecid_UAL-ENCA\/2025\/07\/02\/aula-invernadero-tec-ual-alianza-de-cooperacion-internacional\/"},"wordCount":900,"publisher":{"@id":"https:\/\/www2.ual.es\/proyecto_aecid_UAL-ENCA\/#organization"},"image":{"@id":"https:\/\/www2.ual.es\/proyecto_aecid_UAL-ENCA\/2025\/07\/02\/aula-invernadero-tec-ual-alianza-de-cooperacion-internacional\/#primaryimage"},"thumbnailUrl":"https:\/\/www2.ual.es\/proyecto_aecid_UAL-ENCA\/wp-content\/uploads\/2025\/07\/Aula-invernadero-TEC\u2013UAL-alianza-de-cooperacion-internacional.jpg","articleSection":["Costa Rica"],"inLanguage":"es"},{"@type":"WebPage","@id":"https:\/\/www2.ual.es\/proyecto_aecid_UAL-ENCA\/2025\/07\/02\/aula-invernadero-tec-ual-alianza-de-cooperacion-internacional\/","url":"https:\/\/www2.ual.es\/proyecto_aecid_UAL-ENCA\/2025\/07\/02\/aula-invernadero-tec-ual-alianza-de-cooperacion-internacional\/","name":"Aula invernadero TEC\u2013UAL: alianza de cooperaci\u00f3n internacional - UAL-ENCA","isPartOf":{"@id":"https:\/\/www2.ual.es\/proyecto_aecid_UAL-ENCA\/#website"},"primaryImageOfPage":{"@id":"https:\/\/www2.ual.es\/proyecto_aecid_UAL-ENCA\/2025\/07\/02\/aula-invernadero-tec-ual-alianza-de-cooperacion-internacional\/#primaryimage"},"image":{"@id":"https:\/\/www2.ual.es\/proyecto_aecid_UAL-ENCA\/2025\/07\/02\/aula-invernadero-tec-ual-alianza-de-cooperacion-internacional\/#primaryimage"},"thumbnailUrl":"https:\/\/www2.ual.es\/proyecto_aecid_UAL-ENCA\/wp-content\/uploads\/2025\/07\/Aula-invernadero-TEC\u2013UAL-alianza-de-cooperacion-internacional.jpg","datePublished":"2025-07-02T06:16:39+00:00","dateModified":"2025-07-02T11:18:34+00:00","description":"Con el respaldo de la UAL y SERCOM, nace una nueva propuesta internacional: el Aula Invernadero, que funcionar\u00e1 como espacio de formaci\u00f3n, pr\u00e1ctica y validaci\u00f3n de tecnolog\u00edas aplicadas a la horticultura.","breadcrumb":{"@id":"https:\/\/www2.ual.es\/proyecto_aecid_UAL-ENCA\/2025\/07\/02\/aula-invernadero-tec-ual-alianza-de-cooperacion-internacional\/#breadcrumb"},"inLanguage":"es","potentialAction":[{"@type":"ReadAction","target":["https:\/\/www2.ual.es\/proyecto_aecid_UAL-ENCA\/2025\/07\/02\/aula-invernadero-tec-ual-alianza-de-cooperacion-internacional\/"]}]},{"@type":"ImageObject","inLanguage":"es","@id":"https:\/\/www2.ual.es\/proyecto_aecid_UAL-ENCA\/2025\/07\/02\/aula-invernadero-tec-ual-alianza-de-cooperacion-internacional\/#primaryimage","url":"https:\/\/www2.ual.es\/proyecto_aecid_UAL-ENCA\/wp-content\/uploads\/2025\/07\/Aula-invernadero-TEC\u2013UAL-alianza-de-cooperacion-internacional.jpg","contentUrl":"https:\/\/www2.ual.es\/proyecto_aecid_UAL-ENCA\/wp-content\/uploads\/2025\/07\/Aula-invernadero-TEC\u2013UAL-alianza-de-cooperacion-internacional.jpg","width":850,"height":567,"caption":"Aula invernadero TEC\u2013UAL- alianza de cooperacio\u0301n internacional"},{"@type":"BreadcrumbList","@id":"https:\/\/www2.ual.es\/proyecto_aecid_UAL-ENCA\/2025\/07\/02\/aula-invernadero-tec-ual-alianza-de-cooperacion-internacional\/#breadcrumb","itemListElement":[{"@type":"ListItem","position":1,"name":"Portada","item":"https:\/\/www2.ual.es\/proyecto_aecid_UAL-ENCA\/"},{"@type":"ListItem","position":2,"name":"Aula invernadero TEC\u2013UAL: alianza de cooperaci\u00f3n internacional"}]},{"@type":"WebSite","@id":"https:\/\/www2.ual.es\/proyecto_aecid_UAL-ENCA\/#website","url":"https:\/\/www2.ual.es\/proyecto_aecid_UAL-ENCA\/","name":"Colaboraci\u00f3n UAL","description":"Proyecto UAL-ENCA","publisher":{"@id":"https:\/\/www2.ual.es\/proyecto_aecid_UAL-ENCA\/#organization"},"potentialAction":[{"@type":"SearchAction","target":{"@type":"EntryPoint","urlTemplate":"https:\/\/www2.ual.es\/proyecto_aecid_UAL-ENCA\/?s={search_term_string}"},"query-input":{"@type":"PropertyValueSpecification","valueRequired":true,"valueName":"search_term_string"}}],"inLanguage":"es"},{"@type":"Organization","@id":"https:\/\/www2.ual.es\/proyecto_aecid_UAL-ENCA\/#organization","name":"Colaboraci\u00f3n UAL","url":"https:\/\/www2.ual.es\/proyecto_aecid_UAL-ENCA\/","logo":{"@type":"ImageObject","inLanguage":"es","@id":"https:\/\/www2.ual.es\/proyecto_aecid_UAL-ENCA\/#\/schema\/logo\/image\/","url":"https:\/\/www2.ual.es\/proyecto_aecid_UAL-ENCA\/wp-content\/uploads\/2025\/04\/cropped-logoUniversidad.png","contentUrl":"https:\/\/www2.ual.es\/proyecto_aecid_UAL-ENCA\/wp-content\/uploads\/2025\/04\/cropped-logoUniversidad.png","width":512,"height":512,"caption":"Colaboraci\u00f3n UAL"},"image":{"@id":"https:\/\/www2.ual.es\/proyecto_aecid_UAL-ENCA\/#\/schema\/logo\/image\/"},"sameAs":["https:\/\/www.facebook.com\/colaboracion.UAL","https:\/\/www.instagram.com\/colaboracion.ual","https:\/\/www.tiktok.com\/@colaboracion.ual"]},{"@type":"Person","@id":"https:\/\/www2.ual.es\/proyecto_aecid_UAL-ENCA\/#\/schema\/person\/972e4dd3b6cef18cd958398d0be27f80","name":"enca-admin","image":{"@type":"ImageObject","inLanguage":"es","@id":"https:\/\/secure.gravatar.com\/avatar\/d3f557e3081c5b56eb83c595e7c177c2d80c9d4a7da37300e7785e1bef6fa5fb?s=96&d=mm&r=g","url":"https:\/\/secure.gravatar.com\/avatar\/d3f557e3081c5b56eb83c595e7c177c2d80c9d4a7da37300e7785e1bef6fa5fb?s=96&d=mm&r=g","contentUrl":"https:\/\/secure.gravatar.com\/avatar\/d3f557e3081c5b56eb83c595e7c177c2d80c9d4a7da37300e7785e1bef6fa5fb?s=96&d=mm&r=g","caption":"enca-admin"},"sameAs":["http:\/\/www2.ual.es\/proyecto_aecid_UAL-ENCA"],"url":"https:\/\/www2.ual.es\/proyecto_aecid_UAL-ENCA\/author\/enca-admin\/"}]}},"_links":{"self":[{"href":"https:\/\/www2.ual.es\/proyecto_aecid_UAL-ENCA\/wp-json\/wp\/v2\/posts\/1899","targetHints":{"allow":["GET"]}}],"collection":[{"href":"https:\/\/www2.ual.es\/proyecto_aecid_UAL-ENCA\/wp-json\/wp\/v2\/posts"}],"about":[{"href":"https:\/\/www2.ual.es\/proyecto_aecid_UAL-ENCA\/wp-json\/wp\/v2\/types\/post"}],"author":[{"embeddable":true,"href":"https:\/\/www2.ual.es\/proyecto_aecid_UAL-ENCA\/wp-json\/wp\/v2\/users\/1"}],"replies":[{"embeddable":true,"href":"https:\/\/www2.ual.es\/proyecto_aecid_UAL-ENCA\/wp-json\/wp\/v2\/comments?post=1899"}],"version-history":[{"count":8,"href":"https:\/\/www2.ual.es\/proyecto_aecid_UAL-ENCA\/wp-json\/wp\/v2\/posts\/1899\/revisions"}],"predecessor-version":[{"id":1909,"href":"https:\/\/www2.ual.es\/proyecto_aecid_UAL-ENCA\/wp-json\/wp\/v2\/posts\/1899\/revisions\/1909"}],"wp:featuredmedia":[{"embeddable":true,"href":"https:\/\/www2.ual.es\/proyecto_aecid_UAL-ENCA\/wp-json\/wp\/v2\/media\/1903"}],"wp:attachment":[{"href":"https:\/\/www2.ual.es\/proyecto_aecid_UAL-ENCA\/wp-json\/wp\/v2\/media?parent=1899"}],"wp:term":[{"taxonomy":"category","embeddable":true,"href":"https:\/\/www2.ual.es\/proyecto_aecid_UAL-ENCA\/wp-json\/wp\/v2\/categories?post=1899"},{"taxonomy":"post_tag","embeddable":true,"href":"https:\/\/www2.ual.es\/proyecto_aecid_UAL-ENCA\/wp-json\/wp\/v2\/tags?post=1899"}],"curies":[{"name":"wp","href":"https:\/\/api.w.org\/{rel}","templated":true}]}}