{"id":1893,"date":"2025-06-26T11:53:17","date_gmt":"2025-06-26T09:53:17","guid":{"rendered":"https:\/\/www2.ual.es\/proyecto_aecid_UAL-ENCA\/?p=1893"},"modified":"2025-07-02T13:19:36","modified_gmt":"2025-07-02T11:19:36","slug":"cooperacion-internacional-avance-en-los-proyectos-en-costa-rica-y-guatemala","status":"publish","type":"post","link":"https:\/\/www2.ual.es\/proyecto_aecid_UAL-ENCA\/2025\/06\/26\/cooperacion-internacional-avance-en-los-proyectos-en-costa-rica-y-guatemala\/","title":{"rendered":"Cooperaci\u00f3n internacional: avance en los proyectos en Costa Rica y Guatemala"},"content":{"rendered":"\n[et_pb_section fb_built=\u00bb1&#8243; _builder_version=\u00bb4.27.4&#8243; _module_preset=\u00bbdefault\u00bb custom_padding=\u00bb0px||||false|false\u00bb global_colors_info=\u00bb{}\u00bb theme_builder_area=\u00bbpost_content\u00bb][et_pb_row _builder_version=\u00bb4.27.4&#8243; _module_preset=\u00bbdefault\u00bb global_colors_info=\u00bb{}\u00bb theme_builder_area=\u00bbpost_content\u00bb][et_pb_column type=\u00bb4_4&#8243; _builder_version=\u00bb4.27.4&#8243; _module_preset=\u00bbdefault\u00bb global_colors_info=\u00bb{}\u00bb theme_builder_area=\u00bbpost_content\u00bb][et_pb_text _builder_version=\u00bb4.27.4&#8243; _module_preset=\u00bbdefault\u00bb hover_enabled=\u00bb0&#8243; global_colors_info=\u00bb{}\u00bb theme_builder_area=\u00bbpost_content\u00bb sticky_enabled=\u00bb0&#8243;]<p><b>La cooperaci\u00f3n internacional <\/b><span style=\"font-weight: 400;\">avanza con fuerza. Tras los importantes logros en <\/span><a href=\"https:\/\/www2.ual.es\/proyecto_aecid_UAL-ENCA\/nicaragua\/\" target=\"_blank\" rel=\"noopener\"><b>Nicaragua<\/b><\/a><span style=\"font-weight: 400;\">, el proyecto \u201cEmpoderamiento y Sostenibilidad en la Agricultura\u201d da un paso m\u00e1s con el inicio de dos nuevas l\u00edneas de trabajo en <\/span><b>Costa Rica<\/b><span style=\"font-weight: 400;\"> y <\/span><b>Guatemala<\/b><span style=\"font-weight: 400;\">.<\/span><\/p>\n<p><span style=\"font-weight: 400;\">Estos proyectos, impulsados por la <\/span><b>Universidad de Almer\u00eda (UAL)<\/b><span style=\"font-weight: 400;\"> en colaboraci\u00f3n con la <\/span><b>Agencias de cooperaci\u00f3n internacional para el desarrollo Andaluza AACID y Espa\u00f1ola (AECID) <\/b><span style=\"font-weight: 400;\">\u00a0y SKOV- <\/span><b>SERCOM Automation<\/b><span style=\"font-weight: 400;\">, contin\u00faan con el objetivo de generar un modelo agr\u00edcola completo, sostenible y replicable. La experiencia y tecnolog\u00eda aplicadas en Nicaragua sirven ahora de base para ampliar el impacto en nuevas regiones de Centroam\u00e9rica.<\/span><\/p>\n<h2><b>Reuniones de cooperaci\u00f3n internacional para alinear objetivos<\/b><\/h2>\n<p><span style=\"font-weight: 400;\">Durante las \u00faltimas semanas, se han celebrado varias <\/span><b>reuniones de coordinaci\u00f3n<\/b><span style=\"font-weight: 400;\"> entre las instituciones participantes de los tres pa\u00edses: la <\/span><b>Escuela Nacional Central de Agricultura\u00a0 de Guatemala (ENCA)<\/b><span style=\"font-weight: 400;\">, <\/span><b>el Tecnol\u00f3gico de Costa Rica (TEC) y la Universidad de Almer\u00eda, <\/b><span style=\"font-weight: 400;\">con el fin de consolidar las l\u00edneas de actuaci\u00f3n, compartir aprendizajes y dise\u00f1ar estrategias adaptadas a las realidades locales. Estos encuentros han permitido sentar las bases de un trabajo conjunto que pone en el centro el intercambio de conocimiento t\u00e9cnico y el fortalecimiento institucional.<\/span><\/p>\n<h2><b>Formaci\u00f3n y recursos educativos: una inversi\u00f3n de futuro<\/b><\/h2>\n<p><span style=\"font-weight: 400;\">En paralelo, se ha iniciado el proceso de <\/span><b>adquisici\u00f3n de una colecci\u00f3n especializada de libros t\u00e9cnicos y cient\u00edficos<\/b><span style=\"font-weight: 400;\">. Esta acci\u00f3n, realizada en colaboraci\u00f3n con el <\/span><b>Vicerrectorado de Proyecci\u00f3n Internacional<\/b><span style=\"font-weight: 400;\"> y la <\/span><b>Escuela Superior de Ingenier\u00eda de la UAL<\/b><span style=\"font-weight: 400;\">, busca reforzar la formaci\u00f3n tanto en origen como en destino, aportando materiales clave para el desarrollo acad\u00e9mico y profesional de estudiantes y personal vinculado a los proyectos.\u00a0<\/span><\/p>\n<h2><b>Hacia una movilidad bidireccional de estudiantes y docentes<\/b><\/h2>\n<p><span style=\"font-weight: 400;\">Uno de los grandes objetivos que ya se est\u00e1 trabajando es la creaci\u00f3n de un <\/span><b>programa de movilidad internacional<\/b><span style=\"font-weight: 400;\"> para facilitar el intercambio de estudiantes, docentes e investigadores entre <\/span><b>Guatemala, Costa Rica y Espa\u00f1a.<\/b><span style=\"font-weight: 400;\"> La idea es fomentar una cooperaci\u00f3n real, donde el aprendizaje y la innovaci\u00f3n fluyan en ambos sentidos.<\/span><\/p>[\/et_pb_text][\/et_pb_column][\/et_pb_row][et_pb_row _builder_version=\u00bb4.27.4&#8243; _module_preset=\u00bbdefault\u00bb global_colors_info=\u00bb{}\u00bb theme_builder_area=\u00bbpost_content\u00bb][et_pb_column type=\u00bb4_4&#8243; _builder_version=\u00bb4.27.4&#8243; _module_preset=\u00bbdefault\u00bb global_colors_info=\u00bb{}\u00bb theme_builder_area=\u00bbpost_content\u00bb][et_pb_text _builder_version=\u00bb4.27.4&#8243; _module_preset=\u00bbdefault\u00bb global_colors_info=\u00bb{}\u00bb theme_builder_area=\u00bbpost_content\u00bb]<p>S\u00edguenos en nuestras redes sociales y no te pierdas los avances de estos proyectos:<\/p>\n<ul>\n<li><a target=\"_blank\" href=\"https:\/\/www.facebook.com\/colaboracion.UAL\/\" rel=\"noopener\">Facebook\u00a0<\/a><\/li>\n<li><a target=\"_blank\" href=\"https:\/\/www.instagram.com\/colaboracion.ual\" rel=\"noopener\">Instagram<\/a><\/li>\n<li><a target=\"_blank\" href=\"https:\/\/www.tiktok.com\/@colaboracion.ual\" rel=\"noopener\">TikTok<\/a><\/li>\n<\/ul>[\/et_pb_text][\/et_pb_column][\/et_pb_row][\/et_pb_section]\n","protected":false},"excerpt":{"rendered":"<p>La cooperaci\u00f3n internacional avanza con fuerza. Tras los importantes logros en Nicaragua, el proyecto \u201cEmpoderamiento y Sostenibilidad en la Agricultura\u201d da un paso m\u00e1s con el inicio de dos nuevas l\u00edneas de trabajo en Costa Rica y Guatemala. Estos proyectos, impulsados por la Universidad de Almer\u00eda (UAL) en colaboraci\u00f3n con la Agencias de cooperaci\u00f3n internacional [&hellip;]<\/p>\n","protected":false},"author":1,"featured_media":1897,"comment_status":"closed","ping_status":"closed","sticky":false,"template":"","format":"standard","meta":{"_et_pb_use_builder":"on","_et_pb_old_content":"","_et_gb_content_width":"1080","footnotes":""},"categories":[5,6],"tags":[],"class_list":["post-1893","post","type-post","status-publish","format-standard","has-post-thumbnail","hentry","category-costa-rica","category-guatemala"],"yoast_head":"<!-- This site is optimized with the Yoast SEO plugin v27.4 - https:\/\/yoast.com\/product\/yoast-seo-wordpress\/ -->\n<title>Cooperaci\u00f3n internacional: avance en los proyectos en Costa Rica y Guatemala - UAL-ENCA<\/title>\n<meta name=\"description\" content=\"La cooperaci\u00f3n internacional avanza. El proyecto \u201cEmpoderamiento y Sostenibilidad en la Agricultura\u201d da un paso m\u00e1s en Costa Rica y Guatemala\" \/>\n<meta name=\"robots\" content=\"index, follow, max-snippet:-1, max-image-preview:large, max-video-preview:-1\" \/>\n<link rel=\"canonical\" href=\"https:\/\/www2.ual.es\/proyecto_aecid_UAL-ENCA\/2025\/06\/26\/cooperacion-internacional-avance-en-los-proyectos-en-costa-rica-y-guatemala\/\" \/>\n<meta property=\"og:locale\" content=\"es_ES\" \/>\n<meta property=\"og:type\" content=\"article\" \/>\n<meta property=\"og:title\" content=\"Cooperaci\u00f3n internacional: avance en los proyectos en Costa Rica y Guatemala - UAL-ENCA\" \/>\n<meta property=\"og:description\" content=\"La cooperaci\u00f3n internacional avanza. El proyecto \u201cEmpoderamiento y Sostenibilidad en la Agricultura\u201d da un paso m\u00e1s en Costa Rica y Guatemala\" \/>\n<meta property=\"og:url\" content=\"https:\/\/www2.ual.es\/proyecto_aecid_UAL-ENCA\/2025\/06\/26\/cooperacion-internacional-avance-en-los-proyectos-en-costa-rica-y-guatemala\/\" \/>\n<meta property=\"og:site_name\" content=\"UAL-ENCA\" \/>\n<meta property=\"article:publisher\" content=\"https:\/\/www.facebook.com\/colaboracion.UAL\" \/>\n<meta property=\"article:published_time\" content=\"2025-06-26T09:53:17+00:00\" \/>\n<meta property=\"article:modified_time\" content=\"2025-07-02T11:19:36+00:00\" \/>\n<meta property=\"og:image\" content=\"https:\/\/www2.ual.es\/proyecto_aecid_UAL-ENCA\/wp-content\/uploads\/2025\/06\/Cooperacion-internacional-avance-en-los-proyectos-en-Costa-Rica-y-Guatemala.jpg\" \/>\n\t<meta property=\"og:image:width\" content=\"800\" \/>\n\t<meta property=\"og:image:height\" content=\"532\" \/>\n\t<meta property=\"og:image:type\" content=\"image\/jpeg\" \/>\n<meta name=\"author\" content=\"enca-admin\" \/>\n<meta name=\"twitter:card\" content=\"summary_large_image\" \/>\n<meta name=\"twitter:label1\" content=\"Escrito por\" \/>\n\t<meta name=\"twitter:data1\" content=\"enca-admin\" \/>\n\t<meta name=\"twitter:label2\" content=\"Tiempo de lectura\" \/>\n\t<meta name=\"twitter:data2\" content=\"2 minutos\" \/>\n<script type=\"application\/ld+json\" class=\"yoast-schema-graph\">{\"@context\":\"https:\\\/\\\/schema.org\",\"@graph\":[{\"@type\":\"Article\",\"@id\":\"https:\\\/\\\/www2.ual.es\\\/proyecto_aecid_UAL-ENCA\\\/2025\\\/06\\\/26\\\/cooperacion-internacional-avance-en-los-proyectos-en-costa-rica-y-guatemala\\\/#article\",\"isPartOf\":{\"@id\":\"https:\\\/\\\/www2.ual.es\\\/proyecto_aecid_UAL-ENCA\\\/2025\\\/06\\\/26\\\/cooperacion-internacional-avance-en-los-proyectos-en-costa-rica-y-guatemala\\\/\"},\"author\":{\"name\":\"enca-admin\",\"@id\":\"https:\\\/\\\/www2.ual.es\\\/proyecto_aecid_UAL-ENCA\\\/#\\\/schema\\\/person\\\/972e4dd3b6cef18cd958398d0be27f80\"},\"headline\":\"Cooperaci\u00f3n internacional: avance en los proyectos en Costa Rica y Guatemala\",\"datePublished\":\"2025-06-26T09:53:17+00:00\",\"dateModified\":\"2025-07-02T11:19:36+00:00\",\"mainEntityOfPage\":{\"@id\":\"https:\\\/\\\/www2.ual.es\\\/proyecto_aecid_UAL-ENCA\\\/2025\\\/06\\\/26\\\/cooperacion-internacional-avance-en-los-proyectos-en-costa-rica-y-guatemala\\\/\"},\"wordCount\":534,\"publisher\":{\"@id\":\"https:\\\/\\\/www2.ual.es\\\/proyecto_aecid_UAL-ENCA\\\/#organization\"},\"image\":{\"@id\":\"https:\\\/\\\/www2.ual.es\\\/proyecto_aecid_UAL-ENCA\\\/2025\\\/06\\\/26\\\/cooperacion-internacional-avance-en-los-proyectos-en-costa-rica-y-guatemala\\\/#primaryimage\"},\"thumbnailUrl\":\"https:\\\/\\\/www2.ual.es\\\/proyecto_aecid_UAL-ENCA\\\/wp-content\\\/uploads\\\/2025\\\/06\\\/Cooperacion-internacional-avance-en-los-proyectos-en-Costa-Rica-y-Guatemala.jpg\",\"articleSection\":[\"Costa Rica\",\"Guatemala\"],\"inLanguage\":\"es\"},{\"@type\":\"WebPage\",\"@id\":\"https:\\\/\\\/www2.ual.es\\\/proyecto_aecid_UAL-ENCA\\\/2025\\\/06\\\/26\\\/cooperacion-internacional-avance-en-los-proyectos-en-costa-rica-y-guatemala\\\/\",\"url\":\"https:\\\/\\\/www2.ual.es\\\/proyecto_aecid_UAL-ENCA\\\/2025\\\/06\\\/26\\\/cooperacion-internacional-avance-en-los-proyectos-en-costa-rica-y-guatemala\\\/\",\"name\":\"Cooperaci\u00f3n internacional: avance en los proyectos en Costa Rica y Guatemala - UAL-ENCA\",\"isPartOf\":{\"@id\":\"https:\\\/\\\/www2.ual.es\\\/proyecto_aecid_UAL-ENCA\\\/#website\"},\"primaryImageOfPage\":{\"@id\":\"https:\\\/\\\/www2.ual.es\\\/proyecto_aecid_UAL-ENCA\\\/2025\\\/06\\\/26\\\/cooperacion-internacional-avance-en-los-proyectos-en-costa-rica-y-guatemala\\\/#primaryimage\"},\"image\":{\"@id\":\"https:\\\/\\\/www2.ual.es\\\/proyecto_aecid_UAL-ENCA\\\/2025\\\/06\\\/26\\\/cooperacion-internacional-avance-en-los-proyectos-en-costa-rica-y-guatemala\\\/#primaryimage\"},\"thumbnailUrl\":\"https:\\\/\\\/www2.ual.es\\\/proyecto_aecid_UAL-ENCA\\\/wp-content\\\/uploads\\\/2025\\\/06\\\/Cooperacion-internacional-avance-en-los-proyectos-en-Costa-Rica-y-Guatemala.jpg\",\"datePublished\":\"2025-06-26T09:53:17+00:00\",\"dateModified\":\"2025-07-02T11:19:36+00:00\",\"description\":\"La cooperaci\u00f3n internacional avanza. El proyecto \u201cEmpoderamiento y Sostenibilidad en la Agricultura\u201d da un paso m\u00e1s en Costa Rica y Guatemala\",\"breadcrumb\":{\"@id\":\"https:\\\/\\\/www2.ual.es\\\/proyecto_aecid_UAL-ENCA\\\/2025\\\/06\\\/26\\\/cooperacion-internacional-avance-en-los-proyectos-en-costa-rica-y-guatemala\\\/#breadcrumb\"},\"inLanguage\":\"es\",\"potentialAction\":[{\"@type\":\"ReadAction\",\"target\":[\"https:\\\/\\\/www2.ual.es\\\/proyecto_aecid_UAL-ENCA\\\/2025\\\/06\\\/26\\\/cooperacion-internacional-avance-en-los-proyectos-en-costa-rica-y-guatemala\\\/\"]}]},{\"@type\":\"ImageObject\",\"inLanguage\":\"es\",\"@id\":\"https:\\\/\\\/www2.ual.es\\\/proyecto_aecid_UAL-ENCA\\\/2025\\\/06\\\/26\\\/cooperacion-internacional-avance-en-los-proyectos-en-costa-rica-y-guatemala\\\/#primaryimage\",\"url\":\"https:\\\/\\\/www2.ual.es\\\/proyecto_aecid_UAL-ENCA\\\/wp-content\\\/uploads\\\/2025\\\/06\\\/Cooperacion-internacional-avance-en-los-proyectos-en-Costa-Rica-y-Guatemala.jpg\",\"contentUrl\":\"https:\\\/\\\/www2.ual.es\\\/proyecto_aecid_UAL-ENCA\\\/wp-content\\\/uploads\\\/2025\\\/06\\\/Cooperacion-internacional-avance-en-los-proyectos-en-Costa-Rica-y-Guatemala.jpg\",\"width\":800,\"height\":532,\"caption\":\"Cooperacio\u0301n internacional - avance en los proyectos en Costa Rica y Guatemala\"},{\"@type\":\"BreadcrumbList\",\"@id\":\"https:\\\/\\\/www2.ual.es\\\/proyecto_aecid_UAL-ENCA\\\/2025\\\/06\\\/26\\\/cooperacion-internacional-avance-en-los-proyectos-en-costa-rica-y-guatemala\\\/#breadcrumb\",\"itemListElement\":[{\"@type\":\"ListItem\",\"position\":1,\"name\":\"Portada\",\"item\":\"https:\\\/\\\/www2.ual.es\\\/proyecto_aecid_UAL-ENCA\\\/\"},{\"@type\":\"ListItem\",\"position\":2,\"name\":\"Cooperaci\u00f3n internacional: avance en los proyectos en Costa Rica y Guatemala\"}]},{\"@type\":\"WebSite\",\"@id\":\"https:\\\/\\\/www2.ual.es\\\/proyecto_aecid_UAL-ENCA\\\/#website\",\"url\":\"https:\\\/\\\/www2.ual.es\\\/proyecto_aecid_UAL-ENCA\\\/\",\"name\":\"Colaboraci\u00f3n UAL\",\"description\":\"Proyecto UAL-ENCA\",\"publisher\":{\"@id\":\"https:\\\/\\\/www2.ual.es\\\/proyecto_aecid_UAL-ENCA\\\/#organization\"},\"potentialAction\":[{\"@type\":\"SearchAction\",\"target\":{\"@type\":\"EntryPoint\",\"urlTemplate\":\"https:\\\/\\\/www2.ual.es\\\/proyecto_aecid_UAL-ENCA\\\/?s={search_term_string}\"},\"query-input\":{\"@type\":\"PropertyValueSpecification\",\"valueRequired\":true,\"valueName\":\"search_term_string\"}}],\"inLanguage\":\"es\"},{\"@type\":\"Organization\",\"@id\":\"https:\\\/\\\/www2.ual.es\\\/proyecto_aecid_UAL-ENCA\\\/#organization\",\"name\":\"Colaboraci\u00f3n UAL\",\"url\":\"https:\\\/\\\/www2.ual.es\\\/proyecto_aecid_UAL-ENCA\\\/\",\"logo\":{\"@type\":\"ImageObject\",\"inLanguage\":\"es\",\"@id\":\"https:\\\/\\\/www2.ual.es\\\/proyecto_aecid_UAL-ENCA\\\/#\\\/schema\\\/logo\\\/image\\\/\",\"url\":\"https:\\\/\\\/www2.ual.es\\\/proyecto_aecid_UAL-ENCA\\\/wp-content\\\/uploads\\\/2025\\\/04\\\/cropped-logoUniversidad.png\",\"contentUrl\":\"https:\\\/\\\/www2.ual.es\\\/proyecto_aecid_UAL-ENCA\\\/wp-content\\\/uploads\\\/2025\\\/04\\\/cropped-logoUniversidad.png\",\"width\":512,\"height\":512,\"caption\":\"Colaboraci\u00f3n UAL\"},\"image\":{\"@id\":\"https:\\\/\\\/www2.ual.es\\\/proyecto_aecid_UAL-ENCA\\\/#\\\/schema\\\/logo\\\/image\\\/\"},\"sameAs\":[\"https:\\\/\\\/www.facebook.com\\\/colaboracion.UAL\",\"https:\\\/\\\/www.instagram.com\\\/colaboracion.ual\",\"https:\\\/\\\/www.tiktok.com\\\/@colaboracion.ual\"]},{\"@type\":\"Person\",\"@id\":\"https:\\\/\\\/www2.ual.es\\\/proyecto_aecid_UAL-ENCA\\\/#\\\/schema\\\/person\\\/972e4dd3b6cef18cd958398d0be27f80\",\"name\":\"enca-admin\",\"image\":{\"@type\":\"ImageObject\",\"inLanguage\":\"es\",\"@id\":\"https:\\\/\\\/secure.gravatar.com\\\/avatar\\\/d3f557e3081c5b56eb83c595e7c177c2d80c9d4a7da37300e7785e1bef6fa5fb?s=96&d=mm&r=g\",\"url\":\"https:\\\/\\\/secure.gravatar.com\\\/avatar\\\/d3f557e3081c5b56eb83c595e7c177c2d80c9d4a7da37300e7785e1bef6fa5fb?s=96&d=mm&r=g\",\"contentUrl\":\"https:\\\/\\\/secure.gravatar.com\\\/avatar\\\/d3f557e3081c5b56eb83c595e7c177c2d80c9d4a7da37300e7785e1bef6fa5fb?s=96&d=mm&r=g\",\"caption\":\"enca-admin\"},\"sameAs\":[\"http:\\\/\\\/www2.ual.es\\\/proyecto_aecid_UAL-ENCA\"],\"url\":\"https:\\\/\\\/www2.ual.es\\\/proyecto_aecid_UAL-ENCA\\\/author\\\/enca-admin\\\/\"}]}<\/script>\n<!-- \/ Yoast SEO plugin. -->","yoast_head_json":{"title":"Cooperaci\u00f3n internacional: avance en los proyectos en Costa Rica y Guatemala - UAL-ENCA","description":"La cooperaci\u00f3n internacional avanza. El proyecto \u201cEmpoderamiento y Sostenibilidad en la Agricultura\u201d da un paso m\u00e1s en Costa Rica y Guatemala","robots":{"index":"index","follow":"follow","max-snippet":"max-snippet:-1","max-image-preview":"max-image-preview:large","max-video-preview":"max-video-preview:-1"},"canonical":"https:\/\/www2.ual.es\/proyecto_aecid_UAL-ENCA\/2025\/06\/26\/cooperacion-internacional-avance-en-los-proyectos-en-costa-rica-y-guatemala\/","og_locale":"es_ES","og_type":"article","og_title":"Cooperaci\u00f3n internacional: avance en los proyectos en Costa Rica y Guatemala - UAL-ENCA","og_description":"La cooperaci\u00f3n internacional avanza. El proyecto \u201cEmpoderamiento y Sostenibilidad en la Agricultura\u201d da un paso m\u00e1s en Costa Rica y Guatemala","og_url":"https:\/\/www2.ual.es\/proyecto_aecid_UAL-ENCA\/2025\/06\/26\/cooperacion-internacional-avance-en-los-proyectos-en-costa-rica-y-guatemala\/","og_site_name":"UAL-ENCA","article_publisher":"https:\/\/www.facebook.com\/colaboracion.UAL","article_published_time":"2025-06-26T09:53:17+00:00","article_modified_time":"2025-07-02T11:19:36+00:00","og_image":[{"width":800,"height":532,"url":"https:\/\/www2.ual.es\/proyecto_aecid_UAL-ENCA\/wp-content\/uploads\/2025\/06\/Cooperacion-internacional-avance-en-los-proyectos-en-Costa-Rica-y-Guatemala.jpg","type":"image\/jpeg"}],"author":"enca-admin","twitter_card":"summary_large_image","twitter_misc":{"Escrito por":"enca-admin","Tiempo de lectura":"2 minutos"},"schema":{"@context":"https:\/\/schema.org","@graph":[{"@type":"Article","@id":"https:\/\/www2.ual.es\/proyecto_aecid_UAL-ENCA\/2025\/06\/26\/cooperacion-internacional-avance-en-los-proyectos-en-costa-rica-y-guatemala\/#article","isPartOf":{"@id":"https:\/\/www2.ual.es\/proyecto_aecid_UAL-ENCA\/2025\/06\/26\/cooperacion-internacional-avance-en-los-proyectos-en-costa-rica-y-guatemala\/"},"author":{"name":"enca-admin","@id":"https:\/\/www2.ual.es\/proyecto_aecid_UAL-ENCA\/#\/schema\/person\/972e4dd3b6cef18cd958398d0be27f80"},"headline":"Cooperaci\u00f3n internacional: avance en los proyectos en Costa Rica y Guatemala","datePublished":"2025-06-26T09:53:17+00:00","dateModified":"2025-07-02T11:19:36+00:00","mainEntityOfPage":{"@id":"https:\/\/www2.ual.es\/proyecto_aecid_UAL-ENCA\/2025\/06\/26\/cooperacion-internacional-avance-en-los-proyectos-en-costa-rica-y-guatemala\/"},"wordCount":534,"publisher":{"@id":"https:\/\/www2.ual.es\/proyecto_aecid_UAL-ENCA\/#organization"},"image":{"@id":"https:\/\/www2.ual.es\/proyecto_aecid_UAL-ENCA\/2025\/06\/26\/cooperacion-internacional-avance-en-los-proyectos-en-costa-rica-y-guatemala\/#primaryimage"},"thumbnailUrl":"https:\/\/www2.ual.es\/proyecto_aecid_UAL-ENCA\/wp-content\/uploads\/2025\/06\/Cooperacion-internacional-avance-en-los-proyectos-en-Costa-Rica-y-Guatemala.jpg","articleSection":["Costa Rica","Guatemala"],"inLanguage":"es"},{"@type":"WebPage","@id":"https:\/\/www2.ual.es\/proyecto_aecid_UAL-ENCA\/2025\/06\/26\/cooperacion-internacional-avance-en-los-proyectos-en-costa-rica-y-guatemala\/","url":"https:\/\/www2.ual.es\/proyecto_aecid_UAL-ENCA\/2025\/06\/26\/cooperacion-internacional-avance-en-los-proyectos-en-costa-rica-y-guatemala\/","name":"Cooperaci\u00f3n internacional: avance en los proyectos en Costa Rica y Guatemala - UAL-ENCA","isPartOf":{"@id":"https:\/\/www2.ual.es\/proyecto_aecid_UAL-ENCA\/#website"},"primaryImageOfPage":{"@id":"https:\/\/www2.ual.es\/proyecto_aecid_UAL-ENCA\/2025\/06\/26\/cooperacion-internacional-avance-en-los-proyectos-en-costa-rica-y-guatemala\/#primaryimage"},"image":{"@id":"https:\/\/www2.ual.es\/proyecto_aecid_UAL-ENCA\/2025\/06\/26\/cooperacion-internacional-avance-en-los-proyectos-en-costa-rica-y-guatemala\/#primaryimage"},"thumbnailUrl":"https:\/\/www2.ual.es\/proyecto_aecid_UAL-ENCA\/wp-content\/uploads\/2025\/06\/Cooperacion-internacional-avance-en-los-proyectos-en-Costa-Rica-y-Guatemala.jpg","datePublished":"2025-06-26T09:53:17+00:00","dateModified":"2025-07-02T11:19:36+00:00","description":"La cooperaci\u00f3n internacional avanza. El proyecto \u201cEmpoderamiento y Sostenibilidad en la Agricultura\u201d da un paso m\u00e1s en Costa Rica y Guatemala","breadcrumb":{"@id":"https:\/\/www2.ual.es\/proyecto_aecid_UAL-ENCA\/2025\/06\/26\/cooperacion-internacional-avance-en-los-proyectos-en-costa-rica-y-guatemala\/#breadcrumb"},"inLanguage":"es","potentialAction":[{"@type":"ReadAction","target":["https:\/\/www2.ual.es\/proyecto_aecid_UAL-ENCA\/2025\/06\/26\/cooperacion-internacional-avance-en-los-proyectos-en-costa-rica-y-guatemala\/"]}]},{"@type":"ImageObject","inLanguage":"es","@id":"https:\/\/www2.ual.es\/proyecto_aecid_UAL-ENCA\/2025\/06\/26\/cooperacion-internacional-avance-en-los-proyectos-en-costa-rica-y-guatemala\/#primaryimage","url":"https:\/\/www2.ual.es\/proyecto_aecid_UAL-ENCA\/wp-content\/uploads\/2025\/06\/Cooperacion-internacional-avance-en-los-proyectos-en-Costa-Rica-y-Guatemala.jpg","contentUrl":"https:\/\/www2.ual.es\/proyecto_aecid_UAL-ENCA\/wp-content\/uploads\/2025\/06\/Cooperacion-internacional-avance-en-los-proyectos-en-Costa-Rica-y-Guatemala.jpg","width":800,"height":532,"caption":"Cooperacio\u0301n internacional - avance en los proyectos en Costa Rica y Guatemala"},{"@type":"BreadcrumbList","@id":"https:\/\/www2.ual.es\/proyecto_aecid_UAL-ENCA\/2025\/06\/26\/cooperacion-internacional-avance-en-los-proyectos-en-costa-rica-y-guatemala\/#breadcrumb","itemListElement":[{"@type":"ListItem","position":1,"name":"Portada","item":"https:\/\/www2.ual.es\/proyecto_aecid_UAL-ENCA\/"},{"@type":"ListItem","position":2,"name":"Cooperaci\u00f3n internacional: avance en los proyectos en Costa Rica y Guatemala"}]},{"@type":"WebSite","@id":"https:\/\/www2.ual.es\/proyecto_aecid_UAL-ENCA\/#website","url":"https:\/\/www2.ual.es\/proyecto_aecid_UAL-ENCA\/","name":"Colaboraci\u00f3n UAL","description":"Proyecto UAL-ENCA","publisher":{"@id":"https:\/\/www2.ual.es\/proyecto_aecid_UAL-ENCA\/#organization"},"potentialAction":[{"@type":"SearchAction","target":{"@type":"EntryPoint","urlTemplate":"https:\/\/www2.ual.es\/proyecto_aecid_UAL-ENCA\/?s={search_term_string}"},"query-input":{"@type":"PropertyValueSpecification","valueRequired":true,"valueName":"search_term_string"}}],"inLanguage":"es"},{"@type":"Organization","@id":"https:\/\/www2.ual.es\/proyecto_aecid_UAL-ENCA\/#organization","name":"Colaboraci\u00f3n UAL","url":"https:\/\/www2.ual.es\/proyecto_aecid_UAL-ENCA\/","logo":{"@type":"ImageObject","inLanguage":"es","@id":"https:\/\/www2.ual.es\/proyecto_aecid_UAL-ENCA\/#\/schema\/logo\/image\/","url":"https:\/\/www2.ual.es\/proyecto_aecid_UAL-ENCA\/wp-content\/uploads\/2025\/04\/cropped-logoUniversidad.png","contentUrl":"https:\/\/www2.ual.es\/proyecto_aecid_UAL-ENCA\/wp-content\/uploads\/2025\/04\/cropped-logoUniversidad.png","width":512,"height":512,"caption":"Colaboraci\u00f3n UAL"},"image":{"@id":"https:\/\/www2.ual.es\/proyecto_aecid_UAL-ENCA\/#\/schema\/logo\/image\/"},"sameAs":["https:\/\/www.facebook.com\/colaboracion.UAL","https:\/\/www.instagram.com\/colaboracion.ual","https:\/\/www.tiktok.com\/@colaboracion.ual"]},{"@type":"Person","@id":"https:\/\/www2.ual.es\/proyecto_aecid_UAL-ENCA\/#\/schema\/person\/972e4dd3b6cef18cd958398d0be27f80","name":"enca-admin","image":{"@type":"ImageObject","inLanguage":"es","@id":"https:\/\/secure.gravatar.com\/avatar\/d3f557e3081c5b56eb83c595e7c177c2d80c9d4a7da37300e7785e1bef6fa5fb?s=96&d=mm&r=g","url":"https:\/\/secure.gravatar.com\/avatar\/d3f557e3081c5b56eb83c595e7c177c2d80c9d4a7da37300e7785e1bef6fa5fb?s=96&d=mm&r=g","contentUrl":"https:\/\/secure.gravatar.com\/avatar\/d3f557e3081c5b56eb83c595e7c177c2d80c9d4a7da37300e7785e1bef6fa5fb?s=96&d=mm&r=g","caption":"enca-admin"},"sameAs":["http:\/\/www2.ual.es\/proyecto_aecid_UAL-ENCA"],"url":"https:\/\/www2.ual.es\/proyecto_aecid_UAL-ENCA\/author\/enca-admin\/"}]}},"_links":{"self":[{"href":"https:\/\/www2.ual.es\/proyecto_aecid_UAL-ENCA\/wp-json\/wp\/v2\/posts\/1893","targetHints":{"allow":["GET"]}}],"collection":[{"href":"https:\/\/www2.ual.es\/proyecto_aecid_UAL-ENCA\/wp-json\/wp\/v2\/posts"}],"about":[{"href":"https:\/\/www2.ual.es\/proyecto_aecid_UAL-ENCA\/wp-json\/wp\/v2\/types\/post"}],"author":[{"embeddable":true,"href":"https:\/\/www2.ual.es\/proyecto_aecid_UAL-ENCA\/wp-json\/wp\/v2\/users\/1"}],"replies":[{"embeddable":true,"href":"https:\/\/www2.ual.es\/proyecto_aecid_UAL-ENCA\/wp-json\/wp\/v2\/comments?post=1893"}],"version-history":[{"count":3,"href":"https:\/\/www2.ual.es\/proyecto_aecid_UAL-ENCA\/wp-json\/wp\/v2\/posts\/1893\/revisions"}],"predecessor-version":[{"id":1898,"href":"https:\/\/www2.ual.es\/proyecto_aecid_UAL-ENCA\/wp-json\/wp\/v2\/posts\/1893\/revisions\/1898"}],"wp:featuredmedia":[{"embeddable":true,"href":"https:\/\/www2.ual.es\/proyecto_aecid_UAL-ENCA\/wp-json\/wp\/v2\/media\/1897"}],"wp:attachment":[{"href":"https:\/\/www2.ual.es\/proyecto_aecid_UAL-ENCA\/wp-json\/wp\/v2\/media?parent=1893"}],"wp:term":[{"taxonomy":"category","embeddable":true,"href":"https:\/\/www2.ual.es\/proyecto_aecid_UAL-ENCA\/wp-json\/wp\/v2\/categories?post=1893"},{"taxonomy":"post_tag","embeddable":true,"href":"https:\/\/www2.ual.es\/proyecto_aecid_UAL-ENCA\/wp-json\/wp\/v2\/tags?post=1893"}],"curies":[{"name":"wp","href":"https:\/\/api.w.org\/{rel}","templated":true}]}}