{"id":1884,"date":"2025-06-23T12:47:48","date_gmt":"2025-06-23T10:47:48","guid":{"rendered":"https:\/\/www2.ual.es\/proyecto_aecid_UAL-ENCA\/?p=1884"},"modified":"2025-07-02T13:20:09","modified_gmt":"2025-07-02T11:20:09","slug":"intercambio-academico-para-la-sostenibilidad-entre-el-tec-y-enca","status":"publish","type":"post","link":"https:\/\/www2.ual.es\/proyecto_aecid_UAL-ENCA\/2025\/06\/23\/intercambio-academico-para-la-sostenibilidad-entre-el-tec-y-enca\/","title":{"rendered":"Intercambio acad\u00e9mico para la sostenibilidad entre el TEC y ENCA"},"content":{"rendered":"\n[et_pb_section fb_built=\u00bb1&#8243; _builder_version=\u00bb4.27.4&#8243; _module_preset=\u00bbdefault\u00bb custom_padding=\u00bb0px||||false|false\u00bb global_colors_info=\u00bb{}\u00bb][et_pb_row _builder_version=\u00bb4.27.4&#8243; _module_preset=\u00bbdefault\u00bb global_colors_info=\u00bb{}\u00bb][et_pb_column type=\u00bb4_4&#8243; _builder_version=\u00bb4.27.4&#8243; _module_preset=\u00bbdefault\u00bb global_colors_info=\u00bb{}\u00bb][et_pb_text _builder_version=\u00bb4.27.4&#8243; _module_preset=\u00bbdefault\u00bb hover_enabled=\u00bb0&#8243; global_colors_info=\u00bb{}\u00bb sticky_enabled=\u00bb0&#8243;]<p><span style=\"font-weight: 400;\">El pasado 21 de mayo, la Universidad de Almer\u00eda particip\u00f3 en una reuni\u00f3n virtual clave junto a funcionarios y tres estudiantes del<\/span><b> Instituto Tecnol\u00f3gico de Costa Rica (TEC)<\/b><span style=\"font-weight: 400;\">, en el marco del proyecto de <\/span><b>Cooperaci\u00f3n Internacional al Desarrollo<\/b><span style=\"font-weight: 400;\"> que lidera la<\/span><b> Universidad de Almer\u00eda<\/b><span style=\"font-weight: 400;\"> en colaboraci\u00f3n con la <\/span><b>ENCA<\/b><span style=\"font-weight: 400;\"> (Escuela Nacional Central de Agricultura de Guatemala) y otros socios regionales<\/span><span style=\"font-weight: 400;\">, con el objetivo de coordinar un <strong>intercambio acad\u00e9mico internacional<\/strong> que fortalezca la formaci\u00f3n y la colaboraci\u00f3n entre instituciones.<\/span><\/p>\n<p><span style=\"font-weight: 400;\"><\/span><\/p>\n<p><span style=\"font-weight: 400;\">Esta reuni\u00f3n tuvo como objetivo definir aspectos log\u00edsticos y acad\u00e9micos relacionados con el inicio de una pasant\u00eda internacional, que permitir\u00e1 a tres estudiantes costarricenses integrarse entre agosto y diciembre en actividades de investigaci\u00f3n, producci\u00f3n agr\u00edcola y formaci\u00f3n en la <\/span><b>ENCA<\/b><span style=\"font-weight: 400;\"> (Guatemala), como parte del eje acad\u00e9mico del proyecto.<\/span><\/p>\n<p><span style=\"font-weight: 400;\">Durante este mes de junio, el <\/span><b>TEC<\/b><span style=\"font-weight: 400;\"> enviar\u00e1 el perfil profesional de los estudiantes seleccionados. A su vez, la <\/span><b>ENCA<\/b><span style=\"font-weight: 400;\"> gestionar\u00e1 la aprobaci\u00f3n del <\/span><b>intercambio acad\u00e9mico<\/b><span style=\"font-weight: 400;\"> a trav\u00e9s del Consejo Directivo y remitir\u00e1 una carta de entendimiento que formalice la cooperaci\u00f3n. Este proceso refleja el compromiso institucional por fomentar experiencias formativas de alto valor, enmarcadas en un<\/span><b> modelo de agricultura sostenible, tecnol\u00f3gica y socialmente responsable<\/b><span style=\"font-weight: 400;\">.<\/span><\/p>\n<p><span style=\"font-weight: 400;\">Este <\/span><b>intercambio acad\u00e9mico internacional<\/b><span style=\"font-weight: 400;\"> forma parte de un esfuerzo conjunto para promover un desarrollo agr\u00edcola que responda a los desaf\u00edos ambientales y sociales de la regi\u00f3n. La instalaci\u00f3n de invernaderos modelo, la formaci\u00f3n t\u00e9cnica y la colaboraci\u00f3n entre universidades son pilares fundamentales del proyecto, que ya est\u00e1 generando impacto en Nicaragua y se prepara para dar nuevos pasos en <\/span><b>Guatemala y Costa Rica<\/b><span style=\"font-weight: 400;\">.<\/span><\/p>\n<p><span style=\"font-weight: 400;\">La coordinaci\u00f3n de la <\/span><b>Universidad de Almer\u00eda<\/b><span style=\"font-weight: 400;\"> ha sido clave en este proceso de entendimiento y avance entre instituciones, consolidando puentes entre Centroam\u00e9rica y Espa\u00f1a a trav\u00e9s del conocimiento, la innovaci\u00f3n y la cooperaci\u00f3n.<\/span><\/p>[\/et_pb_text][\/et_pb_column][\/et_pb_row][et_pb_row _builder_version=\u00bb4.27.4&#8243; _module_preset=\u00bbdefault\u00bb global_colors_info=\u00bb{}\u00bb][et_pb_column type=\u00bb4_4&#8243; _builder_version=\u00bb4.27.4&#8243; _module_preset=\u00bbdefault\u00bb global_colors_info=\u00bb{}\u00bb][et_pb_image src=\u00bbhttps:\/\/www2.ual.es\/proyecto_aecid_UAL-ENCA\/wp-content\/uploads\/2025\/06\/Intercambio-academico-para-la-sostenibilidad-entre-el-TEC-y-ENCA-2.jpg\u00bb alt=\u00bbIntercambio acade\u0301mico para la sostenibilidad entre el TEC y ENCA 2&#8243; title_text=\u00bbIntercambio acade\u0301mico para la sostenibilidad entre el TEC y ENCA 2&#8243; align=\u00bbcenter\u00bb _builder_version=\u00bb4.27.4&#8243; _module_preset=\u00bbdefault\u00bb global_colors_info=\u00bb{}\u00bb][\/et_pb_image][\/et_pb_column][\/et_pb_row][et_pb_row _builder_version=\u00bb4.27.4&#8243; _module_preset=\u00bbdefault\u00bb global_colors_info=\u00bb{}\u00bb][et_pb_column type=\u00bb4_4&#8243; _builder_version=\u00bb4.27.4&#8243; _module_preset=\u00bbdefault\u00bb global_colors_info=\u00bb{}\u00bb][et_pb_text _builder_version=\u00bb4.27.4&#8243; _module_preset=\u00bbdefault\u00bb global_colors_info=\u00bb{}\u00bb]<p>S\u00edguenos en nuestras redes sociales y no te pierdas los avances de estos proyectos:<\/p>\n<ul>\n<li><a target=\"_blank\" href=\"https:\/\/www.facebook.com\/colaboracion.UAL\/\" rel=\"noopener\">Facebook\u00a0<\/a><\/li>\n<li><a target=\"_blank\" href=\"https:\/\/www.instagram.com\/colaboracion.ual\" rel=\"noopener\">Instagram<\/a><\/li>\n<li><a target=\"_blank\" href=\"https:\/\/www.tiktok.com\/@colaboracion.ual\" rel=\"noopener\">TikTok<\/a><\/li>\n<\/ul>[\/et_pb_text][\/et_pb_column][\/et_pb_row][\/et_pb_section]\n","protected":false},"excerpt":{"rendered":"<p>El pasado 21 de mayo, la Universidad de Almer\u00eda particip\u00f3 en una reuni\u00f3n virtual clave junto a funcionarios y tres estudiantes del Instituto Tecnol\u00f3gico de Costa Rica (TEC), en el marco del proyecto de Cooperaci\u00f3n Internacional al Desarrollo que lidera la Universidad de Almer\u00eda en colaboraci\u00f3n con la ENCA (Escuela Nacional Central de Agricultura de [&hellip;]<\/p>\n","protected":false},"author":1,"featured_media":1889,"comment_status":"closed","ping_status":"closed","sticky":false,"template":"","format":"standard","meta":{"_et_pb_use_builder":"on","_et_pb_old_content":"","_et_gb_content_width":"1080","footnotes":""},"categories":[5,6],"tags":[],"class_list":["post-1884","post","type-post","status-publish","format-standard","has-post-thumbnail","hentry","category-costa-rica","category-guatemala"],"yoast_head":"<!-- This site is optimized with the Yoast SEO plugin v27.4 - https:\/\/yoast.com\/product\/yoast-seo-wordpress\/ -->\n<title>Intercambio acad\u00e9mico para la sostenibilidad entre el TEC y ENCA - UAL-ENCA<\/title>\n<meta name=\"description\" content=\"Impulsamos un intercambio acad\u00e9mico internacional desde la UAl entre el TEC y la ENCA para fomentar una agricultura sostenible e innovadora.\" \/>\n<meta name=\"robots\" content=\"index, follow, max-snippet:-1, max-image-preview:large, max-video-preview:-1\" \/>\n<link rel=\"canonical\" href=\"https:\/\/www2.ual.es\/proyecto_aecid_UAL-ENCA\/2025\/06\/23\/intercambio-academico-para-la-sostenibilidad-entre-el-tec-y-enca\/\" \/>\n<meta property=\"og:locale\" content=\"es_ES\" \/>\n<meta property=\"og:type\" content=\"article\" \/>\n<meta property=\"og:title\" content=\"Intercambio acad\u00e9mico para la sostenibilidad entre el TEC y ENCA - UAL-ENCA\" \/>\n<meta property=\"og:description\" content=\"Impulsamos un intercambio acad\u00e9mico internacional desde la UAl entre el TEC y la ENCA para fomentar una agricultura sostenible e innovadora.\" \/>\n<meta property=\"og:url\" content=\"https:\/\/www2.ual.es\/proyecto_aecid_UAL-ENCA\/2025\/06\/23\/intercambio-academico-para-la-sostenibilidad-entre-el-tec-y-enca\/\" \/>\n<meta property=\"og:site_name\" content=\"UAL-ENCA\" \/>\n<meta property=\"article:publisher\" content=\"https:\/\/www.facebook.com\/colaboracion.UAL\" \/>\n<meta property=\"article:published_time\" content=\"2025-06-23T10:47:48+00:00\" \/>\n<meta property=\"article:modified_time\" content=\"2025-07-02T11:20:09+00:00\" \/>\n<meta property=\"og:image\" content=\"https:\/\/www2.ual.es\/proyecto_aecid_UAL-ENCA\/wp-content\/uploads\/2025\/06\/Intercambio-academico-para-la-sostenibilidad-entre-el-TEC-y-ENCA.webp\" \/>\n\t<meta property=\"og:image:width\" content=\"800\" \/>\n\t<meta property=\"og:image:height\" content=\"487\" \/>\n\t<meta property=\"og:image:type\" content=\"image\/webp\" \/>\n<meta name=\"author\" content=\"enca-admin\" \/>\n<meta name=\"twitter:card\" content=\"summary_large_image\" \/>\n<meta name=\"twitter:label1\" content=\"Escrito por\" \/>\n\t<meta name=\"twitter:data1\" content=\"enca-admin\" \/>\n\t<meta name=\"twitter:label2\" content=\"Tiempo de lectura\" \/>\n\t<meta name=\"twitter:data2\" content=\"2 minutos\" \/>\n<script type=\"application\/ld+json\" class=\"yoast-schema-graph\">{\"@context\":\"https:\\\/\\\/schema.org\",\"@graph\":[{\"@type\":\"Article\",\"@id\":\"https:\\\/\\\/www2.ual.es\\\/proyecto_aecid_UAL-ENCA\\\/2025\\\/06\\\/23\\\/intercambio-academico-para-la-sostenibilidad-entre-el-tec-y-enca\\\/#article\",\"isPartOf\":{\"@id\":\"https:\\\/\\\/www2.ual.es\\\/proyecto_aecid_UAL-ENCA\\\/2025\\\/06\\\/23\\\/intercambio-academico-para-la-sostenibilidad-entre-el-tec-y-enca\\\/\"},\"author\":{\"name\":\"enca-admin\",\"@id\":\"https:\\\/\\\/www2.ual.es\\\/proyecto_aecid_UAL-ENCA\\\/#\\\/schema\\\/person\\\/972e4dd3b6cef18cd958398d0be27f80\"},\"headline\":\"Intercambio acad\u00e9mico para la sostenibilidad entre el TEC y ENCA\",\"datePublished\":\"2025-06-23T10:47:48+00:00\",\"dateModified\":\"2025-07-02T11:20:09+00:00\",\"mainEntityOfPage\":{\"@id\":\"https:\\\/\\\/www2.ual.es\\\/proyecto_aecid_UAL-ENCA\\\/2025\\\/06\\\/23\\\/intercambio-academico-para-la-sostenibilidad-entre-el-tec-y-enca\\\/\"},\"wordCount\":547,\"publisher\":{\"@id\":\"https:\\\/\\\/www2.ual.es\\\/proyecto_aecid_UAL-ENCA\\\/#organization\"},\"image\":{\"@id\":\"https:\\\/\\\/www2.ual.es\\\/proyecto_aecid_UAL-ENCA\\\/2025\\\/06\\\/23\\\/intercambio-academico-para-la-sostenibilidad-entre-el-tec-y-enca\\\/#primaryimage\"},\"thumbnailUrl\":\"https:\\\/\\\/www2.ual.es\\\/proyecto_aecid_UAL-ENCA\\\/wp-content\\\/uploads\\\/2025\\\/06\\\/Intercambio-academico-para-la-sostenibilidad-entre-el-TEC-y-ENCA.webp\",\"articleSection\":[\"Costa Rica\",\"Guatemala\"],\"inLanguage\":\"es\"},{\"@type\":\"WebPage\",\"@id\":\"https:\\\/\\\/www2.ual.es\\\/proyecto_aecid_UAL-ENCA\\\/2025\\\/06\\\/23\\\/intercambio-academico-para-la-sostenibilidad-entre-el-tec-y-enca\\\/\",\"url\":\"https:\\\/\\\/www2.ual.es\\\/proyecto_aecid_UAL-ENCA\\\/2025\\\/06\\\/23\\\/intercambio-academico-para-la-sostenibilidad-entre-el-tec-y-enca\\\/\",\"name\":\"Intercambio acad\u00e9mico para la sostenibilidad entre el TEC y ENCA - UAL-ENCA\",\"isPartOf\":{\"@id\":\"https:\\\/\\\/www2.ual.es\\\/proyecto_aecid_UAL-ENCA\\\/#website\"},\"primaryImageOfPage\":{\"@id\":\"https:\\\/\\\/www2.ual.es\\\/proyecto_aecid_UAL-ENCA\\\/2025\\\/06\\\/23\\\/intercambio-academico-para-la-sostenibilidad-entre-el-tec-y-enca\\\/#primaryimage\"},\"image\":{\"@id\":\"https:\\\/\\\/www2.ual.es\\\/proyecto_aecid_UAL-ENCA\\\/2025\\\/06\\\/23\\\/intercambio-academico-para-la-sostenibilidad-entre-el-tec-y-enca\\\/#primaryimage\"},\"thumbnailUrl\":\"https:\\\/\\\/www2.ual.es\\\/proyecto_aecid_UAL-ENCA\\\/wp-content\\\/uploads\\\/2025\\\/06\\\/Intercambio-academico-para-la-sostenibilidad-entre-el-TEC-y-ENCA.webp\",\"datePublished\":\"2025-06-23T10:47:48+00:00\",\"dateModified\":\"2025-07-02T11:20:09+00:00\",\"description\":\"Impulsamos un intercambio acad\u00e9mico internacional desde la UAl entre el TEC y la ENCA para fomentar una agricultura sostenible e innovadora.\",\"breadcrumb\":{\"@id\":\"https:\\\/\\\/www2.ual.es\\\/proyecto_aecid_UAL-ENCA\\\/2025\\\/06\\\/23\\\/intercambio-academico-para-la-sostenibilidad-entre-el-tec-y-enca\\\/#breadcrumb\"},\"inLanguage\":\"es\",\"potentialAction\":[{\"@type\":\"ReadAction\",\"target\":[\"https:\\\/\\\/www2.ual.es\\\/proyecto_aecid_UAL-ENCA\\\/2025\\\/06\\\/23\\\/intercambio-academico-para-la-sostenibilidad-entre-el-tec-y-enca\\\/\"]}]},{\"@type\":\"ImageObject\",\"inLanguage\":\"es\",\"@id\":\"https:\\\/\\\/www2.ual.es\\\/proyecto_aecid_UAL-ENCA\\\/2025\\\/06\\\/23\\\/intercambio-academico-para-la-sostenibilidad-entre-el-tec-y-enca\\\/#primaryimage\",\"url\":\"https:\\\/\\\/www2.ual.es\\\/proyecto_aecid_UAL-ENCA\\\/wp-content\\\/uploads\\\/2025\\\/06\\\/Intercambio-academico-para-la-sostenibilidad-entre-el-TEC-y-ENCA.webp\",\"contentUrl\":\"https:\\\/\\\/www2.ual.es\\\/proyecto_aecid_UAL-ENCA\\\/wp-content\\\/uploads\\\/2025\\\/06\\\/Intercambio-academico-para-la-sostenibilidad-entre-el-TEC-y-ENCA.webp\",\"width\":800,\"height\":487,\"caption\":\"Intercambio acade\u0301mico para la sostenibilidad entre el TEC y ENCA\"},{\"@type\":\"BreadcrumbList\",\"@id\":\"https:\\\/\\\/www2.ual.es\\\/proyecto_aecid_UAL-ENCA\\\/2025\\\/06\\\/23\\\/intercambio-academico-para-la-sostenibilidad-entre-el-tec-y-enca\\\/#breadcrumb\",\"itemListElement\":[{\"@type\":\"ListItem\",\"position\":1,\"name\":\"Portada\",\"item\":\"https:\\\/\\\/www2.ual.es\\\/proyecto_aecid_UAL-ENCA\\\/\"},{\"@type\":\"ListItem\",\"position\":2,\"name\":\"Intercambio acad\u00e9mico para la sostenibilidad entre el TEC y ENCA\"}]},{\"@type\":\"WebSite\",\"@id\":\"https:\\\/\\\/www2.ual.es\\\/proyecto_aecid_UAL-ENCA\\\/#website\",\"url\":\"https:\\\/\\\/www2.ual.es\\\/proyecto_aecid_UAL-ENCA\\\/\",\"name\":\"Colaboraci\u00f3n UAL\",\"description\":\"Proyecto UAL-ENCA\",\"publisher\":{\"@id\":\"https:\\\/\\\/www2.ual.es\\\/proyecto_aecid_UAL-ENCA\\\/#organization\"},\"potentialAction\":[{\"@type\":\"SearchAction\",\"target\":{\"@type\":\"EntryPoint\",\"urlTemplate\":\"https:\\\/\\\/www2.ual.es\\\/proyecto_aecid_UAL-ENCA\\\/?s={search_term_string}\"},\"query-input\":{\"@type\":\"PropertyValueSpecification\",\"valueRequired\":true,\"valueName\":\"search_term_string\"}}],\"inLanguage\":\"es\"},{\"@type\":\"Organization\",\"@id\":\"https:\\\/\\\/www2.ual.es\\\/proyecto_aecid_UAL-ENCA\\\/#organization\",\"name\":\"Colaboraci\u00f3n UAL\",\"url\":\"https:\\\/\\\/www2.ual.es\\\/proyecto_aecid_UAL-ENCA\\\/\",\"logo\":{\"@type\":\"ImageObject\",\"inLanguage\":\"es\",\"@id\":\"https:\\\/\\\/www2.ual.es\\\/proyecto_aecid_UAL-ENCA\\\/#\\\/schema\\\/logo\\\/image\\\/\",\"url\":\"https:\\\/\\\/www2.ual.es\\\/proyecto_aecid_UAL-ENCA\\\/wp-content\\\/uploads\\\/2025\\\/04\\\/cropped-logoUniversidad.png\",\"contentUrl\":\"https:\\\/\\\/www2.ual.es\\\/proyecto_aecid_UAL-ENCA\\\/wp-content\\\/uploads\\\/2025\\\/04\\\/cropped-logoUniversidad.png\",\"width\":512,\"height\":512,\"caption\":\"Colaboraci\u00f3n UAL\"},\"image\":{\"@id\":\"https:\\\/\\\/www2.ual.es\\\/proyecto_aecid_UAL-ENCA\\\/#\\\/schema\\\/logo\\\/image\\\/\"},\"sameAs\":[\"https:\\\/\\\/www.facebook.com\\\/colaboracion.UAL\",\"https:\\\/\\\/www.instagram.com\\\/colaboracion.ual\",\"https:\\\/\\\/www.tiktok.com\\\/@colaboracion.ual\"]},{\"@type\":\"Person\",\"@id\":\"https:\\\/\\\/www2.ual.es\\\/proyecto_aecid_UAL-ENCA\\\/#\\\/schema\\\/person\\\/972e4dd3b6cef18cd958398d0be27f80\",\"name\":\"enca-admin\",\"image\":{\"@type\":\"ImageObject\",\"inLanguage\":\"es\",\"@id\":\"https:\\\/\\\/secure.gravatar.com\\\/avatar\\\/d3f557e3081c5b56eb83c595e7c177c2d80c9d4a7da37300e7785e1bef6fa5fb?s=96&d=mm&r=g\",\"url\":\"https:\\\/\\\/secure.gravatar.com\\\/avatar\\\/d3f557e3081c5b56eb83c595e7c177c2d80c9d4a7da37300e7785e1bef6fa5fb?s=96&d=mm&r=g\",\"contentUrl\":\"https:\\\/\\\/secure.gravatar.com\\\/avatar\\\/d3f557e3081c5b56eb83c595e7c177c2d80c9d4a7da37300e7785e1bef6fa5fb?s=96&d=mm&r=g\",\"caption\":\"enca-admin\"},\"sameAs\":[\"http:\\\/\\\/www2.ual.es\\\/proyecto_aecid_UAL-ENCA\"],\"url\":\"https:\\\/\\\/www2.ual.es\\\/proyecto_aecid_UAL-ENCA\\\/author\\\/enca-admin\\\/\"}]}<\/script>\n<!-- \/ Yoast SEO plugin. -->","yoast_head_json":{"title":"Intercambio acad\u00e9mico para la sostenibilidad entre el TEC y ENCA - UAL-ENCA","description":"Impulsamos un intercambio acad\u00e9mico internacional desde la UAl entre el TEC y la ENCA para fomentar una agricultura sostenible e innovadora.","robots":{"index":"index","follow":"follow","max-snippet":"max-snippet:-1","max-image-preview":"max-image-preview:large","max-video-preview":"max-video-preview:-1"},"canonical":"https:\/\/www2.ual.es\/proyecto_aecid_UAL-ENCA\/2025\/06\/23\/intercambio-academico-para-la-sostenibilidad-entre-el-tec-y-enca\/","og_locale":"es_ES","og_type":"article","og_title":"Intercambio acad\u00e9mico para la sostenibilidad entre el TEC y ENCA - UAL-ENCA","og_description":"Impulsamos un intercambio acad\u00e9mico internacional desde la UAl entre el TEC y la ENCA para fomentar una agricultura sostenible e innovadora.","og_url":"https:\/\/www2.ual.es\/proyecto_aecid_UAL-ENCA\/2025\/06\/23\/intercambio-academico-para-la-sostenibilidad-entre-el-tec-y-enca\/","og_site_name":"UAL-ENCA","article_publisher":"https:\/\/www.facebook.com\/colaboracion.UAL","article_published_time":"2025-06-23T10:47:48+00:00","article_modified_time":"2025-07-02T11:20:09+00:00","og_image":[{"width":800,"height":487,"url":"https:\/\/www2.ual.es\/proyecto_aecid_UAL-ENCA\/wp-content\/uploads\/2025\/06\/Intercambio-academico-para-la-sostenibilidad-entre-el-TEC-y-ENCA.webp","type":"image\/webp"}],"author":"enca-admin","twitter_card":"summary_large_image","twitter_misc":{"Escrito por":"enca-admin","Tiempo de lectura":"2 minutos"},"schema":{"@context":"https:\/\/schema.org","@graph":[{"@type":"Article","@id":"https:\/\/www2.ual.es\/proyecto_aecid_UAL-ENCA\/2025\/06\/23\/intercambio-academico-para-la-sostenibilidad-entre-el-tec-y-enca\/#article","isPartOf":{"@id":"https:\/\/www2.ual.es\/proyecto_aecid_UAL-ENCA\/2025\/06\/23\/intercambio-academico-para-la-sostenibilidad-entre-el-tec-y-enca\/"},"author":{"name":"enca-admin","@id":"https:\/\/www2.ual.es\/proyecto_aecid_UAL-ENCA\/#\/schema\/person\/972e4dd3b6cef18cd958398d0be27f80"},"headline":"Intercambio acad\u00e9mico para la sostenibilidad entre el TEC y ENCA","datePublished":"2025-06-23T10:47:48+00:00","dateModified":"2025-07-02T11:20:09+00:00","mainEntityOfPage":{"@id":"https:\/\/www2.ual.es\/proyecto_aecid_UAL-ENCA\/2025\/06\/23\/intercambio-academico-para-la-sostenibilidad-entre-el-tec-y-enca\/"},"wordCount":547,"publisher":{"@id":"https:\/\/www2.ual.es\/proyecto_aecid_UAL-ENCA\/#organization"},"image":{"@id":"https:\/\/www2.ual.es\/proyecto_aecid_UAL-ENCA\/2025\/06\/23\/intercambio-academico-para-la-sostenibilidad-entre-el-tec-y-enca\/#primaryimage"},"thumbnailUrl":"https:\/\/www2.ual.es\/proyecto_aecid_UAL-ENCA\/wp-content\/uploads\/2025\/06\/Intercambio-academico-para-la-sostenibilidad-entre-el-TEC-y-ENCA.webp","articleSection":["Costa Rica","Guatemala"],"inLanguage":"es"},{"@type":"WebPage","@id":"https:\/\/www2.ual.es\/proyecto_aecid_UAL-ENCA\/2025\/06\/23\/intercambio-academico-para-la-sostenibilidad-entre-el-tec-y-enca\/","url":"https:\/\/www2.ual.es\/proyecto_aecid_UAL-ENCA\/2025\/06\/23\/intercambio-academico-para-la-sostenibilidad-entre-el-tec-y-enca\/","name":"Intercambio acad\u00e9mico para la sostenibilidad entre el TEC y ENCA - UAL-ENCA","isPartOf":{"@id":"https:\/\/www2.ual.es\/proyecto_aecid_UAL-ENCA\/#website"},"primaryImageOfPage":{"@id":"https:\/\/www2.ual.es\/proyecto_aecid_UAL-ENCA\/2025\/06\/23\/intercambio-academico-para-la-sostenibilidad-entre-el-tec-y-enca\/#primaryimage"},"image":{"@id":"https:\/\/www2.ual.es\/proyecto_aecid_UAL-ENCA\/2025\/06\/23\/intercambio-academico-para-la-sostenibilidad-entre-el-tec-y-enca\/#primaryimage"},"thumbnailUrl":"https:\/\/www2.ual.es\/proyecto_aecid_UAL-ENCA\/wp-content\/uploads\/2025\/06\/Intercambio-academico-para-la-sostenibilidad-entre-el-TEC-y-ENCA.webp","datePublished":"2025-06-23T10:47:48+00:00","dateModified":"2025-07-02T11:20:09+00:00","description":"Impulsamos un intercambio acad\u00e9mico internacional desde la UAl entre el TEC y la ENCA para fomentar una agricultura sostenible e innovadora.","breadcrumb":{"@id":"https:\/\/www2.ual.es\/proyecto_aecid_UAL-ENCA\/2025\/06\/23\/intercambio-academico-para-la-sostenibilidad-entre-el-tec-y-enca\/#breadcrumb"},"inLanguage":"es","potentialAction":[{"@type":"ReadAction","target":["https:\/\/www2.ual.es\/proyecto_aecid_UAL-ENCA\/2025\/06\/23\/intercambio-academico-para-la-sostenibilidad-entre-el-tec-y-enca\/"]}]},{"@type":"ImageObject","inLanguage":"es","@id":"https:\/\/www2.ual.es\/proyecto_aecid_UAL-ENCA\/2025\/06\/23\/intercambio-academico-para-la-sostenibilidad-entre-el-tec-y-enca\/#primaryimage","url":"https:\/\/www2.ual.es\/proyecto_aecid_UAL-ENCA\/wp-content\/uploads\/2025\/06\/Intercambio-academico-para-la-sostenibilidad-entre-el-TEC-y-ENCA.webp","contentUrl":"https:\/\/www2.ual.es\/proyecto_aecid_UAL-ENCA\/wp-content\/uploads\/2025\/06\/Intercambio-academico-para-la-sostenibilidad-entre-el-TEC-y-ENCA.webp","width":800,"height":487,"caption":"Intercambio acade\u0301mico para la sostenibilidad entre el TEC y ENCA"},{"@type":"BreadcrumbList","@id":"https:\/\/www2.ual.es\/proyecto_aecid_UAL-ENCA\/2025\/06\/23\/intercambio-academico-para-la-sostenibilidad-entre-el-tec-y-enca\/#breadcrumb","itemListElement":[{"@type":"ListItem","position":1,"name":"Portada","item":"https:\/\/www2.ual.es\/proyecto_aecid_UAL-ENCA\/"},{"@type":"ListItem","position":2,"name":"Intercambio acad\u00e9mico para la sostenibilidad entre el TEC y ENCA"}]},{"@type":"WebSite","@id":"https:\/\/www2.ual.es\/proyecto_aecid_UAL-ENCA\/#website","url":"https:\/\/www2.ual.es\/proyecto_aecid_UAL-ENCA\/","name":"Colaboraci\u00f3n UAL","description":"Proyecto UAL-ENCA","publisher":{"@id":"https:\/\/www2.ual.es\/proyecto_aecid_UAL-ENCA\/#organization"},"potentialAction":[{"@type":"SearchAction","target":{"@type":"EntryPoint","urlTemplate":"https:\/\/www2.ual.es\/proyecto_aecid_UAL-ENCA\/?s={search_term_string}"},"query-input":{"@type":"PropertyValueSpecification","valueRequired":true,"valueName":"search_term_string"}}],"inLanguage":"es"},{"@type":"Organization","@id":"https:\/\/www2.ual.es\/proyecto_aecid_UAL-ENCA\/#organization","name":"Colaboraci\u00f3n UAL","url":"https:\/\/www2.ual.es\/proyecto_aecid_UAL-ENCA\/","logo":{"@type":"ImageObject","inLanguage":"es","@id":"https:\/\/www2.ual.es\/proyecto_aecid_UAL-ENCA\/#\/schema\/logo\/image\/","url":"https:\/\/www2.ual.es\/proyecto_aecid_UAL-ENCA\/wp-content\/uploads\/2025\/04\/cropped-logoUniversidad.png","contentUrl":"https:\/\/www2.ual.es\/proyecto_aecid_UAL-ENCA\/wp-content\/uploads\/2025\/04\/cropped-logoUniversidad.png","width":512,"height":512,"caption":"Colaboraci\u00f3n UAL"},"image":{"@id":"https:\/\/www2.ual.es\/proyecto_aecid_UAL-ENCA\/#\/schema\/logo\/image\/"},"sameAs":["https:\/\/www.facebook.com\/colaboracion.UAL","https:\/\/www.instagram.com\/colaboracion.ual","https:\/\/www.tiktok.com\/@colaboracion.ual"]},{"@type":"Person","@id":"https:\/\/www2.ual.es\/proyecto_aecid_UAL-ENCA\/#\/schema\/person\/972e4dd3b6cef18cd958398d0be27f80","name":"enca-admin","image":{"@type":"ImageObject","inLanguage":"es","@id":"https:\/\/secure.gravatar.com\/avatar\/d3f557e3081c5b56eb83c595e7c177c2d80c9d4a7da37300e7785e1bef6fa5fb?s=96&d=mm&r=g","url":"https:\/\/secure.gravatar.com\/avatar\/d3f557e3081c5b56eb83c595e7c177c2d80c9d4a7da37300e7785e1bef6fa5fb?s=96&d=mm&r=g","contentUrl":"https:\/\/secure.gravatar.com\/avatar\/d3f557e3081c5b56eb83c595e7c177c2d80c9d4a7da37300e7785e1bef6fa5fb?s=96&d=mm&r=g","caption":"enca-admin"},"sameAs":["http:\/\/www2.ual.es\/proyecto_aecid_UAL-ENCA"],"url":"https:\/\/www2.ual.es\/proyecto_aecid_UAL-ENCA\/author\/enca-admin\/"}]}},"_links":{"self":[{"href":"https:\/\/www2.ual.es\/proyecto_aecid_UAL-ENCA\/wp-json\/wp\/v2\/posts\/1884","targetHints":{"allow":["GET"]}}],"collection":[{"href":"https:\/\/www2.ual.es\/proyecto_aecid_UAL-ENCA\/wp-json\/wp\/v2\/posts"}],"about":[{"href":"https:\/\/www2.ual.es\/proyecto_aecid_UAL-ENCA\/wp-json\/wp\/v2\/types\/post"}],"author":[{"embeddable":true,"href":"https:\/\/www2.ual.es\/proyecto_aecid_UAL-ENCA\/wp-json\/wp\/v2\/users\/1"}],"replies":[{"embeddable":true,"href":"https:\/\/www2.ual.es\/proyecto_aecid_UAL-ENCA\/wp-json\/wp\/v2\/comments?post=1884"}],"version-history":[{"count":6,"href":"https:\/\/www2.ual.es\/proyecto_aecid_UAL-ENCA\/wp-json\/wp\/v2\/posts\/1884\/revisions"}],"predecessor-version":[{"id":1892,"href":"https:\/\/www2.ual.es\/proyecto_aecid_UAL-ENCA\/wp-json\/wp\/v2\/posts\/1884\/revisions\/1892"}],"wp:featuredmedia":[{"embeddable":true,"href":"https:\/\/www2.ual.es\/proyecto_aecid_UAL-ENCA\/wp-json\/wp\/v2\/media\/1889"}],"wp:attachment":[{"href":"https:\/\/www2.ual.es\/proyecto_aecid_UAL-ENCA\/wp-json\/wp\/v2\/media?parent=1884"}],"wp:term":[{"taxonomy":"category","embeddable":true,"href":"https:\/\/www2.ual.es\/proyecto_aecid_UAL-ENCA\/wp-json\/wp\/v2\/categories?post=1884"},{"taxonomy":"post_tag","embeddable":true,"href":"https:\/\/www2.ual.es\/proyecto_aecid_UAL-ENCA\/wp-json\/wp\/v2\/tags?post=1884"}],"curies":[{"name":"wp","href":"https:\/\/api.w.org\/{rel}","templated":true}]}}