{"id":1857,"date":"2025-06-18T16:59:02","date_gmt":"2025-06-18T14:59:02","guid":{"rendered":"https:\/\/www2.ual.es\/proyecto_aecid_UAL-ENCA\/?p=1857"},"modified":"2025-06-23T11:18:11","modified_gmt":"2025-06-23T09:18:11","slug":"resultados-de-los-proyectos-del-tec-innovacion-agricola-en-costa-rica","status":"publish","type":"post","link":"https:\/\/www2.ual.es\/proyecto_aecid_UAL-ENCA\/2025\/06\/18\/resultados-de-los-proyectos-del-tec-innovacion-agricola-en-costa-rica\/","title":{"rendered":"Resultados de los proyectos del TEC innovaci\u00f3n agr\u00edcola en Costa Rica"},"content":{"rendered":"<p>[et_pb_section fb_built=\u00bb1&#8243; _builder_version=\u00bb4.27.4&#8243; _module_preset=\u00bbdefault\u00bb global_colors_info=\u00bb{}\u00bb][et_pb_row _builder_version=\u00bb4.27.4&#8243; _module_preset=\u00bbdefault\u00bb global_colors_info=\u00bb{}\u00bb][et_pb_column type=\u00bb4_4&#8243; _builder_version=\u00bb4.27.4&#8243; _module_preset=\u00bbdefault\u00bb global_colors_info=\u00bb{}\u00bb][et_pb_text _builder_version=\u00bb4.27.4&#8243; _module_preset=\u00bbdefault\u00bb global_colors_info=\u00bb{}\u00bb]<\/p>\n<p><span style=\"font-weight: 400;\">En los \u00faltimos a\u00f1os, Costa Rica ha sido escenario de m\u00faltiples <\/span><b>proyectos del TEC<\/b><span style=\"font-weight: 400;\"> que combinan<\/span><b> ciencia, tecnolog\u00eda y sostenibilidad<\/b><span style=\"font-weight: 400;\"> para transformar el agro y el entorno urbano. Aunque algunos de estos esfuerzos se desarrollan a peque\u00f1a escala, su impacto comienza a sentirse en diversas comunidades, especialmente en zonas rurales como Cartago, el Pac\u00edfico Central o Bel\u00e9n, en Heredia. Este art\u00edculo resume los <\/span><b>principales resultados obtenidos<\/b><span style=\"font-weight: 400;\"> por iniciativas que abarcan desde la agricultura de precisi\u00f3n hasta la gesti\u00f3n pluvial urbana con soluciones basadas en la naturaleza.<\/span><\/p>\n<h2><b>Proyectos del TEC destacados<\/b><\/h2>\n<p><span style=\"font-weight: 400;\">Entre los proyectos m\u00e1s recientes llevados acabo, destacan por su enfoque t\u00e9cnico y social los siguientes:<\/span><\/p>\n<ul>\n<li style=\"font-weight: 400;\" aria-level=\"1\"><b>AGRINNOVACI\u00d3N 4.0<\/b><span style=\"font-weight: 400;\">, una iniciativa de producci\u00f3n sostenible con sensores, riego por goteo y plataformas digitales aplicada a cultivos de zanahoria, papa y cebolla en Cartago, que beneficia de forma directa a 105 personas.<\/span><span style=\"font-weight: 400;\"><\/span><\/li>\n<li style=\"font-weight: 400;\" aria-level=\"1\"><b>EDANA<\/b><span style=\"font-weight: 400;\">, un sensor de humedad de bajo costo que permite automatizar el riego y ahorrar agua en cultivos hort\u00edcolas.\u00a0<\/span><span style=\"font-weight: 400;\"><\/span><\/li>\n<li style=\"font-weight: 400;\" aria-level=\"1\"><b>Evaluaci\u00f3n de biochar en suelos volc\u00e1nicos<\/b><span style=\"font-weight: 400;\">, para mejorar la retenci\u00f3n de agua y reducir el uso de fertilizantes.<\/span><span style=\"font-weight: 400;\"><\/span><\/li>\n<li style=\"font-weight: 400;\" aria-level=\"1\"><b>Modelo APSIM aplicado al cultivo de palma aceitera<\/b><span style=\"font-weight: 400;\">, que simula c\u00f3mo afectar\u00e1 el cambio clim\u00e1tico la productividad futura del cultivo.<\/span><span style=\"font-weight: 400;\"><\/span><\/li>\n<li style=\"font-weight: 400;\" aria-level=\"1\"><b>Dise\u00f1o de techos verdes y sistemas urbanos de drenaje sostenible (SUDS)<\/b><span style=\"font-weight: 400;\">, aplicados a entornos urbanos como Bel\u00e9n.<\/span><\/li>\n<\/ul>\n<h2><b>Resultados productivos y ambientales de los nuevos proyectos de innovaci\u00f3n agr\u00edcola en Costa Rica<\/b><\/h2>\n<ul>\n<li style=\"font-weight: 400;\" aria-level=\"1\"><b>Rendimiento agr\u00edcola<\/b><span style=\"font-weight: 400;\">: En el caso de AGRINNOVACI\u00d3N 4.0, 25 productores implementaron pr\u00e1cticas que optimizan el uso de agua y agroqu\u00edmicos. Se gener\u00f3 una base de datos georreferenciada que permite el seguimiento en tiempo real del comportamiento de los cultivos.<\/span><span style=\"font-weight: 400;\"><\/span><\/li>\n<li style=\"font-weight: 400;\" aria-level=\"1\"><b>Ahorro de recursos<\/b><span style=\"font-weight: 400;\">: El sensor EDANA logr\u00f3 una calibraci\u00f3n con coeficiente R\u00b2 = 0.95 y permite activar o desactivar el riego autom\u00e1ticamente seg\u00fan la humedad del suelo. Esto representa un gran ahorro h\u00eddrico y energ\u00e9tico.<\/span><span style=\"font-weight: 400;\"><\/span><\/li>\n<li style=\"font-weight: 400;\" aria-level=\"1\"><b>Biochar y suelo<\/b><span style=\"font-weight: 400;\">: Su aplicaci\u00f3n mejor\u00f3 la estructura y capacidad de retenci\u00f3n de agua en suelos arcillosos y franco arenosos. Sin embargo, <\/span><i><span style=\"font-weight: 400;\">sus efectos positivos se reducen en el tercer ciclo de cultivo, por lo que se recomienda su aplicaci\u00f3n peri\u00f3dica<\/span><\/i><span style=\"font-weight: 400;\">.<\/span><span style=\"font-weight: 400;\"><\/span><\/li>\n<li style=\"font-weight: 400;\" aria-level=\"1\"><b>Fertilizaci\u00f3n<\/b><span style=\"font-weight: 400;\">: En varios proyectos, la combinaci\u00f3n de biochar con compost permiti\u00f3 reducir la cantidad de fertilizante qu\u00edmico sin sacrificar el rendimiento, aportando a la econom\u00eda circular.<\/span><\/li>\n<\/ul>\n<p>[\/et_pb_text][et_pb_image src=\u00bbhttps:\/\/www2.ual.es\/proyecto_aecid_UAL-ENCA\/wp-content\/uploads\/2025\/06\/Proyectos-del-TEC.jpg\u00bb alt=\u00bbProyectos del TEC\u00bb title_text=\u00bbProyectos del TEC\u00bb align=\u00bbcenter\u00bb _builder_version=\u00bb4.27.4&#8243; _module_preset=\u00bbdefault\u00bb global_colors_info=\u00bb{}\u00bb][\/et_pb_image][et_pb_text _builder_version=\u00bb4.27.4&#8243; _module_preset=\u00bbdefault\u00bb global_colors_info=\u00bb{}\u00bb]<\/p>\n<h2><b>Resultados urbanos y de adaptaci\u00f3n clim\u00e1tica<\/b><\/h2>\n<p><span style=\"font-weight: 400;\">M\u00e1s all\u00e1 del entorno agr\u00edcola, algunos de los proyectos tambi\u00e9n han puesto el foco en c\u00f3mo enfrentar los desaf\u00edos del cambio clim\u00e1tico en zonas urbanas.\u00a0<\/span><\/p>\n<ul>\n<li style=\"font-weight: 400;\" aria-level=\"1\"><b>Techos verdes y drenaje urbano<\/b><span style=\"font-weight: 400;\">: Uno de los casos m\u00e1s representativos se dio en Bel\u00e9n, donde se dise\u00f1aron techos verdes como soluci\u00f3n para reducir el impacto de las lluvias intensas. Estas estructuras permitieron disminuir significativamente la escorrent\u00eda y mejorar la gesti\u00f3n del agua en espacios p\u00fablicos, mostrando el potencial de la infraestructura verde para integrarse en entornos urbanos sin grandes intervenciones..<\/span><span style=\"font-weight: 400;\"><\/span><\/li>\n<li style=\"font-weight: 400;\" aria-level=\"1\"><b>Sistemas urbanos de drenaje sostenible (SUDS)<\/b><span style=\"font-weight: 400;\">: Estas soluciones basadas en la naturaleza demostraron eficacia para controlar lluvias frecuentes y de baja intensidad. Adem\u00e1s, permiten combinar funci\u00f3n hidr\u00e1ulica con valor paisaj\u00edstico y ambiental. Estos enfoques permiten mitigar problemas de inundaci\u00f3n y, al mismo tiempo, recuperar espacios con vegetaci\u00f3n y biodiversidad.<\/span><span style=\"font-weight: 400;\"><\/span><\/li>\n<li style=\"font-weight: 400;\" aria-level=\"1\"><b>Simulaci\u00f3n clim\u00e1tica<\/b><span style=\"font-weight: 400;\">: En paralelo, a trav\u00e9s de herramientas de simulaci\u00f3n como el modelo APSIM, se han explorado los efectos del cambio clim\u00e1tico sobre cultivos como la palma aceitera (puede reducir su rendimiento entre un 7.86 % y un 37.86 % en los pr\u00f3ximos 80 a\u00f1os si no se aplican medidas). Estas proyecciones muestran la urgencia de adaptar las pr\u00e1cticas agr\u00edcolas si se quiere mantener la productividad en escenarios futuros m\u00e1s extremos.\u00a0<\/span><\/li>\n<\/ul>\n<h2><b>Resultados de los proyectos del TEC<\/b><\/h2>\n<p><span style=\"font-weight: 400;\">Los resultados de estos proyectos demuestran que, incluso a peque\u00f1a escala, la <\/span><b>integraci\u00f3n de tecnolog\u00eda, sostenibilidad y participaci\u00f3n activa<\/b><span style=\"font-weight: 400;\"> puede generar impactos reales en el territorio. M\u00e1s de 100 personas se han beneficiado directamente a trav\u00e9s de capacitaciones, herramientas digitales y pr\u00e1cticas agr\u00edcolas m\u00e1s eficientes.\u00a0<\/span><\/p>\n<p><span style=\"font-weight: 400;\">Adem\u00e1s, la participaci\u00f3n de j\u00f3venes en procesos como el uso de drones, sensores, agricultura digital o an\u00e1lisis geoespacial refleja un cambio importante hacia un agro m\u00e1s conectado con el presente y preparado para el futuro. Todo ello apunta a un modelo de innovaci\u00f3n que no solo mejora la productividad, sino que fortalece a las comunidades y construye una base m\u00e1s resiliente para el desarrollo rural y urbano de <a href=\"https:\/\/www2.ual.es\/proyecto_aecid_UAL-ENCA\/costa-rica\/\" target=\"_blank\" rel=\"noopener\"><strong>Costa Rica<\/strong><\/a>.<\/span><\/p>\n<p>[\/et_pb_text][\/et_pb_column][\/et_pb_row][et_pb_row _builder_version=\u00bb4.27.4&#8243; _module_preset=\u00bbdefault\u00bb global_colors_info=\u00bb{}\u00bb theme_builder_area=\u00bbpost_content\u00bb][et_pb_column type=\u00bb4_4&#8243; _builder_version=\u00bb4.27.4&#8243; _module_preset=\u00bbdefault\u00bb global_colors_info=\u00bb{}\u00bb theme_builder_area=\u00bbpost_content\u00bb][et_pb_text _builder_version=\u00bb4.27.4&#8243; _module_preset=\u00bbdefault\u00bb custom_margin=\u00bb||0px||false|false\u00bb global_colors_info=\u00bb{}\u00bb theme_builder_area=\u00bbpost_content\u00bb]<\/p>\n<p><strong>\u00a1<span data-teams=\"true\">Encuentra al TEC en redes sociales y s\u00edguenos!<\/span><\/strong><\/p>\n<p>[\/et_pb_text][et_pb_social_media_follow _builder_version=\u00bb4.27.4&#8243; _module_preset=\u00bbdefault\u00bb hover_enabled=\u00bb0&#8243; global_colors_info=\u00bb{}\u00bb theme_builder_area=\u00bbpost_content\u00bb sticky_enabled=\u00bb0&#8243;][et_pb_social_media_follow_network social_network=\u00bbfacebook\u00bb url=\u00bbhttps:\/\/www.facebook.com\/tecnologicocostarica\u00bb _builder_version=\u00bb4.27.4&#8243; _module_preset=\u00bbdefault\u00bb background_color=\u00bb#3b5998&#8243; hover_enabled=\u00bb0&#8243; global_colors_info=\u00bb{}\u00bb theme_builder_area=\u00bbpost_content\u00bb follow_button=\u00bboff\u00bb url_new_window=\u00bbon\u00bb sticky_enabled=\u00bb0&#8243;]facebook[\/et_pb_social_media_follow_network][et_pb_social_media_follow_network social_network=\u00bbtwitter\u00bb url=\u00bbhttps:\/\/x.com\/Teccr%20&#8243; _builder_version=\u00bb4.27.4&#8243; _module_preset=\u00bbdefault\u00bb background_color=\u00bb#000000&#8243; global_colors_info=\u00bb{}\u00bb theme_builder_area=\u00bbpost_content\u00bb follow_button=\u00bboff\u00bb url_new_window=\u00bbon\u00bb]X[\/et_pb_social_media_follow_network][et_pb_social_media_follow_network social_network=\u00bbinstagram\u00bb url=\u00bbhttps:\/\/www.instagram.com\/teccostarica\/\u00bb _builder_version=\u00bb4.27.4&#8243; _module_preset=\u00bbdefault\u00bb background_color=\u00bb#E02B20&#8243; background_enable_color=\u00bbon\u00bb global_colors_info=\u00bb{}\u00bb theme_builder_area=\u00bbpost_content\u00bb follow_button=\u00bboff\u00bb url_new_window=\u00bbon\u00bb]instagram[\/et_pb_social_media_follow_network][\/et_pb_social_media_follow][\/et_pb_column][\/et_pb_row][\/et_pb_section]<\/p>\n","protected":false},"excerpt":{"rendered":"<p>En los \u00faltimos a\u00f1os, Costa Rica ha sido escenario de m\u00faltiples proyectos del TEC que combinan ciencia, tecnolog\u00eda y sostenibilidad para transformar el agro y el entorno urbano. Aunque algunos de estos esfuerzos se desarrollan a peque\u00f1a escala, su impacto comienza a sentirse en diversas comunidades, especialmente en zonas rurales como Cartago, el Pac\u00edfico Central [&hellip;]<\/p>\n","protected":false},"author":1,"featured_media":1873,"comment_status":"closed","ping_status":"closed","sticky":false,"template":"","format":"standard","meta":{"_et_pb_use_builder":"on","_et_pb_old_content":"","_et_gb_content_width":"1080","footnotes":""},"categories":[5],"tags":[],"class_list":["post-1857","post","type-post","status-publish","format-standard","has-post-thumbnail","hentry","category-costa-rica"],"yoast_head":"<!-- This site is optimized with the Yoast SEO plugin v27.4 - https:\/\/yoast.com\/product\/yoast-seo-wordpress\/ -->\n<title>Resultados de los proyectos del TEC innovaci\u00f3n agr\u00edcola en Costa Rica - UAL-ENCA<\/title>\n<meta name=\"description\" content=\"Los proyectos del TEC en Costa Rica est\u00e1n marcando la diferencia en innovaci\u00f3n agr\u00edcola. \u00a1Te contamos los principales resultados!\" \/>\n<meta name=\"robots\" content=\"index, follow, max-snippet:-1, max-image-preview:large, max-video-preview:-1\" \/>\n<link rel=\"canonical\" href=\"https:\/\/www2.ual.es\/proyecto_aecid_UAL-ENCA\/2025\/06\/18\/resultados-de-los-proyectos-del-tec-innovacion-agricola-en-costa-rica\/\" \/>\n<meta property=\"og:locale\" content=\"es_ES\" \/>\n<meta property=\"og:type\" content=\"article\" \/>\n<meta property=\"og:title\" content=\"Resultados de los proyectos del TEC innovaci\u00f3n agr\u00edcola en Costa Rica - UAL-ENCA\" \/>\n<meta property=\"og:description\" content=\"Los proyectos del TEC en Costa Rica est\u00e1n marcando la diferencia en innovaci\u00f3n agr\u00edcola. \u00a1Te contamos los principales resultados!\" \/>\n<meta property=\"og:url\" content=\"https:\/\/www2.ual.es\/proyecto_aecid_UAL-ENCA\/2025\/06\/18\/resultados-de-los-proyectos-del-tec-innovacion-agricola-en-costa-rica\/\" \/>\n<meta property=\"og:site_name\" content=\"UAL-ENCA\" \/>\n<meta property=\"article:publisher\" content=\"https:\/\/www.facebook.com\/colaboracion.UAL\" \/>\n<meta property=\"article:published_time\" content=\"2025-06-18T14:59:02+00:00\" \/>\n<meta property=\"article:modified_time\" content=\"2025-06-23T09:18:11+00:00\" \/>\n<meta property=\"og:image\" content=\"https:\/\/www2.ual.es\/proyecto_aecid_UAL-ENCA\/wp-content\/uploads\/2025\/06\/Resultados-de-los-proyectos-del-TEC-innovacion-agricola-en-Costa-Rica.jpg\" \/>\n\t<meta property=\"og:image:width\" content=\"850\" \/>\n\t<meta property=\"og:image:height\" content=\"567\" \/>\n\t<meta property=\"og:image:type\" content=\"image\/jpeg\" \/>\n<meta name=\"author\" content=\"enca-admin\" \/>\n<meta name=\"twitter:card\" content=\"summary_large_image\" \/>\n<meta name=\"twitter:label1\" content=\"Escrito por\" \/>\n\t<meta name=\"twitter:data1\" content=\"enca-admin\" \/>\n\t<meta name=\"twitter:label2\" content=\"Tiempo de lectura\" \/>\n\t<meta name=\"twitter:data2\" content=\"4 minutos\" \/>\n<script type=\"application\/ld+json\" class=\"yoast-schema-graph\">{\"@context\":\"https:\\\/\\\/schema.org\",\"@graph\":[{\"@type\":\"Article\",\"@id\":\"https:\\\/\\\/www2.ual.es\\\/proyecto_aecid_UAL-ENCA\\\/2025\\\/06\\\/18\\\/resultados-de-los-proyectos-del-tec-innovacion-agricola-en-costa-rica\\\/#article\",\"isPartOf\":{\"@id\":\"https:\\\/\\\/www2.ual.es\\\/proyecto_aecid_UAL-ENCA\\\/2025\\\/06\\\/18\\\/resultados-de-los-proyectos-del-tec-innovacion-agricola-en-costa-rica\\\/\"},\"author\":{\"name\":\"enca-admin\",\"@id\":\"https:\\\/\\\/www2.ual.es\\\/proyecto_aecid_UAL-ENCA\\\/#\\\/schema\\\/person\\\/972e4dd3b6cef18cd958398d0be27f80\"},\"headline\":\"Resultados de los proyectos del TEC innovaci\u00f3n agr\u00edcola en Costa Rica\",\"datePublished\":\"2025-06-18T14:59:02+00:00\",\"dateModified\":\"2025-06-23T09:18:11+00:00\",\"mainEntityOfPage\":{\"@id\":\"https:\\\/\\\/www2.ual.es\\\/proyecto_aecid_UAL-ENCA\\\/2025\\\/06\\\/18\\\/resultados-de-los-proyectos-del-tec-innovacion-agricola-en-costa-rica\\\/\"},\"wordCount\":1140,\"publisher\":{\"@id\":\"https:\\\/\\\/www2.ual.es\\\/proyecto_aecid_UAL-ENCA\\\/#organization\"},\"image\":{\"@id\":\"https:\\\/\\\/www2.ual.es\\\/proyecto_aecid_UAL-ENCA\\\/2025\\\/06\\\/18\\\/resultados-de-los-proyectos-del-tec-innovacion-agricola-en-costa-rica\\\/#primaryimage\"},\"thumbnailUrl\":\"https:\\\/\\\/www2.ual.es\\\/proyecto_aecid_UAL-ENCA\\\/wp-content\\\/uploads\\\/2025\\\/06\\\/Resultados-de-los-proyectos-del-TEC-innovacion-agricola-en-Costa-Rica.jpg\",\"articleSection\":[\"Costa Rica\"],\"inLanguage\":\"es\"},{\"@type\":\"WebPage\",\"@id\":\"https:\\\/\\\/www2.ual.es\\\/proyecto_aecid_UAL-ENCA\\\/2025\\\/06\\\/18\\\/resultados-de-los-proyectos-del-tec-innovacion-agricola-en-costa-rica\\\/\",\"url\":\"https:\\\/\\\/www2.ual.es\\\/proyecto_aecid_UAL-ENCA\\\/2025\\\/06\\\/18\\\/resultados-de-los-proyectos-del-tec-innovacion-agricola-en-costa-rica\\\/\",\"name\":\"Resultados de los proyectos del TEC innovaci\u00f3n agr\u00edcola en Costa Rica - UAL-ENCA\",\"isPartOf\":{\"@id\":\"https:\\\/\\\/www2.ual.es\\\/proyecto_aecid_UAL-ENCA\\\/#website\"},\"primaryImageOfPage\":{\"@id\":\"https:\\\/\\\/www2.ual.es\\\/proyecto_aecid_UAL-ENCA\\\/2025\\\/06\\\/18\\\/resultados-de-los-proyectos-del-tec-innovacion-agricola-en-costa-rica\\\/#primaryimage\"},\"image\":{\"@id\":\"https:\\\/\\\/www2.ual.es\\\/proyecto_aecid_UAL-ENCA\\\/2025\\\/06\\\/18\\\/resultados-de-los-proyectos-del-tec-innovacion-agricola-en-costa-rica\\\/#primaryimage\"},\"thumbnailUrl\":\"https:\\\/\\\/www2.ual.es\\\/proyecto_aecid_UAL-ENCA\\\/wp-content\\\/uploads\\\/2025\\\/06\\\/Resultados-de-los-proyectos-del-TEC-innovacion-agricola-en-Costa-Rica.jpg\",\"datePublished\":\"2025-06-18T14:59:02+00:00\",\"dateModified\":\"2025-06-23T09:18:11+00:00\",\"description\":\"Los proyectos del TEC en Costa Rica est\u00e1n marcando la diferencia en innovaci\u00f3n agr\u00edcola. \u00a1Te contamos los principales resultados!\",\"breadcrumb\":{\"@id\":\"https:\\\/\\\/www2.ual.es\\\/proyecto_aecid_UAL-ENCA\\\/2025\\\/06\\\/18\\\/resultados-de-los-proyectos-del-tec-innovacion-agricola-en-costa-rica\\\/#breadcrumb\"},\"inLanguage\":\"es\",\"potentialAction\":[{\"@type\":\"ReadAction\",\"target\":[\"https:\\\/\\\/www2.ual.es\\\/proyecto_aecid_UAL-ENCA\\\/2025\\\/06\\\/18\\\/resultados-de-los-proyectos-del-tec-innovacion-agricola-en-costa-rica\\\/\"]}]},{\"@type\":\"ImageObject\",\"inLanguage\":\"es\",\"@id\":\"https:\\\/\\\/www2.ual.es\\\/proyecto_aecid_UAL-ENCA\\\/2025\\\/06\\\/18\\\/resultados-de-los-proyectos-del-tec-innovacion-agricola-en-costa-rica\\\/#primaryimage\",\"url\":\"https:\\\/\\\/www2.ual.es\\\/proyecto_aecid_UAL-ENCA\\\/wp-content\\\/uploads\\\/2025\\\/06\\\/Resultados-de-los-proyectos-del-TEC-innovacion-agricola-en-Costa-Rica.jpg\",\"contentUrl\":\"https:\\\/\\\/www2.ual.es\\\/proyecto_aecid_UAL-ENCA\\\/wp-content\\\/uploads\\\/2025\\\/06\\\/Resultados-de-los-proyectos-del-TEC-innovacion-agricola-en-Costa-Rica.jpg\",\"width\":850,\"height\":567,\"caption\":\"Resultados de los proyectos del TEC innovacio\u0301n agri\u0301cola en Costa Rica\"},{\"@type\":\"BreadcrumbList\",\"@id\":\"https:\\\/\\\/www2.ual.es\\\/proyecto_aecid_UAL-ENCA\\\/2025\\\/06\\\/18\\\/resultados-de-los-proyectos-del-tec-innovacion-agricola-en-costa-rica\\\/#breadcrumb\",\"itemListElement\":[{\"@type\":\"ListItem\",\"position\":1,\"name\":\"Portada\",\"item\":\"https:\\\/\\\/www2.ual.es\\\/proyecto_aecid_UAL-ENCA\\\/\"},{\"@type\":\"ListItem\",\"position\":2,\"name\":\"Resultados de los proyectos del TEC innovaci\u00f3n agr\u00edcola en Costa Rica\"}]},{\"@type\":\"WebSite\",\"@id\":\"https:\\\/\\\/www2.ual.es\\\/proyecto_aecid_UAL-ENCA\\\/#website\",\"url\":\"https:\\\/\\\/www2.ual.es\\\/proyecto_aecid_UAL-ENCA\\\/\",\"name\":\"Colaboraci\u00f3n UAL\",\"description\":\"Proyecto UAL-ENCA\",\"publisher\":{\"@id\":\"https:\\\/\\\/www2.ual.es\\\/proyecto_aecid_UAL-ENCA\\\/#organization\"},\"potentialAction\":[{\"@type\":\"SearchAction\",\"target\":{\"@type\":\"EntryPoint\",\"urlTemplate\":\"https:\\\/\\\/www2.ual.es\\\/proyecto_aecid_UAL-ENCA\\\/?s={search_term_string}\"},\"query-input\":{\"@type\":\"PropertyValueSpecification\",\"valueRequired\":true,\"valueName\":\"search_term_string\"}}],\"inLanguage\":\"es\"},{\"@type\":\"Organization\",\"@id\":\"https:\\\/\\\/www2.ual.es\\\/proyecto_aecid_UAL-ENCA\\\/#organization\",\"name\":\"Colaboraci\u00f3n UAL\",\"url\":\"https:\\\/\\\/www2.ual.es\\\/proyecto_aecid_UAL-ENCA\\\/\",\"logo\":{\"@type\":\"ImageObject\",\"inLanguage\":\"es\",\"@id\":\"https:\\\/\\\/www2.ual.es\\\/proyecto_aecid_UAL-ENCA\\\/#\\\/schema\\\/logo\\\/image\\\/\",\"url\":\"https:\\\/\\\/www2.ual.es\\\/proyecto_aecid_UAL-ENCA\\\/wp-content\\\/uploads\\\/2025\\\/04\\\/cropped-logoUniversidad.png\",\"contentUrl\":\"https:\\\/\\\/www2.ual.es\\\/proyecto_aecid_UAL-ENCA\\\/wp-content\\\/uploads\\\/2025\\\/04\\\/cropped-logoUniversidad.png\",\"width\":512,\"height\":512,\"caption\":\"Colaboraci\u00f3n UAL\"},\"image\":{\"@id\":\"https:\\\/\\\/www2.ual.es\\\/proyecto_aecid_UAL-ENCA\\\/#\\\/schema\\\/logo\\\/image\\\/\"},\"sameAs\":[\"https:\\\/\\\/www.facebook.com\\\/colaboracion.UAL\",\"https:\\\/\\\/www.instagram.com\\\/colaboracion.ual\",\"https:\\\/\\\/www.tiktok.com\\\/@colaboracion.ual\"]},{\"@type\":\"Person\",\"@id\":\"https:\\\/\\\/www2.ual.es\\\/proyecto_aecid_UAL-ENCA\\\/#\\\/schema\\\/person\\\/972e4dd3b6cef18cd958398d0be27f80\",\"name\":\"enca-admin\",\"image\":{\"@type\":\"ImageObject\",\"inLanguage\":\"es\",\"@id\":\"https:\\\/\\\/secure.gravatar.com\\\/avatar\\\/d3f557e3081c5b56eb83c595e7c177c2d80c9d4a7da37300e7785e1bef6fa5fb?s=96&d=mm&r=g\",\"url\":\"https:\\\/\\\/secure.gravatar.com\\\/avatar\\\/d3f557e3081c5b56eb83c595e7c177c2d80c9d4a7da37300e7785e1bef6fa5fb?s=96&d=mm&r=g\",\"contentUrl\":\"https:\\\/\\\/secure.gravatar.com\\\/avatar\\\/d3f557e3081c5b56eb83c595e7c177c2d80c9d4a7da37300e7785e1bef6fa5fb?s=96&d=mm&r=g\",\"caption\":\"enca-admin\"},\"sameAs\":[\"http:\\\/\\\/www2.ual.es\\\/proyecto_aecid_UAL-ENCA\"],\"url\":\"https:\\\/\\\/www2.ual.es\\\/proyecto_aecid_UAL-ENCA\\\/author\\\/enca-admin\\\/\"}]}<\/script>\n<!-- \/ Yoast SEO plugin. -->","yoast_head_json":{"title":"Resultados de los proyectos del TEC innovaci\u00f3n agr\u00edcola en Costa Rica - UAL-ENCA","description":"Los proyectos del TEC en Costa Rica est\u00e1n marcando la diferencia en innovaci\u00f3n agr\u00edcola. \u00a1Te contamos los principales resultados!","robots":{"index":"index","follow":"follow","max-snippet":"max-snippet:-1","max-image-preview":"max-image-preview:large","max-video-preview":"max-video-preview:-1"},"canonical":"https:\/\/www2.ual.es\/proyecto_aecid_UAL-ENCA\/2025\/06\/18\/resultados-de-los-proyectos-del-tec-innovacion-agricola-en-costa-rica\/","og_locale":"es_ES","og_type":"article","og_title":"Resultados de los proyectos del TEC innovaci\u00f3n agr\u00edcola en Costa Rica - UAL-ENCA","og_description":"Los proyectos del TEC en Costa Rica est\u00e1n marcando la diferencia en innovaci\u00f3n agr\u00edcola. \u00a1Te contamos los principales resultados!","og_url":"https:\/\/www2.ual.es\/proyecto_aecid_UAL-ENCA\/2025\/06\/18\/resultados-de-los-proyectos-del-tec-innovacion-agricola-en-costa-rica\/","og_site_name":"UAL-ENCA","article_publisher":"https:\/\/www.facebook.com\/colaboracion.UAL","article_published_time":"2025-06-18T14:59:02+00:00","article_modified_time":"2025-06-23T09:18:11+00:00","og_image":[{"width":850,"height":567,"url":"https:\/\/www2.ual.es\/proyecto_aecid_UAL-ENCA\/wp-content\/uploads\/2025\/06\/Resultados-de-los-proyectos-del-TEC-innovacion-agricola-en-Costa-Rica.jpg","type":"image\/jpeg"}],"author":"enca-admin","twitter_card":"summary_large_image","twitter_misc":{"Escrito por":"enca-admin","Tiempo de lectura":"4 minutos"},"schema":{"@context":"https:\/\/schema.org","@graph":[{"@type":"Article","@id":"https:\/\/www2.ual.es\/proyecto_aecid_UAL-ENCA\/2025\/06\/18\/resultados-de-los-proyectos-del-tec-innovacion-agricola-en-costa-rica\/#article","isPartOf":{"@id":"https:\/\/www2.ual.es\/proyecto_aecid_UAL-ENCA\/2025\/06\/18\/resultados-de-los-proyectos-del-tec-innovacion-agricola-en-costa-rica\/"},"author":{"name":"enca-admin","@id":"https:\/\/www2.ual.es\/proyecto_aecid_UAL-ENCA\/#\/schema\/person\/972e4dd3b6cef18cd958398d0be27f80"},"headline":"Resultados de los proyectos del TEC innovaci\u00f3n agr\u00edcola en Costa Rica","datePublished":"2025-06-18T14:59:02+00:00","dateModified":"2025-06-23T09:18:11+00:00","mainEntityOfPage":{"@id":"https:\/\/www2.ual.es\/proyecto_aecid_UAL-ENCA\/2025\/06\/18\/resultados-de-los-proyectos-del-tec-innovacion-agricola-en-costa-rica\/"},"wordCount":1140,"publisher":{"@id":"https:\/\/www2.ual.es\/proyecto_aecid_UAL-ENCA\/#organization"},"image":{"@id":"https:\/\/www2.ual.es\/proyecto_aecid_UAL-ENCA\/2025\/06\/18\/resultados-de-los-proyectos-del-tec-innovacion-agricola-en-costa-rica\/#primaryimage"},"thumbnailUrl":"https:\/\/www2.ual.es\/proyecto_aecid_UAL-ENCA\/wp-content\/uploads\/2025\/06\/Resultados-de-los-proyectos-del-TEC-innovacion-agricola-en-Costa-Rica.jpg","articleSection":["Costa Rica"],"inLanguage":"es"},{"@type":"WebPage","@id":"https:\/\/www2.ual.es\/proyecto_aecid_UAL-ENCA\/2025\/06\/18\/resultados-de-los-proyectos-del-tec-innovacion-agricola-en-costa-rica\/","url":"https:\/\/www2.ual.es\/proyecto_aecid_UAL-ENCA\/2025\/06\/18\/resultados-de-los-proyectos-del-tec-innovacion-agricola-en-costa-rica\/","name":"Resultados de los proyectos del TEC innovaci\u00f3n agr\u00edcola en Costa Rica - UAL-ENCA","isPartOf":{"@id":"https:\/\/www2.ual.es\/proyecto_aecid_UAL-ENCA\/#website"},"primaryImageOfPage":{"@id":"https:\/\/www2.ual.es\/proyecto_aecid_UAL-ENCA\/2025\/06\/18\/resultados-de-los-proyectos-del-tec-innovacion-agricola-en-costa-rica\/#primaryimage"},"image":{"@id":"https:\/\/www2.ual.es\/proyecto_aecid_UAL-ENCA\/2025\/06\/18\/resultados-de-los-proyectos-del-tec-innovacion-agricola-en-costa-rica\/#primaryimage"},"thumbnailUrl":"https:\/\/www2.ual.es\/proyecto_aecid_UAL-ENCA\/wp-content\/uploads\/2025\/06\/Resultados-de-los-proyectos-del-TEC-innovacion-agricola-en-Costa-Rica.jpg","datePublished":"2025-06-18T14:59:02+00:00","dateModified":"2025-06-23T09:18:11+00:00","description":"Los proyectos del TEC en Costa Rica est\u00e1n marcando la diferencia en innovaci\u00f3n agr\u00edcola. \u00a1Te contamos los principales resultados!","breadcrumb":{"@id":"https:\/\/www2.ual.es\/proyecto_aecid_UAL-ENCA\/2025\/06\/18\/resultados-de-los-proyectos-del-tec-innovacion-agricola-en-costa-rica\/#breadcrumb"},"inLanguage":"es","potentialAction":[{"@type":"ReadAction","target":["https:\/\/www2.ual.es\/proyecto_aecid_UAL-ENCA\/2025\/06\/18\/resultados-de-los-proyectos-del-tec-innovacion-agricola-en-costa-rica\/"]}]},{"@type":"ImageObject","inLanguage":"es","@id":"https:\/\/www2.ual.es\/proyecto_aecid_UAL-ENCA\/2025\/06\/18\/resultados-de-los-proyectos-del-tec-innovacion-agricola-en-costa-rica\/#primaryimage","url":"https:\/\/www2.ual.es\/proyecto_aecid_UAL-ENCA\/wp-content\/uploads\/2025\/06\/Resultados-de-los-proyectos-del-TEC-innovacion-agricola-en-Costa-Rica.jpg","contentUrl":"https:\/\/www2.ual.es\/proyecto_aecid_UAL-ENCA\/wp-content\/uploads\/2025\/06\/Resultados-de-los-proyectos-del-TEC-innovacion-agricola-en-Costa-Rica.jpg","width":850,"height":567,"caption":"Resultados de los proyectos del TEC innovacio\u0301n agri\u0301cola en Costa Rica"},{"@type":"BreadcrumbList","@id":"https:\/\/www2.ual.es\/proyecto_aecid_UAL-ENCA\/2025\/06\/18\/resultados-de-los-proyectos-del-tec-innovacion-agricola-en-costa-rica\/#breadcrumb","itemListElement":[{"@type":"ListItem","position":1,"name":"Portada","item":"https:\/\/www2.ual.es\/proyecto_aecid_UAL-ENCA\/"},{"@type":"ListItem","position":2,"name":"Resultados de los proyectos del TEC innovaci\u00f3n agr\u00edcola en Costa Rica"}]},{"@type":"WebSite","@id":"https:\/\/www2.ual.es\/proyecto_aecid_UAL-ENCA\/#website","url":"https:\/\/www2.ual.es\/proyecto_aecid_UAL-ENCA\/","name":"Colaboraci\u00f3n UAL","description":"Proyecto UAL-ENCA","publisher":{"@id":"https:\/\/www2.ual.es\/proyecto_aecid_UAL-ENCA\/#organization"},"potentialAction":[{"@type":"SearchAction","target":{"@type":"EntryPoint","urlTemplate":"https:\/\/www2.ual.es\/proyecto_aecid_UAL-ENCA\/?s={search_term_string}"},"query-input":{"@type":"PropertyValueSpecification","valueRequired":true,"valueName":"search_term_string"}}],"inLanguage":"es"},{"@type":"Organization","@id":"https:\/\/www2.ual.es\/proyecto_aecid_UAL-ENCA\/#organization","name":"Colaboraci\u00f3n UAL","url":"https:\/\/www2.ual.es\/proyecto_aecid_UAL-ENCA\/","logo":{"@type":"ImageObject","inLanguage":"es","@id":"https:\/\/www2.ual.es\/proyecto_aecid_UAL-ENCA\/#\/schema\/logo\/image\/","url":"https:\/\/www2.ual.es\/proyecto_aecid_UAL-ENCA\/wp-content\/uploads\/2025\/04\/cropped-logoUniversidad.png","contentUrl":"https:\/\/www2.ual.es\/proyecto_aecid_UAL-ENCA\/wp-content\/uploads\/2025\/04\/cropped-logoUniversidad.png","width":512,"height":512,"caption":"Colaboraci\u00f3n UAL"},"image":{"@id":"https:\/\/www2.ual.es\/proyecto_aecid_UAL-ENCA\/#\/schema\/logo\/image\/"},"sameAs":["https:\/\/www.facebook.com\/colaboracion.UAL","https:\/\/www.instagram.com\/colaboracion.ual","https:\/\/www.tiktok.com\/@colaboracion.ual"]},{"@type":"Person","@id":"https:\/\/www2.ual.es\/proyecto_aecid_UAL-ENCA\/#\/schema\/person\/972e4dd3b6cef18cd958398d0be27f80","name":"enca-admin","image":{"@type":"ImageObject","inLanguage":"es","@id":"https:\/\/secure.gravatar.com\/avatar\/d3f557e3081c5b56eb83c595e7c177c2d80c9d4a7da37300e7785e1bef6fa5fb?s=96&d=mm&r=g","url":"https:\/\/secure.gravatar.com\/avatar\/d3f557e3081c5b56eb83c595e7c177c2d80c9d4a7da37300e7785e1bef6fa5fb?s=96&d=mm&r=g","contentUrl":"https:\/\/secure.gravatar.com\/avatar\/d3f557e3081c5b56eb83c595e7c177c2d80c9d4a7da37300e7785e1bef6fa5fb?s=96&d=mm&r=g","caption":"enca-admin"},"sameAs":["http:\/\/www2.ual.es\/proyecto_aecid_UAL-ENCA"],"url":"https:\/\/www2.ual.es\/proyecto_aecid_UAL-ENCA\/author\/enca-admin\/"}]}},"_links":{"self":[{"href":"https:\/\/www2.ual.es\/proyecto_aecid_UAL-ENCA\/wp-json\/wp\/v2\/posts\/1857","targetHints":{"allow":["GET"]}}],"collection":[{"href":"https:\/\/www2.ual.es\/proyecto_aecid_UAL-ENCA\/wp-json\/wp\/v2\/posts"}],"about":[{"href":"https:\/\/www2.ual.es\/proyecto_aecid_UAL-ENCA\/wp-json\/wp\/v2\/types\/post"}],"author":[{"embeddable":true,"href":"https:\/\/www2.ual.es\/proyecto_aecid_UAL-ENCA\/wp-json\/wp\/v2\/users\/1"}],"replies":[{"embeddable":true,"href":"https:\/\/www2.ual.es\/proyecto_aecid_UAL-ENCA\/wp-json\/wp\/v2\/comments?post=1857"}],"version-history":[{"count":9,"href":"https:\/\/www2.ual.es\/proyecto_aecid_UAL-ENCA\/wp-json\/wp\/v2\/posts\/1857\/revisions"}],"predecessor-version":[{"id":1882,"href":"https:\/\/www2.ual.es\/proyecto_aecid_UAL-ENCA\/wp-json\/wp\/v2\/posts\/1857\/revisions\/1882"}],"wp:featuredmedia":[{"embeddable":true,"href":"https:\/\/www2.ual.es\/proyecto_aecid_UAL-ENCA\/wp-json\/wp\/v2\/media\/1873"}],"wp:attachment":[{"href":"https:\/\/www2.ual.es\/proyecto_aecid_UAL-ENCA\/wp-json\/wp\/v2\/media?parent=1857"}],"wp:term":[{"taxonomy":"category","embeddable":true,"href":"https:\/\/www2.ual.es\/proyecto_aecid_UAL-ENCA\/wp-json\/wp\/v2\/categories?post=1857"},{"taxonomy":"post_tag","embeddable":true,"href":"https:\/\/www2.ual.es\/proyecto_aecid_UAL-ENCA\/wp-json\/wp\/v2\/tags?post=1857"}],"curies":[{"name":"wp","href":"https:\/\/api.w.org\/{rel}","templated":true}]}}