{"id":1798,"date":"2025-06-05T12:47:53","date_gmt":"2025-06-05T10:47:53","guid":{"rendered":"https:\/\/www2.ual.es\/proyecto_aecid_UAL-ENCA\/?p=1798"},"modified":"2025-06-05T13:06:12","modified_gmt":"2025-06-05T11:06:12","slug":"dia-del-medio-ambiente-sembrando-sostenibilidad-desde-la-agricultura","status":"publish","type":"post","link":"https:\/\/www2.ual.es\/proyecto_aecid_UAL-ENCA\/2025\/06\/05\/dia-del-medio-ambiente-sembrando-sostenibilidad-desde-la-agricultura\/","title":{"rendered":"D\u00eda del Medio Ambiente: sembrando sostenibilidad desde la agricultura"},"content":{"rendered":"<p>[et_pb_section fb_built=\u00bb1&#8243; _builder_version=\u00bb4.27.4&#8243; _module_preset=\u00bbdefault\u00bb custom_padding=\u00bb0px||||false|false\u00bb global_colors_info=\u00bb{}\u00bb][et_pb_row _builder_version=\u00bb4.27.4&#8243; _module_preset=\u00bbdefault\u00bb global_colors_info=\u00bb{}\u00bb][et_pb_column type=\u00bb4_4&#8243; _builder_version=\u00bb4.27.4&#8243; _module_preset=\u00bbdefault\u00bb global_colors_info=\u00bb{}\u00bb][et_pb_text _builder_version=\u00bb4.27.4&#8243; _module_preset=\u00bbdefault\u00bb hover_enabled=\u00bb0&#8243; global_colors_info=\u00bb{}\u00bb sticky_enabled=\u00bb0&#8243;]<\/p>\n<p><span style=\"font-weight: 400;\">Cada 5 de junio, el <\/span><b>D\u00eda del Medio Ambiente<\/b><span style=\"font-weight: 400;\"> nos invita a reflexionar sobre el impacto de nuestras acciones en el planeta. A<\/span><span style=\"font-weight: 400;\">unque pueda parecer que la soluci\u00f3n est\u00e1 en grandes pol\u00edticas globales, la respuesta real y efectiva muchas veces nace en el terreno, <\/span><b>en proyectos como el que lidera la Universidad de Almer\u00eda en Guatemala y Costa Rica junto a socios locales<\/b><span style=\"font-weight: 400;\">.<\/span><\/p>\n<h2><b>La agricultura como frente de acci\u00f3n clim\u00e1tica en el D\u00eda del Medio Ambiente<\/b><\/h2>\n<p><span style=\"font-weight: 400;\">El sector agr\u00edcola es uno de los m\u00e1s vulnerables al cambio clim\u00e1tico&#8230; pero tambi\u00e9n uno de los que m\u00e1s puede hacer para revertirlo. Formar a productores locales en t\u00e9cnicas sostenibles, implementar tecnolog\u00edas de precisi\u00f3n y apostar por modelos agr\u00edcolas respetuosos con el medio ambiente es una de las formas m\u00e1s directas de proteger nuestros ecosistemas.<\/span><\/p>\n<p><span style=\"font-weight: 400;\">Los invernaderos modelo instalados en <a href=\"https:\/\/www2.ual.es\/proyecto_aecid_UAL-ENCA\/nicaragua\/\" target=\"_blank\" rel=\"noopener\"><strong>Nicaragua<\/strong><\/a>, y que van a construirse en <a href=\"https:\/\/www2.ual.es\/proyecto_aecid_UAL-ENCA\/guatemala-2\/\" target=\"_blank\" rel=\"noopener\"><strong>Guatemala<\/strong><\/a> y <a href=\"https:\/\/www2.ual.es\/proyecto_aecid_UAL-ENCA\/costa-rica\/\" target=\"_blank\" rel=\"noopener\"><strong>Costa Rica<\/strong><\/a> no solo mejoran la productividad agr\u00edcola, sino que ense\u00f1an a cultivar con menos agua, menos qu\u00edmicos y menos residuos. Gracias a la incorporaci\u00f3n de tecnolog\u00edas adaptadas al entorno y pr\u00e1cticas agr\u00edcolas sostenibles, se optimiza el uso del agua, se reduce el desperdicio y se fomenta una gesti\u00f3n m\u00e1s inteligente de los cultivos. Todo ello contribuye a una <\/span><b>agricultura regenerativa, m\u00e1s eficiente y alineada con los Objetivos de Desarrollo Sostenible<\/b><span style=\"font-weight: 400;\">. Porque no se trata solo de producir m\u00e1s, sino de hacerlo mejor y con menor impacto ambiental.<\/span><\/p>\n<h2><b>De la formaci\u00f3n al impacto<\/b><\/h2>\n<p><span style=\"font-weight: 400;\">Proteger el medio ambiente no se consigue solo con campa\u00f1as de concienciaci\u00f3n, sino con herramientas, conocimientos y acciones pr\u00e1cticas. Los agricultores que hoy aprenden a manejar sistemas de riego eficientes o a monitorear sus cultivos digitalmente, son los que ma\u00f1ana garantizar\u00e1n una producci\u00f3n m\u00e1s limpia, que no agote los recursos ni degrade los suelos.<\/span><\/p>\n<p><span style=\"font-weight: 400;\">Adem\u00e1s, estos proyectos fomentan el arraigo al territorio, promueven la seguridad alimentaria y fortalecen comunidades rurales que hist\u00f3ricamente han estado expuestas a la vulnerabilidad clim\u00e1tica.<\/span><\/p>\n<p><span style=\"font-weight: 400;\">Porque <\/span><b>el cuidado del Medio Ambiente y la sostenibilidad<\/b><span style=\"font-weight: 400;\"> van m\u00e1s all\u00e1 de los discursos: se demuestran con acciones concretas. Y eso es justo lo que representan los proyectos realizados entre la <\/span><b>UAL, SERCOM, el TEC y ENCA<\/b><span style=\"font-weight: 400;\">: una visi\u00f3n de futuro basada en la educaci\u00f3n, la ciencia y el trabajo conjunto.<\/span><\/p>\n<h2><b>Agricultura sostenible: presente y futuro<\/b><\/h2>\n<p><span style=\"font-weight: 400;\">Este a\u00f1o, m\u00e1s de 880 iniciativas en todo el mundo se han sumado al <\/span><b>D\u00eda Mundial del Medio Ambiente<\/b><span style=\"font-weight: 400;\">. Entre ellas, destacan aquellas que muestran con hechos c\u00f3mo es posible avanzar hacia un modelo agr\u00edcola m\u00e1s responsable y sostenible. La <\/span><b>colaboraci\u00f3n entre universidades, entidades p\u00fablicas y comunidades rurales <\/b><span style=\"font-weight: 400;\">no solo mejora la productividad: tambi\u00e9n refuerza el compromiso con el entorno.<\/span><\/p>\n<p><span style=\"font-weight: 400;\">En un d\u00eda como hoy, conviene recordar que proteger el planeta tambi\u00e9n implica apoyar una agricultura que respete la tierra y a quienes la cultivan. El <\/span><b><a href=\"https:\/\/www2.ual.es\/proyecto_aecid_UAL-ENCA\/2025\/04\/01\/empoderamiento-y-sostenibilidad-agricola-innovacion-y-cooperacion-internacional-para-un-futuro-mas-verde\/\" target=\"_blank\" rel=\"noopener\">Proyecto de Cooperaci\u00f3n Internacional al Desarrollo<\/a> impulsado por la UAL<\/b><span style=\"font-weight: 400;\">, combina innovaci\u00f3n, formaci\u00f3n y acci\u00f3n social, aportando soluciones concretas que mejoran la vida de las comunidades rurales y promueven un uso m\u00e1s eficiente y equilibrado de los recursos naturales. Una forma real y comprometida de construir futuro desde la tierra.<\/span><\/p>\n<p>[\/et_pb_text][\/et_pb_column][\/et_pb_row][et_pb_row _builder_version=\u00bb4.27.4&#8243; _module_preset=\u00bbdefault\u00bb global_colors_info=\u00bb{}\u00bb][et_pb_column type=\u00bb4_4&#8243; _builder_version=\u00bb4.27.4&#8243; _module_preset=\u00bbdefault\u00bb global_colors_info=\u00bb{}\u00bb][et_pb_image src=\u00bbhttps:\/\/www2.ual.es\/proyecto_aecid_UAL-ENCA\/wp-content\/uploads\/2025\/06\/Dia-del-Medio-Ambiente.jpg\u00bb alt=\u00bbDi\u0301a del Medio Ambiente\u00bb title_text=\u00bbDi\u0301a del Medio Ambiente\u00bb align=\u00bbcenter\u00bb _builder_version=\u00bb4.27.4&#8243; _module_preset=\u00bbdefault\u00bb global_colors_info=\u00bb{}\u00bb][\/et_pb_image][\/et_pb_column][\/et_pb_row][et_pb_row _builder_version=\u00bb4.27.4&#8243; _module_preset=\u00bbdefault\u00bb global_colors_info=\u00bb{}\u00bb][et_pb_column type=\u00bb4_4&#8243; _builder_version=\u00bb4.27.4&#8243; _module_preset=\u00bbdefault\u00bb global_colors_info=\u00bb{}\u00bb][et_pb_text _builder_version=\u00bb4.27.4&#8243; _module_preset=\u00bbdefault\u00bb global_colors_info=\u00bb{}\u00bb]<\/p>\n<p>S\u00edguenos en nuestras redes sociales y no te pierdas los avances de estos proyectos:<\/p>\n<ul>\n<li><a target=\"_blank\" href=\"https:\/\/www.facebook.com\/colaboracion.UAL\/\" rel=\"noopener\">Facebook\u00a0<\/a><\/li>\n<li><a target=\"_blank\" href=\"https:\/\/www.instagram.com\/colaboracion.ual\" rel=\"noopener\">Instagram<\/a><\/li>\n<li><a target=\"_blank\" href=\"https:\/\/www.tiktok.com\/@colaboracion.ual\" rel=\"noopener\">TikTok<\/a><\/li>\n<\/ul>\n<p>[\/et_pb_text][\/et_pb_column][\/et_pb_row][\/et_pb_section]<\/p>\n","protected":false},"excerpt":{"rendered":"<p>Cada 5 de junio, el D\u00eda del Medio Ambiente nos invita a reflexionar sobre el impacto de nuestras acciones en el planeta. Aunque pueda parecer que la soluci\u00f3n est\u00e1 en grandes pol\u00edticas globales, la respuesta real y efectiva muchas veces nace en el terreno, en proyectos como el que lidera la Universidad de Almer\u00eda en [&hellip;]<\/p>\n","protected":false},"author":1,"featured_media":1805,"comment_status":"closed","ping_status":"closed","sticky":false,"template":"","format":"standard","meta":{"_et_pb_use_builder":"on","_et_pb_old_content":"","_et_gb_content_width":"1080","footnotes":""},"categories":[5,6,7],"tags":[],"class_list":["post-1798","post","type-post","status-publish","format-standard","has-post-thumbnail","hentry","category-costa-rica","category-guatemala","category-nicaragua"],"yoast_head":"<!-- This site is optimized with the Yoast SEO plugin v27.4 - https:\/\/yoast.com\/product\/yoast-seo-wordpress\/ -->\n<title>D\u00eda del Medio Ambiente: sembrando sostenibilidad desde la agricultura - UAL-ENCA<\/title>\n<meta name=\"description\" content=\"En el D\u00eda Mundial del Medio Ambiente, celebramos c\u00f3mo la agricultura sostenible pueden proteger el planeta con innovaci\u00f3n y formaci\u00f3n.\" \/>\n<meta name=\"robots\" content=\"index, follow, max-snippet:-1, max-image-preview:large, max-video-preview:-1\" \/>\n<link rel=\"canonical\" href=\"https:\/\/www2.ual.es\/proyecto_aecid_UAL-ENCA\/2025\/06\/05\/dia-del-medio-ambiente-sembrando-sostenibilidad-desde-la-agricultura\/\" \/>\n<meta property=\"og:locale\" content=\"es_ES\" \/>\n<meta property=\"og:type\" content=\"article\" \/>\n<meta property=\"og:title\" content=\"D\u00eda del Medio Ambiente: sembrando sostenibilidad desde la agricultura - UAL-ENCA\" \/>\n<meta property=\"og:description\" content=\"En el D\u00eda Mundial del Medio Ambiente, celebramos c\u00f3mo la agricultura sostenible pueden proteger el planeta con innovaci\u00f3n y formaci\u00f3n.\" \/>\n<meta property=\"og:url\" content=\"https:\/\/www2.ual.es\/proyecto_aecid_UAL-ENCA\/2025\/06\/05\/dia-del-medio-ambiente-sembrando-sostenibilidad-desde-la-agricultura\/\" \/>\n<meta property=\"og:site_name\" content=\"UAL-ENCA\" \/>\n<meta property=\"article:publisher\" content=\"https:\/\/www.facebook.com\/colaboracion.UAL\" \/>\n<meta property=\"article:published_time\" content=\"2025-06-05T10:47:53+00:00\" \/>\n<meta property=\"article:modified_time\" content=\"2025-06-05T11:06:12+00:00\" \/>\n<meta property=\"og:image\" content=\"https:\/\/www2.ual.es\/proyecto_aecid_UAL-ENCA\/wp-content\/uploads\/2025\/06\/Dia-Mundial-del-Medio-Ambiente_-sembrando-sostenibilidad-desde-la-agricultura.jpg\" \/>\n\t<meta property=\"og:image:width\" content=\"800\" \/>\n\t<meta property=\"og:image:height\" content=\"534\" \/>\n\t<meta property=\"og:image:type\" content=\"image\/jpeg\" \/>\n<meta name=\"author\" content=\"enca-admin\" \/>\n<meta name=\"twitter:card\" content=\"summary_large_image\" \/>\n<meta name=\"twitter:label1\" content=\"Escrito por\" \/>\n\t<meta name=\"twitter:data1\" content=\"enca-admin\" \/>\n\t<meta name=\"twitter:label2\" content=\"Tiempo de lectura\" \/>\n\t<meta name=\"twitter:data2\" content=\"3 minutos\" \/>\n<script type=\"application\/ld+json\" class=\"yoast-schema-graph\">{\"@context\":\"https:\\\/\\\/schema.org\",\"@graph\":[{\"@type\":\"Article\",\"@id\":\"https:\\\/\\\/www2.ual.es\\\/proyecto_aecid_UAL-ENCA\\\/2025\\\/06\\\/05\\\/dia-del-medio-ambiente-sembrando-sostenibilidad-desde-la-agricultura\\\/#article\",\"isPartOf\":{\"@id\":\"https:\\\/\\\/www2.ual.es\\\/proyecto_aecid_UAL-ENCA\\\/2025\\\/06\\\/05\\\/dia-del-medio-ambiente-sembrando-sostenibilidad-desde-la-agricultura\\\/\"},\"author\":{\"name\":\"enca-admin\",\"@id\":\"https:\\\/\\\/www2.ual.es\\\/proyecto_aecid_UAL-ENCA\\\/#\\\/schema\\\/person\\\/972e4dd3b6cef18cd958398d0be27f80\"},\"headline\":\"D\u00eda del Medio Ambiente: sembrando sostenibilidad desde la agricultura\",\"datePublished\":\"2025-06-05T10:47:53+00:00\",\"dateModified\":\"2025-06-05T11:06:12+00:00\",\"mainEntityOfPage\":{\"@id\":\"https:\\\/\\\/www2.ual.es\\\/proyecto_aecid_UAL-ENCA\\\/2025\\\/06\\\/05\\\/dia-del-medio-ambiente-sembrando-sostenibilidad-desde-la-agricultura\\\/\"},\"wordCount\":776,\"publisher\":{\"@id\":\"https:\\\/\\\/www2.ual.es\\\/proyecto_aecid_UAL-ENCA\\\/#organization\"},\"image\":{\"@id\":\"https:\\\/\\\/www2.ual.es\\\/proyecto_aecid_UAL-ENCA\\\/2025\\\/06\\\/05\\\/dia-del-medio-ambiente-sembrando-sostenibilidad-desde-la-agricultura\\\/#primaryimage\"},\"thumbnailUrl\":\"https:\\\/\\\/www2.ual.es\\\/proyecto_aecid_UAL-ENCA\\\/wp-content\\\/uploads\\\/2025\\\/06\\\/Dia-Mundial-del-Medio-Ambiente_-sembrando-sostenibilidad-desde-la-agricultura.jpg\",\"articleSection\":[\"Costa Rica\",\"Guatemala\",\"Nicaragua\"],\"inLanguage\":\"es\"},{\"@type\":\"WebPage\",\"@id\":\"https:\\\/\\\/www2.ual.es\\\/proyecto_aecid_UAL-ENCA\\\/2025\\\/06\\\/05\\\/dia-del-medio-ambiente-sembrando-sostenibilidad-desde-la-agricultura\\\/\",\"url\":\"https:\\\/\\\/www2.ual.es\\\/proyecto_aecid_UAL-ENCA\\\/2025\\\/06\\\/05\\\/dia-del-medio-ambiente-sembrando-sostenibilidad-desde-la-agricultura\\\/\",\"name\":\"D\u00eda del Medio Ambiente: sembrando sostenibilidad desde la agricultura - UAL-ENCA\",\"isPartOf\":{\"@id\":\"https:\\\/\\\/www2.ual.es\\\/proyecto_aecid_UAL-ENCA\\\/#website\"},\"primaryImageOfPage\":{\"@id\":\"https:\\\/\\\/www2.ual.es\\\/proyecto_aecid_UAL-ENCA\\\/2025\\\/06\\\/05\\\/dia-del-medio-ambiente-sembrando-sostenibilidad-desde-la-agricultura\\\/#primaryimage\"},\"image\":{\"@id\":\"https:\\\/\\\/www2.ual.es\\\/proyecto_aecid_UAL-ENCA\\\/2025\\\/06\\\/05\\\/dia-del-medio-ambiente-sembrando-sostenibilidad-desde-la-agricultura\\\/#primaryimage\"},\"thumbnailUrl\":\"https:\\\/\\\/www2.ual.es\\\/proyecto_aecid_UAL-ENCA\\\/wp-content\\\/uploads\\\/2025\\\/06\\\/Dia-Mundial-del-Medio-Ambiente_-sembrando-sostenibilidad-desde-la-agricultura.jpg\",\"datePublished\":\"2025-06-05T10:47:53+00:00\",\"dateModified\":\"2025-06-05T11:06:12+00:00\",\"description\":\"En el D\u00eda Mundial del Medio Ambiente, celebramos c\u00f3mo la agricultura sostenible pueden proteger el planeta con innovaci\u00f3n y formaci\u00f3n.\",\"breadcrumb\":{\"@id\":\"https:\\\/\\\/www2.ual.es\\\/proyecto_aecid_UAL-ENCA\\\/2025\\\/06\\\/05\\\/dia-del-medio-ambiente-sembrando-sostenibilidad-desde-la-agricultura\\\/#breadcrumb\"},\"inLanguage\":\"es\",\"potentialAction\":[{\"@type\":\"ReadAction\",\"target\":[\"https:\\\/\\\/www2.ual.es\\\/proyecto_aecid_UAL-ENCA\\\/2025\\\/06\\\/05\\\/dia-del-medio-ambiente-sembrando-sostenibilidad-desde-la-agricultura\\\/\"]}]},{\"@type\":\"ImageObject\",\"inLanguage\":\"es\",\"@id\":\"https:\\\/\\\/www2.ual.es\\\/proyecto_aecid_UAL-ENCA\\\/2025\\\/06\\\/05\\\/dia-del-medio-ambiente-sembrando-sostenibilidad-desde-la-agricultura\\\/#primaryimage\",\"url\":\"https:\\\/\\\/www2.ual.es\\\/proyecto_aecid_UAL-ENCA\\\/wp-content\\\/uploads\\\/2025\\\/06\\\/Dia-Mundial-del-Medio-Ambiente_-sembrando-sostenibilidad-desde-la-agricultura.jpg\",\"contentUrl\":\"https:\\\/\\\/www2.ual.es\\\/proyecto_aecid_UAL-ENCA\\\/wp-content\\\/uploads\\\/2025\\\/06\\\/Dia-Mundial-del-Medio-Ambiente_-sembrando-sostenibilidad-desde-la-agricultura.jpg\",\"width\":800,\"height\":534,\"caption\":\"Di\u0301a Mundial del Medio Ambiente_ sembrando sostenibilidad desde la agricultura\"},{\"@type\":\"BreadcrumbList\",\"@id\":\"https:\\\/\\\/www2.ual.es\\\/proyecto_aecid_UAL-ENCA\\\/2025\\\/06\\\/05\\\/dia-del-medio-ambiente-sembrando-sostenibilidad-desde-la-agricultura\\\/#breadcrumb\",\"itemListElement\":[{\"@type\":\"ListItem\",\"position\":1,\"name\":\"Portada\",\"item\":\"https:\\\/\\\/www2.ual.es\\\/proyecto_aecid_UAL-ENCA\\\/\"},{\"@type\":\"ListItem\",\"position\":2,\"name\":\"D\u00eda del Medio Ambiente: sembrando sostenibilidad desde la agricultura\"}]},{\"@type\":\"WebSite\",\"@id\":\"https:\\\/\\\/www2.ual.es\\\/proyecto_aecid_UAL-ENCA\\\/#website\",\"url\":\"https:\\\/\\\/www2.ual.es\\\/proyecto_aecid_UAL-ENCA\\\/\",\"name\":\"Colaboraci\u00f3n UAL\",\"description\":\"Proyecto UAL-ENCA\",\"publisher\":{\"@id\":\"https:\\\/\\\/www2.ual.es\\\/proyecto_aecid_UAL-ENCA\\\/#organization\"},\"potentialAction\":[{\"@type\":\"SearchAction\",\"target\":{\"@type\":\"EntryPoint\",\"urlTemplate\":\"https:\\\/\\\/www2.ual.es\\\/proyecto_aecid_UAL-ENCA\\\/?s={search_term_string}\"},\"query-input\":{\"@type\":\"PropertyValueSpecification\",\"valueRequired\":true,\"valueName\":\"search_term_string\"}}],\"inLanguage\":\"es\"},{\"@type\":\"Organization\",\"@id\":\"https:\\\/\\\/www2.ual.es\\\/proyecto_aecid_UAL-ENCA\\\/#organization\",\"name\":\"Colaboraci\u00f3n UAL\",\"url\":\"https:\\\/\\\/www2.ual.es\\\/proyecto_aecid_UAL-ENCA\\\/\",\"logo\":{\"@type\":\"ImageObject\",\"inLanguage\":\"es\",\"@id\":\"https:\\\/\\\/www2.ual.es\\\/proyecto_aecid_UAL-ENCA\\\/#\\\/schema\\\/logo\\\/image\\\/\",\"url\":\"https:\\\/\\\/www2.ual.es\\\/proyecto_aecid_UAL-ENCA\\\/wp-content\\\/uploads\\\/2025\\\/04\\\/cropped-logoUniversidad.png\",\"contentUrl\":\"https:\\\/\\\/www2.ual.es\\\/proyecto_aecid_UAL-ENCA\\\/wp-content\\\/uploads\\\/2025\\\/04\\\/cropped-logoUniversidad.png\",\"width\":512,\"height\":512,\"caption\":\"Colaboraci\u00f3n UAL\"},\"image\":{\"@id\":\"https:\\\/\\\/www2.ual.es\\\/proyecto_aecid_UAL-ENCA\\\/#\\\/schema\\\/logo\\\/image\\\/\"},\"sameAs\":[\"https:\\\/\\\/www.facebook.com\\\/colaboracion.UAL\",\"https:\\\/\\\/www.instagram.com\\\/colaboracion.ual\",\"https:\\\/\\\/www.tiktok.com\\\/@colaboracion.ual\"]},{\"@type\":\"Person\",\"@id\":\"https:\\\/\\\/www2.ual.es\\\/proyecto_aecid_UAL-ENCA\\\/#\\\/schema\\\/person\\\/972e4dd3b6cef18cd958398d0be27f80\",\"name\":\"enca-admin\",\"image\":{\"@type\":\"ImageObject\",\"inLanguage\":\"es\",\"@id\":\"https:\\\/\\\/secure.gravatar.com\\\/avatar\\\/d3f557e3081c5b56eb83c595e7c177c2d80c9d4a7da37300e7785e1bef6fa5fb?s=96&d=mm&r=g\",\"url\":\"https:\\\/\\\/secure.gravatar.com\\\/avatar\\\/d3f557e3081c5b56eb83c595e7c177c2d80c9d4a7da37300e7785e1bef6fa5fb?s=96&d=mm&r=g\",\"contentUrl\":\"https:\\\/\\\/secure.gravatar.com\\\/avatar\\\/d3f557e3081c5b56eb83c595e7c177c2d80c9d4a7da37300e7785e1bef6fa5fb?s=96&d=mm&r=g\",\"caption\":\"enca-admin\"},\"sameAs\":[\"http:\\\/\\\/www2.ual.es\\\/proyecto_aecid_UAL-ENCA\"],\"url\":\"https:\\\/\\\/www2.ual.es\\\/proyecto_aecid_UAL-ENCA\\\/author\\\/enca-admin\\\/\"}]}<\/script>\n<!-- \/ Yoast SEO plugin. -->","yoast_head_json":{"title":"D\u00eda del Medio Ambiente: sembrando sostenibilidad desde la agricultura - UAL-ENCA","description":"En el D\u00eda Mundial del Medio Ambiente, celebramos c\u00f3mo la agricultura sostenible pueden proteger el planeta con innovaci\u00f3n y formaci\u00f3n.","robots":{"index":"index","follow":"follow","max-snippet":"max-snippet:-1","max-image-preview":"max-image-preview:large","max-video-preview":"max-video-preview:-1"},"canonical":"https:\/\/www2.ual.es\/proyecto_aecid_UAL-ENCA\/2025\/06\/05\/dia-del-medio-ambiente-sembrando-sostenibilidad-desde-la-agricultura\/","og_locale":"es_ES","og_type":"article","og_title":"D\u00eda del Medio Ambiente: sembrando sostenibilidad desde la agricultura - UAL-ENCA","og_description":"En el D\u00eda Mundial del Medio Ambiente, celebramos c\u00f3mo la agricultura sostenible pueden proteger el planeta con innovaci\u00f3n y formaci\u00f3n.","og_url":"https:\/\/www2.ual.es\/proyecto_aecid_UAL-ENCA\/2025\/06\/05\/dia-del-medio-ambiente-sembrando-sostenibilidad-desde-la-agricultura\/","og_site_name":"UAL-ENCA","article_publisher":"https:\/\/www.facebook.com\/colaboracion.UAL","article_published_time":"2025-06-05T10:47:53+00:00","article_modified_time":"2025-06-05T11:06:12+00:00","og_image":[{"width":800,"height":534,"url":"https:\/\/www2.ual.es\/proyecto_aecid_UAL-ENCA\/wp-content\/uploads\/2025\/06\/Dia-Mundial-del-Medio-Ambiente_-sembrando-sostenibilidad-desde-la-agricultura.jpg","type":"image\/jpeg"}],"author":"enca-admin","twitter_card":"summary_large_image","twitter_misc":{"Escrito por":"enca-admin","Tiempo de lectura":"3 minutos"},"schema":{"@context":"https:\/\/schema.org","@graph":[{"@type":"Article","@id":"https:\/\/www2.ual.es\/proyecto_aecid_UAL-ENCA\/2025\/06\/05\/dia-del-medio-ambiente-sembrando-sostenibilidad-desde-la-agricultura\/#article","isPartOf":{"@id":"https:\/\/www2.ual.es\/proyecto_aecid_UAL-ENCA\/2025\/06\/05\/dia-del-medio-ambiente-sembrando-sostenibilidad-desde-la-agricultura\/"},"author":{"name":"enca-admin","@id":"https:\/\/www2.ual.es\/proyecto_aecid_UAL-ENCA\/#\/schema\/person\/972e4dd3b6cef18cd958398d0be27f80"},"headline":"D\u00eda del Medio Ambiente: sembrando sostenibilidad desde la agricultura","datePublished":"2025-06-05T10:47:53+00:00","dateModified":"2025-06-05T11:06:12+00:00","mainEntityOfPage":{"@id":"https:\/\/www2.ual.es\/proyecto_aecid_UAL-ENCA\/2025\/06\/05\/dia-del-medio-ambiente-sembrando-sostenibilidad-desde-la-agricultura\/"},"wordCount":776,"publisher":{"@id":"https:\/\/www2.ual.es\/proyecto_aecid_UAL-ENCA\/#organization"},"image":{"@id":"https:\/\/www2.ual.es\/proyecto_aecid_UAL-ENCA\/2025\/06\/05\/dia-del-medio-ambiente-sembrando-sostenibilidad-desde-la-agricultura\/#primaryimage"},"thumbnailUrl":"https:\/\/www2.ual.es\/proyecto_aecid_UAL-ENCA\/wp-content\/uploads\/2025\/06\/Dia-Mundial-del-Medio-Ambiente_-sembrando-sostenibilidad-desde-la-agricultura.jpg","articleSection":["Costa Rica","Guatemala","Nicaragua"],"inLanguage":"es"},{"@type":"WebPage","@id":"https:\/\/www2.ual.es\/proyecto_aecid_UAL-ENCA\/2025\/06\/05\/dia-del-medio-ambiente-sembrando-sostenibilidad-desde-la-agricultura\/","url":"https:\/\/www2.ual.es\/proyecto_aecid_UAL-ENCA\/2025\/06\/05\/dia-del-medio-ambiente-sembrando-sostenibilidad-desde-la-agricultura\/","name":"D\u00eda del Medio Ambiente: sembrando sostenibilidad desde la agricultura - UAL-ENCA","isPartOf":{"@id":"https:\/\/www2.ual.es\/proyecto_aecid_UAL-ENCA\/#website"},"primaryImageOfPage":{"@id":"https:\/\/www2.ual.es\/proyecto_aecid_UAL-ENCA\/2025\/06\/05\/dia-del-medio-ambiente-sembrando-sostenibilidad-desde-la-agricultura\/#primaryimage"},"image":{"@id":"https:\/\/www2.ual.es\/proyecto_aecid_UAL-ENCA\/2025\/06\/05\/dia-del-medio-ambiente-sembrando-sostenibilidad-desde-la-agricultura\/#primaryimage"},"thumbnailUrl":"https:\/\/www2.ual.es\/proyecto_aecid_UAL-ENCA\/wp-content\/uploads\/2025\/06\/Dia-Mundial-del-Medio-Ambiente_-sembrando-sostenibilidad-desde-la-agricultura.jpg","datePublished":"2025-06-05T10:47:53+00:00","dateModified":"2025-06-05T11:06:12+00:00","description":"En el D\u00eda Mundial del Medio Ambiente, celebramos c\u00f3mo la agricultura sostenible pueden proteger el planeta con innovaci\u00f3n y formaci\u00f3n.","breadcrumb":{"@id":"https:\/\/www2.ual.es\/proyecto_aecid_UAL-ENCA\/2025\/06\/05\/dia-del-medio-ambiente-sembrando-sostenibilidad-desde-la-agricultura\/#breadcrumb"},"inLanguage":"es","potentialAction":[{"@type":"ReadAction","target":["https:\/\/www2.ual.es\/proyecto_aecid_UAL-ENCA\/2025\/06\/05\/dia-del-medio-ambiente-sembrando-sostenibilidad-desde-la-agricultura\/"]}]},{"@type":"ImageObject","inLanguage":"es","@id":"https:\/\/www2.ual.es\/proyecto_aecid_UAL-ENCA\/2025\/06\/05\/dia-del-medio-ambiente-sembrando-sostenibilidad-desde-la-agricultura\/#primaryimage","url":"https:\/\/www2.ual.es\/proyecto_aecid_UAL-ENCA\/wp-content\/uploads\/2025\/06\/Dia-Mundial-del-Medio-Ambiente_-sembrando-sostenibilidad-desde-la-agricultura.jpg","contentUrl":"https:\/\/www2.ual.es\/proyecto_aecid_UAL-ENCA\/wp-content\/uploads\/2025\/06\/Dia-Mundial-del-Medio-Ambiente_-sembrando-sostenibilidad-desde-la-agricultura.jpg","width":800,"height":534,"caption":"Di\u0301a Mundial del Medio Ambiente_ sembrando sostenibilidad desde la agricultura"},{"@type":"BreadcrumbList","@id":"https:\/\/www2.ual.es\/proyecto_aecid_UAL-ENCA\/2025\/06\/05\/dia-del-medio-ambiente-sembrando-sostenibilidad-desde-la-agricultura\/#breadcrumb","itemListElement":[{"@type":"ListItem","position":1,"name":"Portada","item":"https:\/\/www2.ual.es\/proyecto_aecid_UAL-ENCA\/"},{"@type":"ListItem","position":2,"name":"D\u00eda del Medio Ambiente: sembrando sostenibilidad desde la agricultura"}]},{"@type":"WebSite","@id":"https:\/\/www2.ual.es\/proyecto_aecid_UAL-ENCA\/#website","url":"https:\/\/www2.ual.es\/proyecto_aecid_UAL-ENCA\/","name":"Colaboraci\u00f3n UAL","description":"Proyecto UAL-ENCA","publisher":{"@id":"https:\/\/www2.ual.es\/proyecto_aecid_UAL-ENCA\/#organization"},"potentialAction":[{"@type":"SearchAction","target":{"@type":"EntryPoint","urlTemplate":"https:\/\/www2.ual.es\/proyecto_aecid_UAL-ENCA\/?s={search_term_string}"},"query-input":{"@type":"PropertyValueSpecification","valueRequired":true,"valueName":"search_term_string"}}],"inLanguage":"es"},{"@type":"Organization","@id":"https:\/\/www2.ual.es\/proyecto_aecid_UAL-ENCA\/#organization","name":"Colaboraci\u00f3n UAL","url":"https:\/\/www2.ual.es\/proyecto_aecid_UAL-ENCA\/","logo":{"@type":"ImageObject","inLanguage":"es","@id":"https:\/\/www2.ual.es\/proyecto_aecid_UAL-ENCA\/#\/schema\/logo\/image\/","url":"https:\/\/www2.ual.es\/proyecto_aecid_UAL-ENCA\/wp-content\/uploads\/2025\/04\/cropped-logoUniversidad.png","contentUrl":"https:\/\/www2.ual.es\/proyecto_aecid_UAL-ENCA\/wp-content\/uploads\/2025\/04\/cropped-logoUniversidad.png","width":512,"height":512,"caption":"Colaboraci\u00f3n UAL"},"image":{"@id":"https:\/\/www2.ual.es\/proyecto_aecid_UAL-ENCA\/#\/schema\/logo\/image\/"},"sameAs":["https:\/\/www.facebook.com\/colaboracion.UAL","https:\/\/www.instagram.com\/colaboracion.ual","https:\/\/www.tiktok.com\/@colaboracion.ual"]},{"@type":"Person","@id":"https:\/\/www2.ual.es\/proyecto_aecid_UAL-ENCA\/#\/schema\/person\/972e4dd3b6cef18cd958398d0be27f80","name":"enca-admin","image":{"@type":"ImageObject","inLanguage":"es","@id":"https:\/\/secure.gravatar.com\/avatar\/d3f557e3081c5b56eb83c595e7c177c2d80c9d4a7da37300e7785e1bef6fa5fb?s=96&d=mm&r=g","url":"https:\/\/secure.gravatar.com\/avatar\/d3f557e3081c5b56eb83c595e7c177c2d80c9d4a7da37300e7785e1bef6fa5fb?s=96&d=mm&r=g","contentUrl":"https:\/\/secure.gravatar.com\/avatar\/d3f557e3081c5b56eb83c595e7c177c2d80c9d4a7da37300e7785e1bef6fa5fb?s=96&d=mm&r=g","caption":"enca-admin"},"sameAs":["http:\/\/www2.ual.es\/proyecto_aecid_UAL-ENCA"],"url":"https:\/\/www2.ual.es\/proyecto_aecid_UAL-ENCA\/author\/enca-admin\/"}]}},"_links":{"self":[{"href":"https:\/\/www2.ual.es\/proyecto_aecid_UAL-ENCA\/wp-json\/wp\/v2\/posts\/1798","targetHints":{"allow":["GET"]}}],"collection":[{"href":"https:\/\/www2.ual.es\/proyecto_aecid_UAL-ENCA\/wp-json\/wp\/v2\/posts"}],"about":[{"href":"https:\/\/www2.ual.es\/proyecto_aecid_UAL-ENCA\/wp-json\/wp\/v2\/types\/post"}],"author":[{"embeddable":true,"href":"https:\/\/www2.ual.es\/proyecto_aecid_UAL-ENCA\/wp-json\/wp\/v2\/users\/1"}],"replies":[{"embeddable":true,"href":"https:\/\/www2.ual.es\/proyecto_aecid_UAL-ENCA\/wp-json\/wp\/v2\/comments?post=1798"}],"version-history":[{"count":9,"href":"https:\/\/www2.ual.es\/proyecto_aecid_UAL-ENCA\/wp-json\/wp\/v2\/posts\/1798\/revisions"}],"predecessor-version":[{"id":1811,"href":"https:\/\/www2.ual.es\/proyecto_aecid_UAL-ENCA\/wp-json\/wp\/v2\/posts\/1798\/revisions\/1811"}],"wp:featuredmedia":[{"embeddable":true,"href":"https:\/\/www2.ual.es\/proyecto_aecid_UAL-ENCA\/wp-json\/wp\/v2\/media\/1805"}],"wp:attachment":[{"href":"https:\/\/www2.ual.es\/proyecto_aecid_UAL-ENCA\/wp-json\/wp\/v2\/media?parent=1798"}],"wp:term":[{"taxonomy":"category","embeddable":true,"href":"https:\/\/www2.ual.es\/proyecto_aecid_UAL-ENCA\/wp-json\/wp\/v2\/categories?post=1798"},{"taxonomy":"post_tag","embeddable":true,"href":"https:\/\/www2.ual.es\/proyecto_aecid_UAL-ENCA\/wp-json\/wp\/v2\/tags?post=1798"}],"curies":[{"name":"wp","href":"https:\/\/api.w.org\/{rel}","templated":true}]}}