{"id":130,"date":"2025-04-08T09:58:26","date_gmt":"2025-04-08T07:58:26","guid":{"rendered":"http:\/\/localhost\/wordpress\/?p=130"},"modified":"2025-06-05T12:15:02","modified_gmt":"2025-06-05T10:15:02","slug":"produccion-local-como-fortalecer-la-seguridad-alimentaria-en-nicaragua","status":"publish","type":"post","link":"https:\/\/www2.ual.es\/proyecto_aecid_UAL-ENCA\/2025\/04\/08\/produccion-local-como-fortalecer-la-seguridad-alimentaria-en-nicaragua\/","title":{"rendered":"Producci\u00f3n local: c\u00f3mo fortalecer la seguridad alimentaria en Nicaragua"},"content":{"rendered":"\n[et_pb_section fb_built=\u00bb1&#8243; _builder_version=\u00bb4.27.4&#8243; _module_preset=\u00bbdefault\u00bb custom_padding=\u00bb0px||||false|false\u00bb global_colors_info=\u00bb{}\u00bb][et_pb_row _builder_version=\u00bb4.27.4&#8243; _module_preset=\u00bbdefault\u00bb global_colors_info=\u00bb{}\u00bb][et_pb_column type=\u00bb4_4&#8243; _builder_version=\u00bb4.27.4&#8243; _module_preset=\u00bbdefault\u00bb global_colors_info=\u00bb{}\u00bb][et_pb_text _builder_version=\u00bb4.27.4&#8243; _module_preset=\u00bbdefault\u00bb global_colors_info=\u00bb{}\u00bb]<p style=\"text-align: justify; line-height: 150%;\"><span style=\"font-family: 'Arial',sans-serif;\">La<strong> seguridad alimentaria<\/strong> es uno de los principales desaf\u00edos actuales para Nicaragua, especialmente frente a los efectos adversos del cambio clim\u00e1tico y la variabilidad en los patrones agr\u00edcolas. En respuesta a este reto, el proyecto <strong>\u00ab<a href=\"https:\/\/www2.ual.es\/proyecto_aecid_UAL-ENCA\/2025\/04\/01\/empoderamiento-y-sostenibilidad-agricola-innovacion-y-cooperacion-internacional-para-un-futuro-mas-verde\/\">Empoderamiento y Sostenibilidad en la Agricultura<\/a>\u00ab<\/strong>, impulsado por la <strong>Universidad de Almer\u00eda<\/strong> con el apoyo de la<strong> Cooperaci\u00f3n Espa\u00f1ola<\/strong>, <strong>SERCOM Automation<\/strong> y la <strong>Escuela Nacional Central de Agricultura (ENCA)<\/strong>, est\u00e1 implementando modelos innovadores de producci\u00f3n agr\u00edcola local mediante el desarrollo de invernaderos modelo, fortaleciendo as\u00ed significativamente la seguridad alimentaria en el pa\u00eds.<o:p><\/o:p><\/span><\/p>\n<p style=\"text-align: justify; line-height: 150%;\"><img decoding=\"async\" src=\"https:\/\/www2.ual.es\/proyecto_aecid_UAL-ENCA\/wp-content\/uploads\/2025\/04\/PHOTO-2023-03-31-17-19-312.jpg\" \/><span style=\"font-family: 'Arial',sans-serif;\"><\/span><\/p>\n<p style=\"text-align: justify; line-height: 150%;\"><span style=\"font-family: 'Arial',sans-serif;\">La producci\u00f3n local en invernaderos permite reducir la dependencia de factores clim\u00e1ticos externos que suelen poner en riesgo la producci\u00f3n agr\u00edcola convencional. Gracias a la implementaci\u00f3n de estos espacios controlados, es posible garantizar una producci\u00f3n agr\u00edcola constante y segura, aumentando la disponibilidad y estabilidad del suministro de alimentos frescos y nutritivos en comunidades rurales nicarag\u00fcenses.<o:p><\/o:p><\/span><\/p>\n<p style=\"text-align: justify; line-height: 150%;\"><span style=\"font-family: 'Arial',sans-serif;\">Los invernaderos modelo promueven t\u00e9cnicas avanzadas y sostenibles, como el cultivo protegido que mejora notablemente la eficiencia del uso de recursos esenciales como el agua y los nutrientes. La incorporaci\u00f3n de tecnolog\u00edas como sistemas automatizados de riego por goteo y sensores inteligentes permiten administrar de manera precisa los recursos, maximizando la productividad agr\u00edcola local y disminuyendo considerablemente los costos de producci\u00f3n.<o:p><\/o:p><\/span><\/p>\n<p style=\"text-align: justify; line-height: 150%;\"><img decoding=\"async\" src=\"https:\/\/www2.ual.es\/proyecto_aecid_UAL-ENCA\/wp-content\/uploads\/2025\/04\/PHOTO-2023-03-31-17-19-32.jpg\" \/><\/p>\n<p style=\"text-align: justify; line-height: 150%;\"><span style=\"font-family: 'Arial',sans-serif;\">Adem\u00e1s, estos invernaderos fomentan la producci\u00f3n de alimentos cerca del consumidor final, reduciendo los costos asociados al transporte y almacenamiento, al tiempo que minimizan la p\u00e9rdida de alimentos por deterioro en el traslado. Esta cercan\u00eda entre productores y consumidores asegura no solo una mayor frescura y calidad de los alimentos, sino tambi\u00e9n un impacto positivo sobre la econom\u00eda local, generando empleo y mejorando la rentabilidad para los agricultores.<o:p><\/o:p><\/span><\/p>\n<p style=\"text-align: justify; line-height: 150%;\"><span style=\"font-family: 'Arial',sans-serif;\">La contribuci\u00f3n t\u00e9cnica de <strong>SERCOM Automation<\/strong> es esencial para el \u00e9xito de estos modelos productivos, aportando soluciones tecnol\u00f3gicas inteligentes y automatizadas que garantizan eficiencia operativa y sostenibilidad ambiental. Junto con ello, la capacitaci\u00f3n pr\u00e1ctica y educativa que provee la <strong>ENCA<\/strong> bajo su lema <strong>\u00abAprender Haciendo\u00bb<\/strong>, asegura que los agricultores locales adquieran y apliquen t\u00e9cnicas modernas, sostenibles y replicables, fortaleciendo as\u00ed su autonom\u00eda productiva y resiliencia frente a posibles crisis.<o:p><\/o:p><\/span><\/p>\n<p style=\"text-align: justify; line-height: 150%;\"><span style=\"font-family: 'Arial',sans-serif;\"> <img decoding=\"async\" src=\"https:\/\/www2.ual.es\/proyecto_aecid_UAL-ENCA\/wp-content\/uploads\/2025\/04\/PHOTO-2023-11-02-20-38-364.jpg\" \/><\/span><span style=\"font-family: 'Arial',sans-serif;\"><\/span><\/p>\n<p style=\"text-align: justify; line-height: 150%;\"><span style=\"font-family: 'Arial',sans-serif;\">El proyecto tambi\u00e9n pone \u00e9nfasis en la transferencia de conocimientos y tecnolog\u00edas desde la <strong>Universidad de Almer\u00eda<\/strong>, reconocida internacionalmente por su liderazgo en agricultura protegida y sostenible, hacia los productores locales en Nicaragua. Este intercambio permite a los agricultores adoptar m\u00e9todos comprobados para aumentar su productividad y sostenibilidad a largo plazo.<o:p><\/o:p><\/span><\/p>\n<p style=\"text-align: justify; line-height: 150%;\"><span style=\"font-family: 'Arial',sans-serif;\">En definitiva, la producci\u00f3n local a trav\u00e9s de estos invernaderos modelo representa una oportunidad clave para Nicaragua en su b\u00fasqueda de fortalecer la <strong>seguridad alimentaria<\/strong>, generando impactos positivos inmediatos y duraderos en las comunidades rurales, el medio ambiente y la econom\u00eda local.<o:p><\/o:p><\/span><\/p>[\/et_pb_text][\/et_pb_column][\/et_pb_row][\/et_pb_section]\n","protected":false},"excerpt":{"rendered":"<p>La seguridad alimentaria es uno de los principales desaf\u00edos actuales para Nicaragua, especialmente frente a los efectos adversos del cambio clim\u00e1tico y la variabilidad en los patrones agr\u00edcolas. En respuesta a este reto, el proyecto \u00abEmpoderamiento y Sostenibilidad en la Agricultura\u00bb, impulsado por la Universidad de Almer\u00eda con el apoyo de la Cooperaci\u00f3n Espa\u00f1ola, SERCOM [&hellip;]<\/p>\n","protected":false},"author":1,"featured_media":25,"comment_status":"closed","ping_status":"open","sticky":false,"template":"","format":"standard","meta":{"_et_pb_use_builder":"on","_et_pb_old_content":"","_et_gb_content_width":"1080","footnotes":""},"categories":[7],"tags":[],"class_list":["post-130","post","type-post","status-publish","format-standard","has-post-thumbnail","hentry","category-nicaragua"],"yoast_head":"<!-- This site is optimized with the Yoast SEO plugin v27.4 - https:\/\/yoast.com\/product\/yoast-seo-wordpress\/ -->\n<title>Producci\u00f3n local: c\u00f3mo fortalecer la seguridad alimentaria en Nicaragua - UAL-ENCA<\/title>\n<meta name=\"description\" content=\"Invernaderos modelo impulsan la producci\u00f3n local en Nicaragua, fortaleciendo la seguridad alimentaria con tecnolog\u00eda sostenible y formaci\u00f3n.\" \/>\n<meta name=\"robots\" content=\"index, follow, max-snippet:-1, max-image-preview:large, max-video-preview:-1\" \/>\n<link rel=\"canonical\" href=\"https:\/\/www2.ual.es\/proyecto_aecid_UAL-ENCA\/2025\/04\/08\/produccion-local-como-fortalecer-la-seguridad-alimentaria-en-nicaragua\/\" \/>\n<meta property=\"og:locale\" content=\"es_ES\" \/>\n<meta property=\"og:type\" content=\"article\" \/>\n<meta property=\"og:title\" content=\"Producci\u00f3n local: c\u00f3mo fortalecer la seguridad alimentaria en Nicaragua - UAL-ENCA\" \/>\n<meta property=\"og:description\" content=\"Invernaderos modelo impulsan la producci\u00f3n local en Nicaragua, fortaleciendo la seguridad alimentaria con tecnolog\u00eda sostenible y formaci\u00f3n.\" \/>\n<meta property=\"og:url\" content=\"https:\/\/www2.ual.es\/proyecto_aecid_UAL-ENCA\/2025\/04\/08\/produccion-local-como-fortalecer-la-seguridad-alimentaria-en-nicaragua\/\" \/>\n<meta property=\"og:site_name\" content=\"UAL-ENCA\" \/>\n<meta property=\"article:publisher\" content=\"https:\/\/www.facebook.com\/colaboracion.UAL\" \/>\n<meta property=\"article:published_time\" content=\"2025-04-08T07:58:26+00:00\" \/>\n<meta property=\"article:modified_time\" content=\"2025-06-05T10:15:02+00:00\" \/>\n<meta property=\"og:image\" content=\"https:\/\/www2.ual.es\/proyecto_aecid_UAL-ENCA\/wp-content\/uploads\/2025\/04\/PHOTO-2023-11-02-20-38-351-1.jpg\" \/>\n\t<meta property=\"og:image:width\" content=\"780\" \/>\n\t<meta property=\"og:image:height\" content=\"711\" \/>\n\t<meta property=\"og:image:type\" content=\"image\/jpeg\" \/>\n<meta name=\"author\" content=\"enca-admin\" \/>\n<meta name=\"twitter:card\" content=\"summary_large_image\" \/>\n<meta name=\"twitter:label1\" content=\"Escrito por\" \/>\n\t<meta name=\"twitter:data1\" content=\"enca-admin\" \/>\n\t<meta name=\"twitter:label2\" content=\"Tiempo de lectura\" \/>\n\t<meta name=\"twitter:data2\" content=\"3 minutos\" \/>\n<script type=\"application\/ld+json\" class=\"yoast-schema-graph\">{\"@context\":\"https:\\\/\\\/schema.org\",\"@graph\":[{\"@type\":\"Article\",\"@id\":\"https:\\\/\\\/www2.ual.es\\\/proyecto_aecid_UAL-ENCA\\\/2025\\\/04\\\/08\\\/produccion-local-como-fortalecer-la-seguridad-alimentaria-en-nicaragua\\\/#article\",\"isPartOf\":{\"@id\":\"https:\\\/\\\/www2.ual.es\\\/proyecto_aecid_UAL-ENCA\\\/2025\\\/04\\\/08\\\/produccion-local-como-fortalecer-la-seguridad-alimentaria-en-nicaragua\\\/\"},\"author\":{\"name\":\"enca-admin\",\"@id\":\"https:\\\/\\\/www2.ual.es\\\/proyecto_aecid_UAL-ENCA\\\/#\\\/schema\\\/person\\\/972e4dd3b6cef18cd958398d0be27f80\"},\"headline\":\"Producci\u00f3n local: c\u00f3mo fortalecer la seguridad alimentaria en Nicaragua\",\"datePublished\":\"2025-04-08T07:58:26+00:00\",\"dateModified\":\"2025-06-05T10:15:02+00:00\",\"mainEntityOfPage\":{\"@id\":\"https:\\\/\\\/www2.ual.es\\\/proyecto_aecid_UAL-ENCA\\\/2025\\\/04\\\/08\\\/produccion-local-como-fortalecer-la-seguridad-alimentaria-en-nicaragua\\\/\"},\"wordCount\":551,\"publisher\":{\"@id\":\"https:\\\/\\\/www2.ual.es\\\/proyecto_aecid_UAL-ENCA\\\/#organization\"},\"image\":{\"@id\":\"https:\\\/\\\/www2.ual.es\\\/proyecto_aecid_UAL-ENCA\\\/2025\\\/04\\\/08\\\/produccion-local-como-fortalecer-la-seguridad-alimentaria-en-nicaragua\\\/#primaryimage\"},\"thumbnailUrl\":\"https:\\\/\\\/www2.ual.es\\\/proyecto_aecid_UAL-ENCA\\\/wp-content\\\/uploads\\\/2025\\\/04\\\/PHOTO-2023-11-02-20-38-351-1.jpg\",\"articleSection\":[\"Nicaragua\"],\"inLanguage\":\"es\"},{\"@type\":\"WebPage\",\"@id\":\"https:\\\/\\\/www2.ual.es\\\/proyecto_aecid_UAL-ENCA\\\/2025\\\/04\\\/08\\\/produccion-local-como-fortalecer-la-seguridad-alimentaria-en-nicaragua\\\/\",\"url\":\"https:\\\/\\\/www2.ual.es\\\/proyecto_aecid_UAL-ENCA\\\/2025\\\/04\\\/08\\\/produccion-local-como-fortalecer-la-seguridad-alimentaria-en-nicaragua\\\/\",\"name\":\"Producci\u00f3n local: c\u00f3mo fortalecer la seguridad alimentaria en Nicaragua - UAL-ENCA\",\"isPartOf\":{\"@id\":\"https:\\\/\\\/www2.ual.es\\\/proyecto_aecid_UAL-ENCA\\\/#website\"},\"primaryImageOfPage\":{\"@id\":\"https:\\\/\\\/www2.ual.es\\\/proyecto_aecid_UAL-ENCA\\\/2025\\\/04\\\/08\\\/produccion-local-como-fortalecer-la-seguridad-alimentaria-en-nicaragua\\\/#primaryimage\"},\"image\":{\"@id\":\"https:\\\/\\\/www2.ual.es\\\/proyecto_aecid_UAL-ENCA\\\/2025\\\/04\\\/08\\\/produccion-local-como-fortalecer-la-seguridad-alimentaria-en-nicaragua\\\/#primaryimage\"},\"thumbnailUrl\":\"https:\\\/\\\/www2.ual.es\\\/proyecto_aecid_UAL-ENCA\\\/wp-content\\\/uploads\\\/2025\\\/04\\\/PHOTO-2023-11-02-20-38-351-1.jpg\",\"datePublished\":\"2025-04-08T07:58:26+00:00\",\"dateModified\":\"2025-06-05T10:15:02+00:00\",\"description\":\"Invernaderos modelo impulsan la producci\u00f3n local en Nicaragua, fortaleciendo la seguridad alimentaria con tecnolog\u00eda sostenible y formaci\u00f3n.\",\"breadcrumb\":{\"@id\":\"https:\\\/\\\/www2.ual.es\\\/proyecto_aecid_UAL-ENCA\\\/2025\\\/04\\\/08\\\/produccion-local-como-fortalecer-la-seguridad-alimentaria-en-nicaragua\\\/#breadcrumb\"},\"inLanguage\":\"es\",\"potentialAction\":[{\"@type\":\"ReadAction\",\"target\":[\"https:\\\/\\\/www2.ual.es\\\/proyecto_aecid_UAL-ENCA\\\/2025\\\/04\\\/08\\\/produccion-local-como-fortalecer-la-seguridad-alimentaria-en-nicaragua\\\/\"]}]},{\"@type\":\"ImageObject\",\"inLanguage\":\"es\",\"@id\":\"https:\\\/\\\/www2.ual.es\\\/proyecto_aecid_UAL-ENCA\\\/2025\\\/04\\\/08\\\/produccion-local-como-fortalecer-la-seguridad-alimentaria-en-nicaragua\\\/#primaryimage\",\"url\":\"https:\\\/\\\/www2.ual.es\\\/proyecto_aecid_UAL-ENCA\\\/wp-content\\\/uploads\\\/2025\\\/04\\\/PHOTO-2023-11-02-20-38-351-1.jpg\",\"contentUrl\":\"https:\\\/\\\/www2.ual.es\\\/proyecto_aecid_UAL-ENCA\\\/wp-content\\\/uploads\\\/2025\\\/04\\\/PHOTO-2023-11-02-20-38-351-1.jpg\",\"width\":780,\"height\":711,\"caption\":\"Seguridad alimentaria- pimientos\"},{\"@type\":\"BreadcrumbList\",\"@id\":\"https:\\\/\\\/www2.ual.es\\\/proyecto_aecid_UAL-ENCA\\\/2025\\\/04\\\/08\\\/produccion-local-como-fortalecer-la-seguridad-alimentaria-en-nicaragua\\\/#breadcrumb\",\"itemListElement\":[{\"@type\":\"ListItem\",\"position\":1,\"name\":\"Portada\",\"item\":\"https:\\\/\\\/www2.ual.es\\\/proyecto_aecid_UAL-ENCA\\\/\"},{\"@type\":\"ListItem\",\"position\":2,\"name\":\"Producci\u00f3n local: c\u00f3mo fortalecer la seguridad alimentaria en Nicaragua\"}]},{\"@type\":\"WebSite\",\"@id\":\"https:\\\/\\\/www2.ual.es\\\/proyecto_aecid_UAL-ENCA\\\/#website\",\"url\":\"https:\\\/\\\/www2.ual.es\\\/proyecto_aecid_UAL-ENCA\\\/\",\"name\":\"Colaboraci\u00f3n UAL\",\"description\":\"Proyecto UAL-ENCA\",\"publisher\":{\"@id\":\"https:\\\/\\\/www2.ual.es\\\/proyecto_aecid_UAL-ENCA\\\/#organization\"},\"potentialAction\":[{\"@type\":\"SearchAction\",\"target\":{\"@type\":\"EntryPoint\",\"urlTemplate\":\"https:\\\/\\\/www2.ual.es\\\/proyecto_aecid_UAL-ENCA\\\/?s={search_term_string}\"},\"query-input\":{\"@type\":\"PropertyValueSpecification\",\"valueRequired\":true,\"valueName\":\"search_term_string\"}}],\"inLanguage\":\"es\"},{\"@type\":\"Organization\",\"@id\":\"https:\\\/\\\/www2.ual.es\\\/proyecto_aecid_UAL-ENCA\\\/#organization\",\"name\":\"Colaboraci\u00f3n UAL\",\"url\":\"https:\\\/\\\/www2.ual.es\\\/proyecto_aecid_UAL-ENCA\\\/\",\"logo\":{\"@type\":\"ImageObject\",\"inLanguage\":\"es\",\"@id\":\"https:\\\/\\\/www2.ual.es\\\/proyecto_aecid_UAL-ENCA\\\/#\\\/schema\\\/logo\\\/image\\\/\",\"url\":\"https:\\\/\\\/www2.ual.es\\\/proyecto_aecid_UAL-ENCA\\\/wp-content\\\/uploads\\\/2025\\\/04\\\/cropped-logoUniversidad.png\",\"contentUrl\":\"https:\\\/\\\/www2.ual.es\\\/proyecto_aecid_UAL-ENCA\\\/wp-content\\\/uploads\\\/2025\\\/04\\\/cropped-logoUniversidad.png\",\"width\":512,\"height\":512,\"caption\":\"Colaboraci\u00f3n UAL\"},\"image\":{\"@id\":\"https:\\\/\\\/www2.ual.es\\\/proyecto_aecid_UAL-ENCA\\\/#\\\/schema\\\/logo\\\/image\\\/\"},\"sameAs\":[\"https:\\\/\\\/www.facebook.com\\\/colaboracion.UAL\",\"https:\\\/\\\/www.instagram.com\\\/colaboracion.ual\",\"https:\\\/\\\/www.tiktok.com\\\/@colaboracion.ual\"]},{\"@type\":\"Person\",\"@id\":\"https:\\\/\\\/www2.ual.es\\\/proyecto_aecid_UAL-ENCA\\\/#\\\/schema\\\/person\\\/972e4dd3b6cef18cd958398d0be27f80\",\"name\":\"enca-admin\",\"image\":{\"@type\":\"ImageObject\",\"inLanguage\":\"es\",\"@id\":\"https:\\\/\\\/secure.gravatar.com\\\/avatar\\\/d3f557e3081c5b56eb83c595e7c177c2d80c9d4a7da37300e7785e1bef6fa5fb?s=96&d=mm&r=g\",\"url\":\"https:\\\/\\\/secure.gravatar.com\\\/avatar\\\/d3f557e3081c5b56eb83c595e7c177c2d80c9d4a7da37300e7785e1bef6fa5fb?s=96&d=mm&r=g\",\"contentUrl\":\"https:\\\/\\\/secure.gravatar.com\\\/avatar\\\/d3f557e3081c5b56eb83c595e7c177c2d80c9d4a7da37300e7785e1bef6fa5fb?s=96&d=mm&r=g\",\"caption\":\"enca-admin\"},\"sameAs\":[\"http:\\\/\\\/www2.ual.es\\\/proyecto_aecid_UAL-ENCA\"],\"url\":\"https:\\\/\\\/www2.ual.es\\\/proyecto_aecid_UAL-ENCA\\\/author\\\/enca-admin\\\/\"}]}<\/script>\n<!-- \/ Yoast SEO plugin. -->","yoast_head_json":{"title":"Producci\u00f3n local: c\u00f3mo fortalecer la seguridad alimentaria en Nicaragua - UAL-ENCA","description":"Invernaderos modelo impulsan la producci\u00f3n local en Nicaragua, fortaleciendo la seguridad alimentaria con tecnolog\u00eda sostenible y formaci\u00f3n.","robots":{"index":"index","follow":"follow","max-snippet":"max-snippet:-1","max-image-preview":"max-image-preview:large","max-video-preview":"max-video-preview:-1"},"canonical":"https:\/\/www2.ual.es\/proyecto_aecid_UAL-ENCA\/2025\/04\/08\/produccion-local-como-fortalecer-la-seguridad-alimentaria-en-nicaragua\/","og_locale":"es_ES","og_type":"article","og_title":"Producci\u00f3n local: c\u00f3mo fortalecer la seguridad alimentaria en Nicaragua - UAL-ENCA","og_description":"Invernaderos modelo impulsan la producci\u00f3n local en Nicaragua, fortaleciendo la seguridad alimentaria con tecnolog\u00eda sostenible y formaci\u00f3n.","og_url":"https:\/\/www2.ual.es\/proyecto_aecid_UAL-ENCA\/2025\/04\/08\/produccion-local-como-fortalecer-la-seguridad-alimentaria-en-nicaragua\/","og_site_name":"UAL-ENCA","article_publisher":"https:\/\/www.facebook.com\/colaboracion.UAL","article_published_time":"2025-04-08T07:58:26+00:00","article_modified_time":"2025-06-05T10:15:02+00:00","og_image":[{"width":780,"height":711,"url":"https:\/\/www2.ual.es\/proyecto_aecid_UAL-ENCA\/wp-content\/uploads\/2025\/04\/PHOTO-2023-11-02-20-38-351-1.jpg","type":"image\/jpeg"}],"author":"enca-admin","twitter_card":"summary_large_image","twitter_misc":{"Escrito por":"enca-admin","Tiempo de lectura":"3 minutos"},"schema":{"@context":"https:\/\/schema.org","@graph":[{"@type":"Article","@id":"https:\/\/www2.ual.es\/proyecto_aecid_UAL-ENCA\/2025\/04\/08\/produccion-local-como-fortalecer-la-seguridad-alimentaria-en-nicaragua\/#article","isPartOf":{"@id":"https:\/\/www2.ual.es\/proyecto_aecid_UAL-ENCA\/2025\/04\/08\/produccion-local-como-fortalecer-la-seguridad-alimentaria-en-nicaragua\/"},"author":{"name":"enca-admin","@id":"https:\/\/www2.ual.es\/proyecto_aecid_UAL-ENCA\/#\/schema\/person\/972e4dd3b6cef18cd958398d0be27f80"},"headline":"Producci\u00f3n local: c\u00f3mo fortalecer la seguridad alimentaria en Nicaragua","datePublished":"2025-04-08T07:58:26+00:00","dateModified":"2025-06-05T10:15:02+00:00","mainEntityOfPage":{"@id":"https:\/\/www2.ual.es\/proyecto_aecid_UAL-ENCA\/2025\/04\/08\/produccion-local-como-fortalecer-la-seguridad-alimentaria-en-nicaragua\/"},"wordCount":551,"publisher":{"@id":"https:\/\/www2.ual.es\/proyecto_aecid_UAL-ENCA\/#organization"},"image":{"@id":"https:\/\/www2.ual.es\/proyecto_aecid_UAL-ENCA\/2025\/04\/08\/produccion-local-como-fortalecer-la-seguridad-alimentaria-en-nicaragua\/#primaryimage"},"thumbnailUrl":"https:\/\/www2.ual.es\/proyecto_aecid_UAL-ENCA\/wp-content\/uploads\/2025\/04\/PHOTO-2023-11-02-20-38-351-1.jpg","articleSection":["Nicaragua"],"inLanguage":"es"},{"@type":"WebPage","@id":"https:\/\/www2.ual.es\/proyecto_aecid_UAL-ENCA\/2025\/04\/08\/produccion-local-como-fortalecer-la-seguridad-alimentaria-en-nicaragua\/","url":"https:\/\/www2.ual.es\/proyecto_aecid_UAL-ENCA\/2025\/04\/08\/produccion-local-como-fortalecer-la-seguridad-alimentaria-en-nicaragua\/","name":"Producci\u00f3n local: c\u00f3mo fortalecer la seguridad alimentaria en Nicaragua - UAL-ENCA","isPartOf":{"@id":"https:\/\/www2.ual.es\/proyecto_aecid_UAL-ENCA\/#website"},"primaryImageOfPage":{"@id":"https:\/\/www2.ual.es\/proyecto_aecid_UAL-ENCA\/2025\/04\/08\/produccion-local-como-fortalecer-la-seguridad-alimentaria-en-nicaragua\/#primaryimage"},"image":{"@id":"https:\/\/www2.ual.es\/proyecto_aecid_UAL-ENCA\/2025\/04\/08\/produccion-local-como-fortalecer-la-seguridad-alimentaria-en-nicaragua\/#primaryimage"},"thumbnailUrl":"https:\/\/www2.ual.es\/proyecto_aecid_UAL-ENCA\/wp-content\/uploads\/2025\/04\/PHOTO-2023-11-02-20-38-351-1.jpg","datePublished":"2025-04-08T07:58:26+00:00","dateModified":"2025-06-05T10:15:02+00:00","description":"Invernaderos modelo impulsan la producci\u00f3n local en Nicaragua, fortaleciendo la seguridad alimentaria con tecnolog\u00eda sostenible y formaci\u00f3n.","breadcrumb":{"@id":"https:\/\/www2.ual.es\/proyecto_aecid_UAL-ENCA\/2025\/04\/08\/produccion-local-como-fortalecer-la-seguridad-alimentaria-en-nicaragua\/#breadcrumb"},"inLanguage":"es","potentialAction":[{"@type":"ReadAction","target":["https:\/\/www2.ual.es\/proyecto_aecid_UAL-ENCA\/2025\/04\/08\/produccion-local-como-fortalecer-la-seguridad-alimentaria-en-nicaragua\/"]}]},{"@type":"ImageObject","inLanguage":"es","@id":"https:\/\/www2.ual.es\/proyecto_aecid_UAL-ENCA\/2025\/04\/08\/produccion-local-como-fortalecer-la-seguridad-alimentaria-en-nicaragua\/#primaryimage","url":"https:\/\/www2.ual.es\/proyecto_aecid_UAL-ENCA\/wp-content\/uploads\/2025\/04\/PHOTO-2023-11-02-20-38-351-1.jpg","contentUrl":"https:\/\/www2.ual.es\/proyecto_aecid_UAL-ENCA\/wp-content\/uploads\/2025\/04\/PHOTO-2023-11-02-20-38-351-1.jpg","width":780,"height":711,"caption":"Seguridad alimentaria- pimientos"},{"@type":"BreadcrumbList","@id":"https:\/\/www2.ual.es\/proyecto_aecid_UAL-ENCA\/2025\/04\/08\/produccion-local-como-fortalecer-la-seguridad-alimentaria-en-nicaragua\/#breadcrumb","itemListElement":[{"@type":"ListItem","position":1,"name":"Portada","item":"https:\/\/www2.ual.es\/proyecto_aecid_UAL-ENCA\/"},{"@type":"ListItem","position":2,"name":"Producci\u00f3n local: c\u00f3mo fortalecer la seguridad alimentaria en Nicaragua"}]},{"@type":"WebSite","@id":"https:\/\/www2.ual.es\/proyecto_aecid_UAL-ENCA\/#website","url":"https:\/\/www2.ual.es\/proyecto_aecid_UAL-ENCA\/","name":"Colaboraci\u00f3n UAL","description":"Proyecto UAL-ENCA","publisher":{"@id":"https:\/\/www2.ual.es\/proyecto_aecid_UAL-ENCA\/#organization"},"potentialAction":[{"@type":"SearchAction","target":{"@type":"EntryPoint","urlTemplate":"https:\/\/www2.ual.es\/proyecto_aecid_UAL-ENCA\/?s={search_term_string}"},"query-input":{"@type":"PropertyValueSpecification","valueRequired":true,"valueName":"search_term_string"}}],"inLanguage":"es"},{"@type":"Organization","@id":"https:\/\/www2.ual.es\/proyecto_aecid_UAL-ENCA\/#organization","name":"Colaboraci\u00f3n UAL","url":"https:\/\/www2.ual.es\/proyecto_aecid_UAL-ENCA\/","logo":{"@type":"ImageObject","inLanguage":"es","@id":"https:\/\/www2.ual.es\/proyecto_aecid_UAL-ENCA\/#\/schema\/logo\/image\/","url":"https:\/\/www2.ual.es\/proyecto_aecid_UAL-ENCA\/wp-content\/uploads\/2025\/04\/cropped-logoUniversidad.png","contentUrl":"https:\/\/www2.ual.es\/proyecto_aecid_UAL-ENCA\/wp-content\/uploads\/2025\/04\/cropped-logoUniversidad.png","width":512,"height":512,"caption":"Colaboraci\u00f3n UAL"},"image":{"@id":"https:\/\/www2.ual.es\/proyecto_aecid_UAL-ENCA\/#\/schema\/logo\/image\/"},"sameAs":["https:\/\/www.facebook.com\/colaboracion.UAL","https:\/\/www.instagram.com\/colaboracion.ual","https:\/\/www.tiktok.com\/@colaboracion.ual"]},{"@type":"Person","@id":"https:\/\/www2.ual.es\/proyecto_aecid_UAL-ENCA\/#\/schema\/person\/972e4dd3b6cef18cd958398d0be27f80","name":"enca-admin","image":{"@type":"ImageObject","inLanguage":"es","@id":"https:\/\/secure.gravatar.com\/avatar\/d3f557e3081c5b56eb83c595e7c177c2d80c9d4a7da37300e7785e1bef6fa5fb?s=96&d=mm&r=g","url":"https:\/\/secure.gravatar.com\/avatar\/d3f557e3081c5b56eb83c595e7c177c2d80c9d4a7da37300e7785e1bef6fa5fb?s=96&d=mm&r=g","contentUrl":"https:\/\/secure.gravatar.com\/avatar\/d3f557e3081c5b56eb83c595e7c177c2d80c9d4a7da37300e7785e1bef6fa5fb?s=96&d=mm&r=g","caption":"enca-admin"},"sameAs":["http:\/\/www2.ual.es\/proyecto_aecid_UAL-ENCA"],"url":"https:\/\/www2.ual.es\/proyecto_aecid_UAL-ENCA\/author\/enca-admin\/"}]}},"_links":{"self":[{"href":"https:\/\/www2.ual.es\/proyecto_aecid_UAL-ENCA\/wp-json\/wp\/v2\/posts\/130","targetHints":{"allow":["GET"]}}],"collection":[{"href":"https:\/\/www2.ual.es\/proyecto_aecid_UAL-ENCA\/wp-json\/wp\/v2\/posts"}],"about":[{"href":"https:\/\/www2.ual.es\/proyecto_aecid_UAL-ENCA\/wp-json\/wp\/v2\/types\/post"}],"author":[{"embeddable":true,"href":"https:\/\/www2.ual.es\/proyecto_aecid_UAL-ENCA\/wp-json\/wp\/v2\/users\/1"}],"replies":[{"embeddable":true,"href":"https:\/\/www2.ual.es\/proyecto_aecid_UAL-ENCA\/wp-json\/wp\/v2\/comments?post=130"}],"version-history":[{"count":8,"href":"https:\/\/www2.ual.es\/proyecto_aecid_UAL-ENCA\/wp-json\/wp\/v2\/posts\/130\/revisions"}],"predecessor-version":[{"id":1784,"href":"https:\/\/www2.ual.es\/proyecto_aecid_UAL-ENCA\/wp-json\/wp\/v2\/posts\/130\/revisions\/1784"}],"wp:featuredmedia":[{"embeddable":true,"href":"https:\/\/www2.ual.es\/proyecto_aecid_UAL-ENCA\/wp-json\/wp\/v2\/media\/25"}],"wp:attachment":[{"href":"https:\/\/www2.ual.es\/proyecto_aecid_UAL-ENCA\/wp-json\/wp\/v2\/media?parent=130"}],"wp:term":[{"taxonomy":"category","embeddable":true,"href":"https:\/\/www2.ual.es\/proyecto_aecid_UAL-ENCA\/wp-json\/wp\/v2\/categories?post=130"},{"taxonomy":"post_tag","embeddable":true,"href":"https:\/\/www2.ual.es\/proyecto_aecid_UAL-ENCA\/wp-json\/wp\/v2\/tags?post=130"}],"curies":[{"name":"wp","href":"https:\/\/api.w.org\/{rel}","templated":true}]}}