{"id":11555,"date":"2026-04-26T16:15:58","date_gmt":"2026-04-26T15:15:58","guid":{"rendered":"https:\/\/www2.ual.es\/neotrie\/?p=11555"},"modified":"2026-04-26T16:16:01","modified_gmt":"2026-04-26T15:16:01","slug":"exposicion-paseo-matematico-al-andalus-en-sao-paulo-brasil","status":"publish","type":"post","link":"https:\/\/www2.ual.es\/neotrie\/exposicion-paseo-matematico-al-andalus-en-sao-paulo-brasil\/","title":{"rendered":"Exposici\u00f3n Paseo Matem\u00e1tico Al-\u00c1ndalus en S\u00e3o Paulo (Brasil)"},"content":{"rendered":"\n<p><a href=\"https:\/\/www.google.com\/maps\/search\/?api=1&amp;query=Avenida+Paulista%2C+2439+%28Metr%C3%B4+Consola%C3%A7%C3%A3o%29\" target=\"_blank\" rel=\"noreferrer noopener\">Ubicaci\u00f3n<\/a><\/p>\n\n\n\n<figure class=\"wp-block-image size-large\"><img loading=\"lazy\" decoding=\"async\" width=\"1024\" height=\"494\" src=\"https:\/\/www2.ual.es\/neotrie\/wp-content\/uploads\/2026\/04\/cabecera-2-1024x494.png\" alt=\"\" class=\"wp-image-11561\" srcset=\"https:\/\/www2.ual.es\/neotrie\/wp-content\/uploads\/2026\/04\/cabecera-2-980x473.png 980w, https:\/\/www2.ual.es\/neotrie\/wp-content\/uploads\/2026\/04\/cabecera-2-480x231.png 480w\" sizes=\"(min-width: 0px) and (max-width: 480px) 480px, (min-width: 481px) and (max-width: 980px) 980px, (min-width: 981px) 1024px, 100vw\" \/><\/figure>\n\n\n\n<p>Durante las jornadas del 14 de abril al 30 de mayo en el Instituto Cervantes en S\u00e3o Paulo (Brasil), se ha celebrado la exposici\u00f3n &#8220;Paseo Matem\u00e1tico al-\u00c1ndalus\u201d de la Fundaci\u00f3n Descubre \/ Consejer\u00eda de Universidad, Investigaci\u00f3n e Innovaci\u00f3n de la Junta de Andaluc\u00eda.<\/p>\n\n\n\n<p>Este evento ha sido posible gracias a la colaboraci\u00f3n del Instituto Cervantes, la Fundaci\u00f3n Descubre y el Instituto de Cultura \u00c1rabe (ICARABE). La exposici\u00f3n muestra la influencia de las matem\u00e1ticas en el legado musulm\u00e1n durante el periodo andalus\u00ed (711\u20131492), presentando conceptos como la simetr\u00eda, la proporci\u00f3n, la jerarqu\u00eda, los nodos, los arcos y las curvas.<\/p>\n\n\n\n<p>Durante la exposici\u00f3n, totalmente gratuita, los visitantes pod\u00edan asistir a diversas conferencias y talleres, como el impartido por \u00c1lvaro Mart\u00ednez Sevilla, director del proyecto Paseos Matem\u00e1ticos de la Universidad de Granada, en el que se explicaba la relaci\u00f3n entre las matem\u00e1ticas y el patrimonio andalus\u00ed. A continuaci\u00f3n, era el turno del taller \u00abRealidad virtual y arquitectura andalus\u00ed\u00bb, impartido por Jos\u00e9 Luis Rodr\u00edguez Blancas, donde los asistentes pod\u00edan experimentar de forma directa el uso de la realidad virtual aplicada a la comprensi\u00f3n de espacios arquitect\u00f3nicos y conceptos geom\u00e9tricos.<\/p>\n\n\n\n<p>La realizaci\u00f3n de este taller se suma a otras iniciativas que tienen como objetivo demostrar la utilidad de la realidad virtual en el aprendizaje de la geometr\u00eda.<\/p>\n\n\n\n<p>Al equipo de NeoTrie le gustar\u00eda agradecer a las instituciones y personas implicadas en la organizaci\u00f3n del evento la posibilidad de formar parte de este tipo de iniciativas, en las que se ense\u00f1a la importancia de las matem\u00e1ticas desde una perspectiva m\u00e1s l\u00fadica.<\/p>\n","protected":false},"excerpt":{"rendered":"<p>Ubicaci\u00f3n Durante las jornadas del 14 de abril al 30 de mayo en el Instituto Cervantes en S\u00e3o Paulo (Brasil), se ha celebrado la exposici\u00f3n &#8220;Paseo Matem\u00e1tico al-\u00c1ndalus\u201d de la Fundaci\u00f3n Descubre \/ Consejer\u00eda de Universidad, Investigaci\u00f3n e Innovaci\u00f3n de la Junta de Andaluc\u00eda. Este evento ha sido posible gracias a la colaboraci\u00f3n del Instituto [&hellip;]<\/p>\n","protected":false},"author":340,"featured_media":0,"comment_status":"open","ping_status":"open","sticky":false,"template":"","format":"standard","meta":{"_et_pb_use_builder":"","_et_pb_old_content":"","_et_gb_content_width":"","om_disable_all_campaigns":false,"_monsterinsights_skip_tracking":false,"_monsterinsights_sitenote_active":false,"_monsterinsights_sitenote_note":"","_monsterinsights_sitenote_category":0,"footnotes":""},"categories":[11],"tags":[],"class_list":["post-11555","post","type-post","status-publish","format-standard","hentry","category-secundaria"],"aioseo_notices":[],"views":7,"_links":{"self":[{"href":"https:\/\/www2.ual.es\/neotrie\/wp-json\/wp\/v2\/posts\/11555","targetHints":{"allow":["GET"]}}],"collection":[{"href":"https:\/\/www2.ual.es\/neotrie\/wp-json\/wp\/v2\/posts"}],"about":[{"href":"https:\/\/www2.ual.es\/neotrie\/wp-json\/wp\/v2\/types\/post"}],"author":[{"embeddable":true,"href":"https:\/\/www2.ual.es\/neotrie\/wp-json\/wp\/v2\/users\/340"}],"replies":[{"embeddable":true,"href":"https:\/\/www2.ual.es\/neotrie\/wp-json\/wp\/v2\/comments?post=11555"}],"version-history":[{"count":3,"href":"https:\/\/www2.ual.es\/neotrie\/wp-json\/wp\/v2\/posts\/11555\/revisions"}],"predecessor-version":[{"id":11562,"href":"https:\/\/www2.ual.es\/neotrie\/wp-json\/wp\/v2\/posts\/11555\/revisions\/11562"}],"wp:attachment":[{"href":"https:\/\/www2.ual.es\/neotrie\/wp-json\/wp\/v2\/media?parent=11555"}],"wp:term":[{"taxonomy":"category","embeddable":true,"href":"https:\/\/www2.ual.es\/neotrie\/wp-json\/wp\/v2\/categories?post=11555"},{"taxonomy":"post_tag","embeddable":true,"href":"https:\/\/www2.ual.es\/neotrie\/wp-json\/wp\/v2\/tags?post=11555"}],"curies":[{"name":"wp","href":"https:\/\/api.w.org\/{rel}","templated":true}]}}